{"id":11668,"date":"2026-01-21T09:00:00","date_gmt":"2026-01-21T08:00:00","guid":{"rendered":"https:\/\/www.parkingmycar.it\/blog\/?p=11668"},"modified":"2026-02-23T15:49:09","modified_gmt":"2026-02-23T14:49:09","slug":"patente-novita","status":"publish","type":"post","link":"https:\/\/www.parkingmycar.it\/blog\/patente-novita\/","title":{"rendered":"Patente novit\u00e0 2026: cosa cambia davvero per chi guida"},"content":{"rendered":"\n<div class=\"wp-block-rank-math-toc-block\" id=\"rank-math-toc\"><p><strong>In questo articolo:<\/strong><\/p><nav><ul><li class=\"\"><a href=\"#piu-pratica-meno-formalita-come-ottenere-la-patente-b\">Esame patente B: come ottenerla<\/a><ul><li class=\"\"><a href=\"#il-percorso-in-quattro-moduli\">Percorso di scuola guida in quattro moduli<\/a><ul><li class=\"\"><a href=\"#modulo-a-le-fondamenta-della-guida\">A -Le fondamenta<\/a><\/li><li class=\"\"><a href=\"#modulo-b-il-primo-approccio-in-citta\">B &#8211; Guida nel traffico<\/a><\/li><li class=\"\"><a href=\"#modulo-c-autostrade-e-strade-extraurbane\">C \u2013 Autostrade ed extraurbane<\/a><\/li><li class=\"\"><a href=\"#modulo-d-guida-notturna\">D \u2013 Guida notturna<\/a><\/li><\/ul><\/li><\/ul><\/li><li class=\"\"><a href=\"#novita-patente-di-guida-il-sistema-digitale\">Patente novit\u00e0: il digitale<\/a><ul><li class=\"\"><a href=\"#il-quadro-europeo-sicurezza-stradale-e-patente-digitale-ue\">Cosa prevede il quadro europeo<\/a><ul><li class=\"\"><a href=\"#cosa-prevede-il-quadro-europeo\">Formazione<\/a><\/li><li class=\"\"><a href=\"#patente-digitale-ma-il-tesserino-non-va-in-pensione\">Patente digitale UE<\/a><\/li><li class=\"\"><a href=\"#durata-differenziata\">Scadenze differenziate<\/a><\/li><\/ul><\/li><\/ul><\/li><li class=\"\"><a href=\"#faq-su-novita-patente-2026\">Domande frequenti: novit\u00e0 patente 2026<\/a><ul><\/ul><\/li><li class=\"\"><a href=\"#vision-zero-entro-il-2025\">Conclusioni: Vision Zero entro il 2050<\/a><\/li><\/ul><\/nav><\/div>\n\n\n\n<div style=\"height:50px\" aria-hidden=\"true\" class=\"wp-block-spacer\"><\/div>\n\n\n\n<p>Il 2026 segna una svolta per milioni di automobilisti italiani ed europei, tra autovelox,&nbsp;<a href=\"\/blog\/esenzione-bollo-auto\/\" target=\"_blank\" rel=\"noreferrer noopener\"><strong>esenzione bollo<\/strong><\/a>, limiti di velocit\u00e0 ridotti e nuove regole per i&nbsp;<a href=\"\/blog\/rimborso-pedaggio-autostrada\/\" target=\"_blank\" rel=\"noreferrer noopener\"><strong>rimborsi autostradali<\/strong><\/a>, dopo anni di aggiustamenti normativi minori anche&nbsp;<strong>la patente di guida si rinnova<\/strong>: pi\u00f9 formazione pratica, iter burocratici alleggeriti, raddoppiata l&#8217;attenzione alla sicurezza su strada. Non si tratta solo di una riforma tecnica ma della scelta di&nbsp;<strong>mettere in strada solo chi \u00e8 davvero pronto a guidare<\/strong>.<\/p>\n\n\n\n<p>Tutto ci\u00f2 si concretizza nel&nbsp;<strong>decreto MIT del 17\/11\/2025<\/strong>, pubblicato in Gazzetta Ufficiale il 23 dicembre 2025, e nelle nuove direttive europee sulla sicurezza stradale. Il percorso per la&nbsp;<strong>patente B <\/strong>&#8211;&nbsp;e non solo &#8211; \u00e8 d&#8217;ora in avanti&nbsp;<strong>pi\u00f9 strutturato, digitale e selettivo<\/strong>. Scopriamo in questo articolo quali sono le novit\u00e0 2026: cosa cambia e a chi interessano.&nbsp;<em>Spoiler<\/em>: non solo ai neopatentati.<\/p>\n\n\n\n<div style=\"height:30px\" aria-hidden=\"true\" class=\"wp-block-spacer\"><\/div>\n\n\n\n<h2 class=\"wp-block-heading\" id=\"piu-pratica-meno-formalita-come-ottenere-la-patente-b\"><strong>Esame patente B: come ottenerla<\/strong><\/h2>\n\n\n\n<p>Il primo vero cambiamento si tocca con mano, anzi con il piede tra il freno e l\u2019acceleratore. Secondo il legislatore, infatti, la sicurezza su strada non si impara sui banchi dell&#8217;autoscuola, ma si basa sull\u2019esperienza. Da qui la prima modifica con il&nbsp;<strong>passaggio da 6 a 8 ore obbligatorie di guida<\/strong>: due ore in pi\u00f9 di pratica per chi impara a familiarizzare con le complessit\u00e0 del traffico.<\/p>\n\n\n<div class=\"wp-block-image\">\n<figure class=\"alignleft size-full\"><img decoding=\"async\" width=\"600\" height=\"338\" src=\"https:\/\/www.parkingmycar.it\/blog\/wp-content\/uploads\/2026\/01\/patente-novita-3.jpg\" alt=\"Ragazza riceve la patente di guida al termine dell'esame pratico\" class=\"wp-image-11672\" srcset=\"https:\/\/www.parkingmycar.it\/blog\/wp-content\/uploads\/2026\/01\/patente-novita-3.jpg 600w, https:\/\/www.parkingmycar.it\/blog\/wp-content\/uploads\/2026\/01\/patente-novita-3-300x169.jpg 300w\" sizes=\"(max-width: 600px) 100vw, 600px\" \/><\/figure>\n<\/div>\n\n\n<h3 class=\"wp-block-heading\" id=\"il-percorso-in-quattro-moduli\"><strong>Percorso di scuola guida in quattro moduli<\/strong><\/h3>\n\n\n\n<p>Le ore di guida non sono organizzate in maniera generica dall\u2019istruttore ma sono organizzate in&nbsp;<strong>quattro moduli di due ore ciascuno<\/strong>.<\/p>\n\n\n\n<h4 class=\"wp-block-heading\" id=\"modulo-a-le-fondamenta-della-guida\"><strong>A -Le fondamenta<\/strong><\/h4>\n\n\n\n<p>Nel primo modulo si edificano le fondamenta: controllo del mezzo, manovre essenziali, gestione delle emergenze e approccio agli&nbsp;<strong>ADAS<\/strong>, i&nbsp;<strong>sistemi avanzati di sicurezza alla guida<\/strong>, non pi\u00f9 opzionali ma integrati nell\u2019esperienza di guida di ormai tutti i veicoli moderni.<\/p>\n\n\n\n<h4 class=\"wp-block-heading\" id=\"modulo-b-il-primo-approccio-in-citta\"><strong>B &#8211; Guida nel traffico<\/strong><\/h4>\n\n\n\n<p>Il secondo modulo si concentra sull\u2019affrontare il caos cittadino: segnali, traffico, incroci, precedenze e&#8230;&nbsp;<strong>parcheggi<\/strong>, anche quelli a pettine!&nbsp;\ud83d\ude09&nbsp;(Una volta conseguita la patente fai la manovra giusta e prenota il tuo posto con&nbsp;<strong><a href=\"\/\" target=\"_blank\" rel=\"noreferrer noopener\">ParkingMyCar<\/a><\/strong>; hai gi\u00e0 l&#8217;app? <strong>Puoi scaricarla qui:<\/strong> <strong><a href=\"https:\/\/apps.apple.com\/app\/apple-store\/id1613368206?pt=123732674&amp;ct=IT-IT_PMC_C_APP_iOS_Blog-post&amp;mt=8\" data-type=\"link\" data-id=\"https:\/\/apps.apple.com\/app\/apple-store\/id1613368206?pt=123732674&amp;ct=IT-IT_PMC_C_APP_iOS_Blog-post&amp;mt=8\" target=\"_blank\" rel=\"noopener\">App Store<\/a><\/strong>, <strong><a href=\"https:\/\/play.google.com\/store\/apps\/details?id=it.parkingmycar.parkingmyapp&amp;referrer=utm_source%3Dpmc%26utm_medium%3Dblog%26utm_content%3Dpost%26utm_campaign%3DIT-IT_PMC_C_APP_Android_Blog-post\" data-type=\"link\" data-id=\"https:\/\/play.google.com\/store\/apps\/details?id=it.parkingmycar.parkingmyapp&amp;referrer=utm_source%3Dpmc%26utm_medium%3Dblog%26utm_content%3Dpost%26utm_campaign%3DIT-IT_PMC_C_APP_Android_Blog-post\" target=\"_blank\" rel=\"noopener\">Google Play<\/a><\/strong>).<\/p>\n\n\n\n<h4 class=\"wp-block-heading\" id=\"modulo-c-autostrade-e-strade-extraurbane\"><strong>C \u2013 Autostrade ed extraurbane<\/strong><\/h4>\n\n\n\n<p>Nel terzo modulo si affronta la guida su strade extraurbane e autostrade, superando i limiti di 50 km\/h o di 30 km\/h tipici dei centri urbani. In questo contesto assistito si acquista dimestichezza con concetti quali&nbsp;<strong>distanza di sicurezza<\/strong>, imparando a gestire il&nbsp;<strong>tempismo<\/strong>&nbsp;e la&nbsp;<strong>velocit\u00e0<\/strong>.<\/p>\n\n\n\n<h4 class=\"wp-block-heading\" id=\"modulo-d-guida-notturna\"><strong>D \u2013 Guida notturna<\/strong><\/h4>\n\n\n\n<p>Il quarto \u00e8 lo step formativo obbligatorio pi\u00f9 &#8220;nuovo&#8221;. Prevede esercitazioni fissate&nbsp;<strong>dopo le ore 20:00 o mezz\u2019ora dopo il tramonto<\/strong>, finalizzate ad allenare la visibilit\u00e0 (inevitabilmente ridotta), i riflessi e a gestire la stanchezza e altri rischi.<\/p>\n\n\n\n<div style=\"height:30px\" aria-hidden=\"true\" class=\"wp-block-spacer\"><\/div>\n\n\n\n<h2 class=\"wp-block-heading\" id=\"novita-patente-di-guida-il-sistema-digitale\"><strong>Patente novit\u00e0: il digitale<\/strong><\/h2>\n\n\n\n<p>Accanto alla formazione ci sono le&nbsp;novit\u00e0 del digitale&nbsp;con la <strong>certificazione delle ore di guida<\/strong> nel&nbsp;<a href=\"https:\/\/www.ilportaledellautomobilista.it\/web\/portale-automobilista\/home\" target=\"_blank\" rel=\"noreferrer noopener\">Portale dell\u2019Automobilista<\/a>.<\/p>\n\n\n\n<p>Funziona cos\u00ec: il sistema rilascia un\u2019<strong>attestazione digitale registrata all&#8217;ANAG <\/strong>con&nbsp;<strong>validit\u00e0 di 18 mesi<\/strong>. Il percorso di formazione sar\u00e0 tracciato su tutto il territorio nazionale, ci sar\u00e0 la possibilit\u00e0 di ripetere l\u2019esame pratico &#8211; qualora non superato &#8211; e di esercitarsi in autonomia seguendo determinate regole. Grazie alla pratica obbligatoria e tracciata, otterrai&nbsp;<strong>pi\u00f9 abilit\u00e0 e indipendenza quando arriver\u00e0 il momento della guida reale<\/strong>.<\/p>\n\n\n\n<p class=\"has-text-align-center has-medium-font-size\"><strong><em><mark style=\"background-color:rgba(0, 0, 0, 0)\" class=\"has-inline-color has-contrast-3-color\">Patente pi\u00f9 cara ma i benefici superano i costi<\/mark><\/em><\/strong><\/p>\n\n\n\n<p>Con l\u2019aumentare delle ore,&nbsp;<strong>cresce il costo della patente per gli allievi<\/strong>&nbsp;con un incremento della spesa che si somma agli aumenti scattati dal 1\u00b0novembre 2025 e relativi all\u2019adeguamento delle retribuzioni degli esaminatori. Su questo punto il legislatore conferma l\u2019importanza del principio secondo cui&nbsp;<strong>aumentare prima, significa un successivo risparmio<\/strong>&nbsp;in termini di spese sociali, incidenti e salute umana. \u00c8 chiaro che nell\u2019investimento sulla sicurezza, i benefici superano i costi.<\/p>\n\n\n\n<div style=\"height:30px\" aria-hidden=\"true\" class=\"wp-block-spacer\"><\/div>\n\n\n\n<h3 class=\"wp-block-heading\" id=\"il-quadro-europeo-sicurezza-stradale-e-patente-digitale-ue\"><strong>Cosa prevede il quadro europeo<\/strong><\/h3>\n\n\n\n<p>Secondo il via libera del 21 ottobre 2025, il&nbsp;<strong>Parlamento europeo&nbsp;<\/strong>ha approvato la revisione delle direttive UE sulle patenti di guida, facenti parte del pacchetto \u201cSicurezza stradale\u201d. Le novit\u00e0 italiane si inseriscono, quindi, in un contesto pi\u00f9 ampio.<\/p>\n\n\n<div class=\"wp-block-image\">\n<figure class=\"alignleft size-full\"><img decoding=\"async\" width=\"600\" height=\"338\" src=\"https:\/\/www.parkingmycar.it\/blog\/wp-content\/uploads\/2026\/01\/patente-novita-2.jpg\" alt=\"Test esame patente novit\u00e0\n\" class=\"wp-image-11673\" srcset=\"https:\/\/www.parkingmycar.it\/blog\/wp-content\/uploads\/2026\/01\/patente-novita-2.jpg 600w, https:\/\/www.parkingmycar.it\/blog\/wp-content\/uploads\/2026\/01\/patente-novita-2-300x169.jpg 300w\" sizes=\"(max-width: 600px) 100vw, 600px\" \/><\/figure>\n<\/div>\n\n\n<h4 class=\"wp-block-heading\" id=\"cosa-prevede-il-quadro-europeo\"><strong>Formazione<\/strong><\/h4>\n\n\n\n<p>Come anticipato, sar\u00e0 prevista una&nbsp;formazione pi\u00f9 severa<strong>&nbsp;<\/strong>con pi\u00f9 ore pratiche. Non solo, ci saranno anche <strong>domande aggiornate<\/strong> <strong>nei quiz teorici<\/strong> (angoli ciechi, distrazioni da smartphone, sistemi di assistenza alla guida, attenzione alle categorie vulnerabili su strada etc.).<\/p>\n\n\n\n<h4 class=\"wp-block-heading\" id=\"patente-digitale-ma-il-tesserino-non-va-in-pensione\"><strong>Patente digitale UE<\/strong><\/h4>\n\n\n\n<p>Tra le innovazioni, spicca l\u2019introduzione della&nbsp;<strong>patente di guida digitale europea<\/strong>, accessibile tramite app ufficiale che l&#8217;automobilista pu\u00f2 installare sullo smartphone. <\/p>\n\n\n\n<p class=\"has-text-align-center has-medium-font-size\"><strong><em><mark style=\"background-color:rgba(0, 0, 0, 0)\" class=\"has-inline-color has-contrast-3-color\">Il vecchio tesserino non va (ancora) in pensione<\/mark><\/em><\/strong><\/p>\n\n\n\n<p>La versione digitale della patente diventer\u00e0 lo standard, ma il cittadino manterr\u00e0 il&nbsp;<strong>diritto di richiedere la versione cartacea del documento<\/strong>.<\/p>\n\n\n\n<h4 class=\"wp-block-heading\" id=\"durata-differenziata\">Scadenze differenziate<\/h4>\n\n\n\n<p>La durata del rilascio della patente sar\u00e0 differenziata a seconda del mezzo per il quale viene richiesta:<\/p>\n\n\n\n<ul class=\"wp-block-list\">\n<li><strong>15 anni<\/strong>&nbsp;per auto e moto<\/li>\n\n\n\n<li><strong>5 anni<\/strong>&nbsp;per autocarri e autobus<\/li>\n\n\n\n<li><strong>10 anni<\/strong>&nbsp;se la patente funge anche da documento d\u2019identit\u00e0.<\/li>\n<\/ul>\n\n\n\n<p>Sono previste, inoltre, regole differenziate per status ed et\u00e0:<\/p>\n\n\n\n<ul class=\"wp-block-list\">\n<li><strong>Senior<\/strong>&nbsp;<strong>&gt;&nbsp;<\/strong>possibile stretta su<strong>&nbsp;<\/strong>controlli e visite, pi\u00f9 frequenti e mirati per i guidatori over<\/li>\n\n\n\n<li><strong>Neopatentati &gt;<\/strong>&nbsp;<strong>periodo di prova obbligatorio di almeno 2 anni<\/strong>&nbsp;con sanzioni pi\u00f9 rigide in caso di violazioni<\/li>\n\n\n\n<li><strong>Dai 17 anni &gt;<\/strong>&nbsp;rilascio di patente B con guida accompagnata da conducente esperto<\/li>\n\n\n\n<li><strong>Dai 18 anni &gt;<\/strong>&nbsp;rilascio patente C con abilitazione professionale<\/li>\n\n\n\n<li><strong>Dai 21 anni &gt;<\/strong>&nbsp;rilascio patente D con abilitazione professionale.<\/li>\n<\/ul>\n\n\n\n<p class=\"has-medium-font-size\"><strong>Altre regole:<\/strong><\/p>\n\n\n\n<ul class=\"wp-block-list\">\n<li><strong>Riconoscimento transfrontaliero delle sospensioni &gt;<\/strong>&nbsp;la sospensione o il ritiro della patente \u00e8 categorica in tutti gli Stati UE e non \u00e8 aggirabile.<\/li>\n<\/ul>\n\n\n\n<p>Gli Stati membri hanno&nbsp;<strong>tre anni di tempo<\/strong>&nbsp;dalla pubblicazione delle direttive nella Gazzetta Ufficiale dell\u2019Unione europea per recepire i provvedimenti in vigore e un ulteriore anno di tempo per applicarli.<\/p>\n\n\n\n<div style=\"height:30px\" aria-hidden=\"true\" class=\"wp-block-spacer\"><\/div>\n\n\n\n<h2 class=\"wp-block-heading\" id=\"faq-su-novita-patente-2026\"><strong>Domande frequenti: novit\u00e0 patente 2026<\/strong><\/h2>\n\n\n<div id=\"rank-math-faq\" class=\"rank-math-block\">\n<div class=\"rank-math-list \">\n<div id=\"faq-question-1767794375536\" class=\"rank-math-list-item\">\n<h3 class=\"rank-math-question \"><strong>In breve, cosa cambia per la patente nel 2026?<\/strong><\/h3>\n<div class=\"rank-math-answer \">\n\n<p>Dal 2026 il percorso per ottenere preveder\u00e0\u00a0<strong>pi\u00f9 ore di guida obbligatoria<\/strong>\u00a0(<strong>8 al posto di 6<\/strong>), formazione modulare, tracciamento digitale delle guide effettuate, maggiore attenzione alla sicurezza e introduzione della\u00a0<strong>patente digitale europea<\/strong>. Cambiano anche i controlli e le regole per <strong>neopatentati<\/strong>\u00a0con un\u00a0<strong>periodo di prova di almeno 2 anni<\/strong>.<\/p>\n\n<\/div>\n<\/div>\n<div id=\"faq-question-1767794447900\" class=\"rank-math-list-item\">\n<h3 class=\"rank-math-question \"><strong>Quante ore di guida servono per la patente B?<\/strong><\/h3>\n<div class=\"rank-math-answer \">\n\n<p>Per ottenere la patente B nel 2026 serviranno\u00a0<strong>8 ore<\/strong>\u00a0di guida, suddivise in\u00a0<strong>4 moduli da 2 ore<\/strong>.<\/p>\n\n<\/div>\n<\/div>\n<div id=\"faq-question-1767794476209\" class=\"rank-math-list-item\">\n<h3 class=\"rank-math-question \"><strong>Le ore di guida effettuate vengono registrate?<\/strong><\/h3>\n<div class=\"rank-math-answer \">\n\n<p>Certo, le guide obbligatorie vengono\u00a0<strong>certificate online\u00a0<\/strong>tramite il\u00a0<em>Portale dell\u2019Automobilista<\/em>. Otterrai un&#8217;attestazione digitale valida 18 mesi e registrata a livello nazionale.<\/p>\n\n<\/div>\n<\/div>\n<div id=\"faq-question-1767794505082\" class=\"rank-math-list-item\">\n<h3 class=\"rank-math-question \"><strong>Superato l&#8217;esame teorico, posso guidare?<\/strong><\/h3>\n<div class=\"rank-math-answer \">\n\n<p>Una volta superato lo scoglio teorico, l&#8217;iter da rispettare \u00e8 il seguente:<br \/><strong>Teoria<\/strong>: superato l&#8217;esame di teoria, puoi richiedere e ottenere il\u00a0<strong>foglio rosa<\/strong>.<br \/><strong>Pratica<\/strong>: con il foglio rosa in mano puoi svolgere le\u00a0<strong>8 ore di pratica<\/strong>\u00a0al volante con l&#8217;autoscuola.<br \/><strong>Guida<\/strong>: certificate e registrate le 8 ore, puoi guidare con un accompagnatore esperto ed esercitarti autonomamente (nei limiti di legge).<\/p>\n\n<\/div>\n<\/div>\n<div id=\"faq-question-1767794576741\" class=\"rank-math-list-item\">\n<h3 class=\"rank-math-question \"><strong><strong>Cos&#8217;\u00e8 la patente digitale europea?<\/strong><\/strong><\/h3>\n<div class=\"rank-math-answer \">\n\n<p>\u00c8 la\u00a0<strong>versione digitale della tradizionale patente di guida<\/strong>, accessibile tramite un&#8217;app UE sullo smartphone. La patente digitale diventer\u00e0 il gold standard per tutte le procedure, ma il tesserino cartaceo sar\u00e0 comunque valido e richiedibile.<\/p>\n\n<\/div>\n<\/div>\n<div id=\"faq-question-1767794689768\" class=\"rank-math-list-item\">\n<h3 class=\"rank-math-question \"><strong><strong>Quando entra in vigore la patente digitale?<\/strong><\/strong><\/h3>\n<div class=\"rank-math-answer \">\n\n<p>L&#8217;adozione della patente digitale sar\u00e0 progressiva, dal momento che le direttive UE approvate nel 2025 dovranno essere assorbite dagli stati membri\u00a0<strong>entro 3 anni<\/strong>\u00a0pi\u00f9 uno aggiuntivo al massimo per applicarle.<\/p>\n\n<\/div>\n<\/div>\n<div id=\"faq-question-1768564089814\" class=\"rank-math-list-item\">\n<h3 class=\"rank-math-question \"><strong>Patente B: si pu\u00f2 prendere a 17 anni?<\/strong><\/h3>\n<div class=\"rank-math-answer \">\n\n<p>Secondo le nuove regole, avere la <strong>patente B a 17 anni \u00e8 possibile ma solo<\/strong> <strong>con guida accompagnata<\/strong>. La misura \u00e8 stata introdotta per anticipare la formazione degli aspiranti conducenti, non per accelerare l&#8217;autonomia totale alla guida.<\/p>\n\n<\/div>\n<\/div>\n<div id=\"faq-question-1768564176389\" class=\"rank-math-list-item\">\n<h3 class=\"rank-math-question \"><strong>Quanto dura la patente dal 2026?<\/strong><\/h3>\n<div class=\"rank-math-answer \">\n\n<p>La durata della patente <strong>varia<\/strong>\u00a0<strong>in base alla tipologia di veicolo\u00a0<\/strong>e dopo le riforme del 2026, per gli automobilisti, pu\u00f2 durare\u00a0<strong>fino a 15 anni<\/strong>.<\/p>\n\n<\/div>\n<\/div>\n<div id=\"faq-question-1768564206940\" class=\"rank-math-list-item\">\n<h3 class=\"rank-math-question \"><strong>Fare la patente coster\u00e0 di pi\u00f9?<\/strong><\/h3>\n<div class=\"rank-math-answer \">\n\n<p>Mediamente <strong>s\u00ec<\/strong>, questo per l&#8217;aumento delle ore di guida e in virt\u00f9 di un precedente adeguamento delle tariffe degli esaminatori.<\/p>\n\n<\/div>\n<\/div>\n<div id=\"faq-question-1768564234044\" class=\"rank-math-list-item\">\n<h3 class=\"rank-math-question \"><strong>Chi ha gi\u00e0 la patente deve rifarla?<\/strong><\/h3>\n<div class=\"rank-math-answer \">\n\n<p><strong>No<\/strong>, chi \u00e8 gi\u00e0 patentato non deve ripetere esami o guide ma sar\u00e0 coinvolto nella patente digitale e potr\u00e0 essere soggetto a nuove regole (es. riconoscimento stringente delle sanzioni anche su territorio estero).<\/p>\n\n<\/div>\n<\/div>\n<\/div>\n<\/div>\n\n\n<div style=\"height:30px\" aria-hidden=\"true\" class=\"wp-block-spacer\"><\/div>\n\n\n\n<h2 class=\"wp-block-heading\" id=\"vision-zero-entro-il-2025\"><strong>Conclusioni: Vision Zero entro il 2050<\/strong><\/h2>\n\n\n\n<p>Le misure raccolte in questo articolo contribuiscono al piano&nbsp;<strong>&#8220;Vision Zero&#8221;<\/strong> dell&#8217;Unione Europea, che ambisce ad <strong>azzerare nel 2050<\/strong> le vittime della strada,&nbsp;stimate in circa 22.700 ogni anno in Europa.&nbsp;Grazie alla condivisione di un piano di educazione strutturale la strada non \u00e8 pi\u00f9 solo lastricata di asfalto, ma anche di <strong>obiettivi posti e raggiunti grazie a un progetto di&nbsp;sicurezza comune<\/strong>.<\/p>\n\n\n\n<div style=\"height:50px\" aria-hidden=\"true\" class=\"wp-block-spacer\"><\/div>\n","protected":false},"excerpt":{"rendered":"<p>8 ore di guida obbligatorie, patente digitale e regole UE pi\u00f9 dure. Il 2026 cambia davvero il modo di ottenere (e tenersi stretta) la patente.<\/p>\n","protected":false},"author":4,"featured_media":11671,"comment_status":"closed","ping_status":"closed","sticky":false,"template":"","format":"standard","meta":{"footnotes":""},"categories":[5,4],"tags":[51],"class_list":["post-11668","post","type-post","status-publish","format-standard","has-post-thumbnail","hentry","category-mobilita","category-news","tag-consigli-utili","infinite-scroll-item","generate-columns","tablet-grid-50","mobile-grid-100","grid-parent","grid-50"],"_links":{"self":[{"href":"https:\/\/www.parkingmycar.it\/blog\/wp-json\/wp\/v2\/posts\/11668","targetHints":{"allow":["GET"]}}],"collection":[{"href":"https:\/\/www.parkingmycar.it\/blog\/wp-json\/wp\/v2\/posts"}],"about":[{"href":"https:\/\/www.parkingmycar.it\/blog\/wp-json\/wp\/v2\/types\/post"}],"author":[{"embeddable":true,"href":"https:\/\/www.parkingmycar.it\/blog\/wp-json\/wp\/v2\/users\/4"}],"replies":[{"embeddable":true,"href":"https:\/\/www.parkingmycar.it\/blog\/wp-json\/wp\/v2\/comments?post=11668"}],"version-history":[{"count":17,"href":"https:\/\/www.parkingmycar.it\/blog\/wp-json\/wp\/v2\/posts\/11668\/revisions"}],"predecessor-version":[{"id":12443,"href":"https:\/\/www.parkingmycar.it\/blog\/wp-json\/wp\/v2\/posts\/11668\/revisions\/12443"}],"wp:featuredmedia":[{"embeddable":true,"href":"https:\/\/www.parkingmycar.it\/blog\/wp-json\/wp\/v2\/media\/11671"}],"wp:attachment":[{"href":"https:\/\/www.parkingmycar.it\/blog\/wp-json\/wp\/v2\/media?parent=11668"}],"wp:term":[{"taxonomy":"category","embeddable":true,"href":"https:\/\/www.parkingmycar.it\/blog\/wp-json\/wp\/v2\/categories?post=11668"},{"taxonomy":"post_tag","embeddable":true,"href":"https:\/\/www.parkingmycar.it\/blog\/wp-json\/wp\/v2\/tags?post=11668"}],"curies":[{"name":"wp","href":"https:\/\/api.w.org\/{rel}","templated":true}]}}