{"id":13035,"date":"2026-03-11T09:00:00","date_gmt":"2026-03-11T08:00:00","guid":{"rendered":"https:\/\/www.parkingmycar.it\/blog\/?p=13035"},"modified":"2026-03-11T11:20:41","modified_gmt":"2026-03-11T10:20:41","slug":"parcheggi-concerto-giorgia-mandela-forum","status":"publish","type":"post","link":"https:\/\/www.parkingmycar.it\/blog\/parcheggi-concerto-giorgia-mandela-forum\/","title":{"rendered":"Concerto Giorgia al Mandela Forum 2026: info e parcheggi"},"content":{"rendered":"\n<div class=\"wp-block-rank-math-toc-block\" id=\"rank-math-toc\"><p><strong>In questo articolo:<\/strong><\/p><nav><ul><li class=\"\"><a href=\"#concerto-giorgia-mandela-forum-info-utili\">Concerto Giorgia @Mandela Forum: info utili<\/a><ul><\/ul><\/li><li class=\"\"><a href=\"#come-arrivare-al-mandela-forum-per-il-concerto-di-giorgia\">Come arrivare al Mandela Forum per Giorgia\u00a0<\/a><\/li><li class=\"\"><a href=\"#parcheggi-per-il-mandela-forum\">Parcheggi per il Mandela Forum a Firenze<\/a><ul><\/ul><\/li><li class=\"\"><a href=\"#tour-di-giorgia-to-be-continued\">Tour di Giorgia to be continued\u2026<\/a><\/li><\/ul><\/nav><\/div>\n\n\n\n<div style=\"height:50px\" aria-hidden=\"true\" class=\"wp-block-spacer\"><\/div>\n\n\n\n<p>Nel panorama della musica italiana contemporanea, Giorgia occupa un posto d\u2019onore. Affermata come una delle interpreti pi\u00f9 talentuose e riconoscibili, possiede una voce straordinaria, capace di unire potenza, tecnica ed emozione.&nbsp;<\/p>\n\n\n\n<p>Dopo una tourn\u00e9e ricca di successi, l&#8217;artista celebre per brani come <strong><em>\u201cCome Saprei\u201d, \u201cDi sole e d\u2019azzurro\u201d <\/em><\/strong><em>e <\/em><strong><em>\u201cOronero\u201d <\/em><\/strong>torna live nei palasport d&#8217;Italia con date chiave in numerose citt\u00e0. Uno degli spettacoli pi\u00f9 attesi \u00e8 in programma il <strong>28 marzo al Mandela Forum di Firenze<\/strong>.&nbsp;<\/p>\n\n\n\n<p><strong>Tu ci sarai?<\/strong>&nbsp;<\/p>\n\n\n\n<div style=\"height:30px\" aria-hidden=\"true\" class=\"wp-block-spacer\"><\/div>\n\n\n\n<h2 class=\"wp-block-heading\" id=\"concerto-giorgia-mandela-forum-info-utili\"><strong>Concerto Giorgia @Mandela Forum: info utili<\/strong><\/h2>\n\n\n\n<div class=\"wp-block-columns is-layout-flex wp-container-core-columns-is-layout-9d6595d7 wp-block-columns-is-layout-flex\">\n<div class=\"wp-block-column is-layout-flow wp-block-column-is-layout-flow\">\n<figure class=\"wp-block-image size-full\"><img decoding=\"async\" width=\"600\" height=\"338\" src=\"https:\/\/www.parkingmycar.it\/blog\/wp-content\/uploads\/2026\/03\/PMC-Immagini-Blog-Concerto-Giorgia-Mandela-Forum-Firenze-2.jpg\" alt=\"Concerto Giorgia\" class=\"wp-image-13122\" srcset=\"https:\/\/www.parkingmycar.it\/blog\/wp-content\/uploads\/2026\/03\/PMC-Immagini-Blog-Concerto-Giorgia-Mandela-Forum-Firenze-2.jpg 600w, https:\/\/www.parkingmycar.it\/blog\/wp-content\/uploads\/2026\/03\/PMC-Immagini-Blog-Concerto-Giorgia-Mandela-Forum-Firenze-2-300x169.jpg 300w\" sizes=\"(max-width: 600px) 100vw, 600px\" \/><\/figure>\n<\/div>\n\n\n\n<div class=\"wp-block-column is-vertically-aligned-center is-layout-flow wp-block-column-is-layout-flow\">\n<p>Giorgia calcher\u00e0 il palco indoor del Mandela Forum in questa data:<\/p>\n\n\n\n<ul class=\"wp-block-list\">\n<li><strong>SABATO 28 MARZO 2026<\/strong><\/li>\n<\/ul>\n\n\n\n<p>Un&#8217;occasione imperdibile per tutti i fan e appassionati di musica leggera, che avranno l&#8217;occasione di vedere l&#8217;artista esibirsi sul palco a partire <strong>dalle ore 21:00<\/strong>.<\/p>\n<\/div>\n<\/div>\n\n\n\n<div style=\"height:30px\" aria-hidden=\"true\" class=\"wp-block-spacer\"><\/div>\n\n\n\n<h3 class=\"wp-block-heading\" id=\"biglietti\"><strong>Biglietti <\/strong><strong>&nbsp;<\/strong><\/h3>\n\n\n\n<p>Se sei ancora senza biglietto, affrettati! I ticket per Giorgia live sono quasi sold out. Puoi esplorare la mappa e acquistare uno dei pochi posti rimasti su <a href=\"https:\/\/www.ticketone.it\/event\/giorgia-palasport-live-nelson-mandela-forum-19992993\/%23tab=\" target=\"_blank\" rel=\"noopener\">TicketOne<\/a>, oppure cercare offerte disponibili su <em><a href=\"https:\/\/www.fansale.it\/tickets\/all\/giorgia\/464800#3818639\" data-type=\"link\" data-id=\"https:\/\/www.fansale.it\/tickets\/all\/giorgia\/464800#3818639\" target=\"_blank\" rel=\"noopener\">FanSALE<\/a><\/em>.&nbsp;<\/p>\n\n\n\n<div style=\"height:30px\" aria-hidden=\"true\" class=\"wp-block-spacer\"><\/div>\n\n\n\n<h3 class=\"wp-block-heading\" id=\"scaletta\"><strong>Scaletta live Giorgia<\/strong><\/h3>\n\n\n\n<p>La scaletta \u00e8 ci\u00f2 che rende ogni live unico e diverso dagli altri. Se da un lato la curiosit\u00e0 di scoprirla \u00e8 tanta, dall&#8217;altro un pizzico di mistero rende tutto ancora pi\u00f9 magico&#8230; ma le statistiche possono darci qualche indizio. \ud83d\ude09 Scopri la <strong>top 10 delle canzoni pi\u00f9 suonate negli ultimi 40 concerti<\/strong> sul sito <a href=\"https:\/\/concerty.com\/artist\/giorgia-168248\" target=\"_blank\" rel=\"noopener\">Concerty.com.<\/a><\/p>\n\n\n\n<p><strong>Spoiler: <\/strong>nella classifica non mancano hit come <em>\u201cTu mi porti su\u201d<\/em> e <em>\u201cLa cura per me\u201d<\/em>.<\/p>\n\n\n\n<div style=\"height:30px\" aria-hidden=\"true\" class=\"wp-block-spacer\"><\/div>\n\n\n\n<h2 class=\"wp-block-heading\" id=\"come-arrivare-al-mandela-forum-per-il-concerto-di-giorgia\"><strong>Come arrivare al Mandela Forum per il concerto<\/strong><\/h2>\n\n\n\n<p>Il giorno del concerto, puoi arrivare al Mandela Forum in treno (la stazione di <strong>Campo di Marte <\/strong>si trova a circa 1.1 km dalla venue) o in bus. Se scegli di guidare, invece, dovrai prendere questa uscita:<\/p>\n\n\n\n<p>\u27a1 <strong>Firenze Sud<\/strong> sulla <strong>Autostrada A1:<\/strong><\/p>\n\n\n\n<ol class=\"wp-block-list\">\n<li>Esci a <strong>Firenze Sud<\/strong>.<\/li>\n\n\n\n<li>Segui le indicazioni per <strong>Firenze \/ Stadio<\/strong>.<\/li>\n\n\n\n<li>Prosegui verso <strong>Viale Europa<\/strong> o il raccordo verso la citt\u00e0.<\/li>\n\n\n\n<li>Continua verso la zona <strong>Campo di Marte<\/strong> (vicino allo stadio).<\/li>\n\n\n\n<li>Segui i cartelli per il <strong>Mandela Forum<\/strong>.&nbsp;<\/li>\n<\/ol>\n\n\n\n<p>Il palazzetto si trova vicino allo <strong>Stadio Artemio Franchi<\/strong>, quindi spesso i cartelli indicano anche lo stadio. Una volta a destinazione\u2026 non ti resta che parcheggiare! Scopriamo insieme dove.<\/p>\n\n\n\n<div style=\"height:30px\" aria-hidden=\"true\" class=\"wp-block-spacer\"><\/div>\n\n\n\n<h2 class=\"wp-block-heading\" id=\"parcheggi-per-il-mandela-forum\"><strong>Parcheggi per il Mandela <\/strong><b>Forum<\/b> <strong>a Firenze<\/strong><\/h2>\n\n\n\n<p>Ci sono diversi parcheggi nei pressi del Mandela Forum, ad esempio in <em>Piazza Berlinguer <\/em>e in zona stadio. Durante i concerti conviene arrivare con anticipo: i parcheggi si riempiono a una velocit\u00e0 impressionante.&nbsp;<\/p>\n\n\n\n<p>Se vuoi evitare giri a vuoto e stress da parcheggio, puoi <strong>prenotare in anticipo<\/strong> un posto auto in una struttura privata. Su <strong>ParkingMyCar <\/strong>ci sono ancora <strong>pochi posti disponibili<\/strong>: coperti o scoperti, sicuri e pronti ad accogliere il tuo veicolo mentre ti godi l\u2019evento.&nbsp;<\/p>\n\n\n\n<div style=\"height:30px\" aria-hidden=\"true\" class=\"wp-block-spacer\"><\/div>\n\n\n\n<h3 class=\"wp-block-heading\" id=\"muoviamo-vico\"><strong>Muoviamo Vico<\/strong><\/h3>\n\n\n\n<p>Comodo parcheggio coperto. Aperto fino alle 02:00 di notte in occasione dell\u2019evento. <strong>Consiglio:<\/strong> quando prenoti seleziona un orario antecedente alla chiusura e controlla nei \u201cdettagli\u201d le misure massime consentite per l\u2019ingresso.<\/p>\n\n\n\n<a class=\"gb-button gb-button-3740df3d gb-button-text\" href=\"\/parcheggio-stazione-firenze-campo-marte\/muoviamo-vico\" target=\"_blank\" rel=\"noopener noreferrer\"><strong>VERIFICA DISPONIBILIT\u00c0. ULTIMI POSTI!<\/strong><\/a>\n\n\n\n<div style=\"height:70px\" aria-hidden=\"true\" class=\"wp-block-spacer\"><\/div>\n\n\n\n<h3 class=\"wp-block-heading\" id=\"garage-autolavaggio-palace\"><strong>Garage Autolavaggio Palace<\/strong><\/h3>\n\n\n\n<p>Garage coperto con <strong>multipass <\/strong>per entrate\/uscite multiple. Aperto <strong>h24.<\/strong> <strong>Consiglio:<\/strong> in fase di prenotazione aggiungi il servizio di lavaggio o lucidatura dell\u2019auto.<\/p>\n\n\n\n<a class=\"gb-button gb-button-905f5056 gb-button-text\" href=\"\/parcheggio-stazione-firenze-campo-marte\/garage-autolavaggio-palace\" target=\"_blank\" rel=\"noopener noreferrer\"><strong>VERIFICA DISPONIBILIT\u00c0. ULTIMI POSTI!<\/strong><\/a>\n\n\n\n<div style=\"height:70px\" aria-hidden=\"true\" class=\"wp-block-spacer\"><\/div>\n\n\n\n<h3 class=\"wp-block-heading\" id=\"park-ammirato\"><strong>Park Ammirato<\/strong><\/h3>\n\n\n\n<p>Parcheggio coperto sempre aperto con accesso rapido tramite lettura <strong>QR Code<\/strong> e opzione <strong>\u201cPorta con te le chiavi\u201d<\/strong>. <strong>Consiglio:<\/strong> Top se hai un&#8217;auto elettrica. Vietato l&#8217;accesso ai veicoli a GPL.<\/p>\n\n\n\n<a class=\"gb-button gb-button-f9ceb322 gb-button-text\" href=\"\/parcheggio-stazione-firenze-campo-marte\/park-ammirato\" target=\"_blank\" rel=\"noopener noreferrer\"><strong>VERIFICA DISPONIBILIT\u00c0. ULTIMI POSTI!<\/strong><\/a>\n\n\n\n<div style=\"height:70px\" aria-hidden=\"true\" class=\"wp-block-spacer\"><\/div>\n\n\n\n<h2 class=\"wp-block-heading\" id=\"tour-di-giorgia-to-be-continued\"><strong>Tour di Giorgia to be continued<\/strong>\u2026<\/h2>\n\n\n\n<p>E dopo l\u2019appuntamento al Mandela Forum, il viaggio musicale di Giorgia continua con il tour estivo <strong>Giorgia \u2013 G \u2013 Summer<\/strong>. Goditi il meglio della musica italiana, a Firenze il 28 marzo. E il parcheggio? I posti si stanno esaurendo! Prenota subito il tuo <strong><a href=\"\/parcheggio-mandela-forum-firenze\" data-type=\"link\" data-id=\"https:\/\/www.parkingmycar.it\/parcheggio-mandela-forum-firenze\">parcheggio vicino al Mandela Forum<\/a><\/strong>.<\/p>\n\n\n\n<div style=\"height:50px\" aria-hidden=\"true\" class=\"wp-block-spacer\"><\/div>\n","protected":false},"excerpt":{"rendered":"<p>Giorgia live al Mandela Forum: sabato 28 marzo 2026. Una serata di emozioni e grandi successi. Arrivi in auto? Prenota subito il tuo parcheggio.<\/p>\n","protected":false},"author":4,"featured_media":13123,"comment_status":"closed","ping_status":"closed","sticky":false,"template":"","format":"standard","meta":{"footnotes":""},"categories":[6],"tags":[125,43,41,60],"class_list":["post-13035","post","type-post","status-publish","format-standard","has-post-thumbnail","hentry","category-eventi-esperienze","tag-concerti-mandela-forum","tag-firenze","tag-musica-live","tag-parcheggi-citta","infinite-scroll-item","generate-columns","tablet-grid-50","mobile-grid-100","grid-parent","grid-50"],"_links":{"self":[{"href":"https:\/\/www.parkingmycar.it\/blog\/wp-json\/wp\/v2\/posts\/13035","targetHints":{"allow":["GET"]}}],"collection":[{"href":"https:\/\/www.parkingmycar.it\/blog\/wp-json\/wp\/v2\/posts"}],"about":[{"href":"https:\/\/www.parkingmycar.it\/blog\/wp-json\/wp\/v2\/types\/post"}],"author":[{"embeddable":true,"href":"https:\/\/www.parkingmycar.it\/blog\/wp-json\/wp\/v2\/users\/4"}],"replies":[{"embeddable":true,"href":"https:\/\/www.parkingmycar.it\/blog\/wp-json\/wp\/v2\/comments?post=13035"}],"version-history":[{"count":12,"href":"https:\/\/www.parkingmycar.it\/blog\/wp-json\/wp\/v2\/posts\/13035\/revisions"}],"predecessor-version":[{"id":13136,"href":"https:\/\/www.parkingmycar.it\/blog\/wp-json\/wp\/v2\/posts\/13035\/revisions\/13136"}],"wp:featuredmedia":[{"embeddable":true,"href":"https:\/\/www.parkingmycar.it\/blog\/wp-json\/wp\/v2\/media\/13123"}],"wp:attachment":[{"href":"https:\/\/www.parkingmycar.it\/blog\/wp-json\/wp\/v2\/media?parent=13035"}],"wp:term":[{"taxonomy":"category","embeddable":true,"href":"https:\/\/www.parkingmycar.it\/blog\/wp-json\/wp\/v2\/categories?post=13035"},{"taxonomy":"post_tag","embeddable":true,"href":"https:\/\/www.parkingmycar.it\/blog\/wp-json\/wp\/v2\/tags?post=13035"}],"curies":[{"name":"wp","href":"https:\/\/api.w.org\/{rel}","templated":true}]}}