{"id":13054,"date":"2026-03-09T09:00:00","date_gmt":"2026-03-09T08:00:00","guid":{"rendered":"https:\/\/www.parkingmycar.it\/blog\/?p=13054"},"modified":"2026-04-13T12:06:22","modified_gmt":"2026-04-13T10:06:22","slug":"parcheggio-vinitaly-verona","status":"publish","type":"post","link":"https:\/\/www.parkingmycar.it\/blog\/parcheggio-vinitaly-verona\/","title":{"rendered":"Vinitaly 2026 Verona: parcheggi e altre info utili"},"content":{"rendered":"\n<div class=\"wp-block-rank-math-toc-block\" id=\"rank-math-toc\"><p><strong>In questo articolo:<\/strong><\/p><nav><ul><li class=\"\"><a href=\"#vinitaly-2026-date-e-luogo-dellevento\">Vinitaly 2026: date e luogo dell\u2019evento<\/a><ul><\/ul><\/li><li class=\"\"><a href=\"#biglietti-vinitaly-2026-come-acquistarli-e-cosa-includono\">Biglietti Vinitaly 2026: come acquistarli e cosa includono<\/a><\/li><li class=\"\"><a href=\"#come-arrivare-al-vinitaly-e-dove-parcheggiare\">Come arrivare al Vinitaly e dove parcheggiare<\/a><ul><\/ul><\/li><li class=\"\"><a href=\"#molto-piu-di-una-semplice-fiera-del-vino\">Molto pi\u00f9 di una semplice fiera del vino<\/a><\/li><\/ul><\/nav><\/div>\n\n\n\n<div style=\"height:50px\" aria-hidden=\"true\" class=\"wp-block-spacer\"><\/div>\n\n\n\n<p>Ogni anno migliaia di professionisti del vino, buyer internazionali, sommelier, giornalisti e appassionati si danno appuntamento a Verona per uno degli eventi enologici pi\u00f9 importanti al mondo. Il <strong>Vinitaly 2026<\/strong> rappresenta infatti un punto di riferimento globale per il settore vitivinicolo e trasforma la citt\u00e0 veneta in una vera capitale internazionale del vino.<\/p>\n\n\n\n<p>La storia del Vinitaly inizia nel <strong>1967<\/strong>, quando Veronafiere organizz\u00f2 la prima edizione dell\u2019evento con l\u2019obiettivo di promuovere il vino italiano e favorire l\u2019incontro tra produttori e mercati internazionali. Nel corso dei decenni la manifestazione \u00e8 cresciuta fino a diventare <strong>uno degli appuntamenti pi\u00f9 importanti al mondo per il settore vitivinicolo<\/strong>, con migliaia di aziende espositrici e operatori provenienti da oltre 100 Paesi.<\/p>\n\n\n\n<p>Se stai programmando la tua visita al Vinitaly 2026, \u00e8 utile organizzarsi con un po\u2019 di anticipo.<\/p>\n\n\n\n<p>Sapere <strong>quando si svolge il Vinitaly, dove si trova la fiera, come arrivare e cosa aspettarsi dall\u2019evento<\/strong> pu\u00f2 fare davvero la differenza per vivere al meglio l\u2019esperienza. In questa guida trovi tutte le informazioni utili: <strong>date del Vinitaly 2026, come arrivare alla Fiera Vinitaly Verona, chi pu\u00f2 partecipare e cosa vedere durante la manifestazione<\/strong>.<\/p>\n\n\n\n<div style=\"height:30px\" aria-hidden=\"true\" class=\"wp-block-spacer\"><\/div>\n\n\n\n<h2 class=\"wp-block-heading\" id=\"vinitaly-2026-date-e-luogo-dellevento\"><strong>Vinitaly 2026: date e luogo dell\u2019evento<\/strong><\/h2>\n\n\n\n<p>Il <strong>Vinitaly, <\/strong>il<strong><em>Salone Internazionale dei vini e distillati<\/em><\/strong>, si svolger\u00e0 <strong>dal 12 al 15 aprile 2026<\/strong> nel quartiere fieristico di Verona.<\/p>\n\n\n\n<p>L\u2019edizione <strong>Vinitaly 2026<\/strong> sar\u00e0 la <strong>58\u00aa<\/strong>&nbsp;della manifestazione e si svolger\u00e0 come di consueto presso il quartiere fieristico di <strong>Veronafiere<\/strong>, uno dei poli fieristici pi\u00f9 importanti d\u2019Europa. La sede si trova in <strong>Viale del Lavoro 8<\/strong>, nella zona sud di Verona, a pochi chilometri dal centro storico e vicino alla stazione di <strong>Verona Porta Nuova<\/strong>, il principale nodo ferroviario della citt\u00e0.<\/p>\n\n\n\n<p>Gli orari di apertura della fiera sono dalle <strong>9:30 alle 18:00<\/strong>, con chiusura anticipata alle <strong>16:30<\/strong> il mercoled\u00ec. \u00c8 una manifestazione riservata agli operatori del settore, ma i numeri parlano da soli: oltre <strong>4.000 espositori<\/strong> e circa <strong>125.000 visitatori<\/strong> provenienti da pi\u00f9 di <strong>140 Paesi<\/strong>, con decine di migliaia di incontri B2B organizzati nel corso delle quattro giornate.<\/p>\n\n\n\n<div style=\"height:30px\" aria-hidden=\"true\" class=\"wp-block-spacer\"><\/div>\n\n\n\n<h3 class=\"wp-block-heading\" id=\"i-padiglioni-della-fiera-vinitaly-verona\"><strong>I padiglioni della Fiera Vinitaly Verona<\/strong><\/h3>\n\n\n\n<div class=\"wp-block-columns is-layout-flex wp-container-core-columns-is-layout-9d6595d7 wp-block-columns-is-layout-flex\">\n<div class=\"wp-block-column is-layout-flow wp-block-column-is-layout-flow\">\n<figure class=\"wp-block-image size-full\"><img decoding=\"async\" width=\"600\" height=\"338\" src=\"https:\/\/www.parkingmycar.it\/blog\/wp-content\/uploads\/2026\/03\/PMC-Immagini-Blog-Vinitaly-2026-Verona-2.jpg\" alt=\"Vinitaly 2026 Verona\" class=\"wp-image-13073\" srcset=\"https:\/\/www.parkingmycar.it\/blog\/wp-content\/uploads\/2026\/03\/PMC-Immagini-Blog-Vinitaly-2026-Verona-2.jpg 600w, https:\/\/www.parkingmycar.it\/blog\/wp-content\/uploads\/2026\/03\/PMC-Immagini-Blog-Vinitaly-2026-Verona-2-300x169.jpg 300w\" sizes=\"(max-width: 600px) 100vw, 600px\" \/><\/figure>\n<\/div>\n\n\n\n<div class=\"wp-block-column is-vertically-aligned-center is-layout-flow wp-block-column-is-layout-flow\">\n<p>L&#8217;area espositiva di Veronafiere \u00e8 organizzata in <strong>padiglioni tematici divisi per regione vinicola<\/strong> italiana ed estera, pensati per permettere un vero e proprio viaggio geografico attraverso i terroir mondiali. Ogni regione italiana occupa il proprio spazio con le denominazioni pi\u00f9 rappresentative: dal Piemonte del Barolo e del Barbaresco, alla Toscana del Brunello e del Chianti, fino al Veneto dell&#8217;Amarone e del Prosecco e alla Sicilia con il Nero d&#8217;Avola e l&#8217;Etna DOC.<\/p>\n<\/div>\n<\/div>\n\n\n\n<p>Per il 2026 sono previste alcune novit\u00e0 sul fronte del layout espositivo: l&#8217;Umbria si presenter\u00e0 in un <strong>nuovo spazio espositivo regionale<\/strong> nel padiglione D, mentre il padiglione 2 ricompatta tutta l&#8217;offerta della Sicilia. Tra le novit\u00e0 di quest&#8217;anno c&#8217;\u00e8 anche il <strong>padiglione Xcellent Spirits<\/strong>, interamente dedicato ai distillati.<\/p>\n\n\n\n<p>Accanto ai vini italiani trovano spazio i produttori internazionali, con espositori provenienti da Francia, Spagna, Germania, Portogallo e dai principali Paesi del Nuovo Mondo. Completano l&#8217;offerta espositiva le aree tematiche dedicate ai vini biologici (<strong>Vinitaly Bio<\/strong>), ai vini naturali e biodinamici (<strong>Amphora Revolution<\/strong>), al packaging (<strong>Vinitaly Design<\/strong>) e alle tecnologie per la produzione (<strong>Enolitech<\/strong>).<\/p>\n\n\n\n<div style=\"height:30px\" aria-hidden=\"true\" class=\"wp-block-spacer\"><\/div>\n\n\n\n<h3 class=\"wp-block-heading\" id=\"gli-eventi-collaterali-opera-wine-e-vinitaly-and-the-night\"><strong>Gli eventi collaterali: OperaWine e Vinitaly and the Night<\/strong><\/h3>\n\n\n\n<p>Il programma del Vinitaly non si esaurisce con la fiera. Il prologo ufficiale \u00e8 affidato a <strong>OperaWine<\/strong>, in programma sabato 11 aprile alle Gallerie Mercatali: l&#8217;evento riunir\u00e0 le <strong>150 cantine selezionate da Wine Spectator<\/strong>, suddivise per il 2026 in tre nuove categorie \u2014 &#8220;Legacy Icon&#8221;, &#8220;Classic&#8221; e &#8220;New Voices&#8221; \u2014 quest&#8217;ultima pensata per valorizzare i produttori emergenti.<\/p>\n\n\n\n<p>Sempre alle Gallerie Mercatali debuttano le serate <strong>Vinitaly &amp; the Night<\/strong>, in programma l&#8217;11, il 12 e il 14 aprile, per chi vuole vivere l&#8217;atmosfera dell&#8217;evento anche oltre l&#8217;orario fieristico.<\/p>\n\n\n\n<p>Durante i quattro giorni dell\u2019evento l\u2019intera citt\u00e0 vive un\u2019atmosfera unica. Non si tratta solo di una fiera professionale: il Vinitaly diventa una vera celebrazione della cultura del vino. Accanto agli stand espositivi e agli incontri tra operatori del settore, vengono organizzate <strong>degustazioni guidate, masterclass, presentazioni di nuove annate e incontri con produttori e sommelier<\/strong>.<\/p>\n\n\n\n<p>Uno degli eventi pi\u00f9 apprezzati \u00e8 <strong>Vinitaly and the City<\/strong>, il fuori salone che porta il vino nel cuore della citt\u00e0. Piazza dei Signori, Cortile del Mercato Vecchio e altri luoghi simbolo del centro storico si trasformano in spazi dedicati alla degustazione e agli incontri con le cantine. \u00c8 un\u2019occasione perfetta anche per chi vuole vivere l\u2019atmosfera del Vinitaly senza entrare necessariamente nei padiglioni della fiera.<\/p>\n\n\n\n<div style=\"height:30px\" aria-hidden=\"true\" class=\"wp-block-spacer\"><\/div>\n\n\n\n<h2 class=\"wp-block-heading\" id=\"biglietti-vinitaly-2026-come-acquistarli-e-cosa-includono\"><strong>Biglietti Vinitaly 2026: come acquistarli e cosa includono<\/strong><\/h2>\n\n\n\n<p>Il <strong>Vinitaly \u00e8 una manifestazione riservata principalmente agli operatori del settore<\/strong>, come produttori, distributori, buyer, ristoratori, sommelier e giornalisti specializzati. Per questo motivo l\u2019accesso non \u00e8 libero come in molte altre fiere: \u00e8 necessario acquistare un biglietto oppure essere invitati da un\u2019azienda espositrice.<\/p>\n\n\n\n<p>Anche i visitatori e gli appassionati di vino, per\u00f2, possono vivere l\u2019atmosfera dell\u2019evento grazie al fuori salone <strong>Vinitaly and the City<\/strong>, organizzato nel centro storico di Verona.<\/p>\n\n\n\n<p>L\u2019evento \u00e8 pensato proprio per il pubblico e permette di partecipare a <strong>degustazioni, incontri e iniziative legate al mondo del vino<\/strong> nei luoghi pi\u00f9 iconici della citt\u00e0, come Piazza dei Signori, il Cortile del Mercato Vecchio e la Torre dei Lamberti.<\/p>\n\n\n\n<p>Il biglietto principale \u00e8 il <strong>carnet degustazioni<\/strong>, acquistabile online in prevendita (intorno ai <strong>18 \u20ac<\/strong>) oppure durante l\u2019evento a un prezzo leggermente superiore. <a href=\"https:\/\/www.vinitaly.com\/eventi\/vinitaly-and-the-city\/verona\/ticketing-vinitaly-and-the-city-verona\/\" target=\"_blank\" rel=\"noreferrer noopener\">Qui puoi acquistare i biglietti in prevendita<\/a>.<\/p>\n\n\n\n<p>Il carnet comprende generalmente:<\/p>\n\n\n\n<ul class=\"wp-block-list\">\n<li><strong>Calice da degustazione omaggio<\/strong> con portacalice da collo<\/li>\n\n\n\n<li><strong>4 token degustazione<\/strong> utilizzabili negli stand per assaggiare vini o cocktail a base di vino<\/li>\n\n\n\n<li><strong>1 token esperienza<\/strong>, valido per ingressi omaggio o sconti su eventi speciali<\/li>\n\n\n\n<li><strong>Accesso alle aree e alle lounge dell\u2019evento<\/strong> nel centro storico<\/li>\n<\/ul>\n\n\n\n<p>I carnet possono essere acquistati <strong>solo dai maggiorenni<\/strong> e permettono di vivere il lato pi\u00f9 conviviale e culturale del Vinitaly, senza entrare nei padiglioni professionali della fiera.<\/p>\n\n\n\n<p>\u00c8 una soluzione ideale per chi visita Verona durante i giorni del Vinitaly e vuole partecipare a degustazioni, scoprire nuove etichette e vivere l\u2019atmosfera dell\u2019evento direttamente nel cuore della citt\u00e0.<\/p>\n\n\n\n<div style=\"height:30px\" aria-hidden=\"true\" class=\"wp-block-spacer\"><\/div>\n\n\n\n<h2 class=\"wp-block-heading\" id=\"come-arrivare-al-vinitaly-e-dove-parcheggiare\"><strong>Come arrivare al Vinitaly e dove parcheggiare<\/strong><\/h2>\n\n\n\n<p>La Fiera Vinitaly Verona \u00e8 facilmente raggiungibile con diversi mezzi di trasporto.<\/p>\n\n\n\n<div style=\"height:10px\" aria-hidden=\"true\" class=\"wp-block-spacer\"><\/div>\n\n\n\n<style>\n  .travel-table-wrapper {\n    margin: 2rem 0;\n    border-radius: 8px;\n    overflow: hidden;\n    box-shadow: 0 4px 16px rgba(100,116,139,0.12);\n    border: 2.5px solid #cbd5e1;\n  }\n  .travel-table-wrapper table {\n    width: 100%;\n    border-collapse: collapse;\n    table-layout: fixed;\n  }\n  .travel-table-wrapper thead tr {\n    background: #e2e8f0;\n  }\n  .travel-table-wrapper thead th {\n    color: #2e2e2e;\n    padding: 16px 22px;\n    font-size: 1rem;\n    font-weight: 700;\n    letter-spacing: 0.04em;\n    text-align: left;\n    border-right: 2.5px solid #cbd5e1;\n  }\n  .travel-table-wrapper thead th:last-child {\n    border-right: none;\n  }\n  .travel-table-wrapper tbody tr {\n    background: #ffffff;\n  }\n  .travel-table-wrapper tbody tr:nth-child(even) {\n    background: #f8fafc;\n  }\n  .travel-table-wrapper tbody td {\n    vertical-align: top;\n    padding: 20px 22px;\n    border-right: 2px solid #cbd5e1;\n    border-top: 2px solid #cbd5e1;\n    font-size: 0.95rem;\n    line-height: 1.7;\n    color: #2e2e2e;\n  }\n  .travel-table-wrapper tbody td:last-child {\n    border-right: none;\n  }\n  .travel-table-wrapper ul {\n    margin: 0;\n    padding-left: 20px;\n  }\n  .travel-table-wrapper ul li {\n    margin-bottom: 4px;\n  }\n\n  \/* Mobile *\/\n  @media (max-width: 600px) {\n    .travel-table-wrapper {\n      border-radius: 8px;\n      overflow: hidden;\n    }\n    .travel-table-wrapper table,\n    .travel-table-wrapper thead,\n    .travel-table-wrapper tbody,\n    .travel-table-wrapper th,\n    .travel-table-wrapper td,\n    .travel-table-wrapper tr {\n      display: block;\n      width: 100%;\n    }\n    .travel-table-wrapper thead {\n      display: none;\n    }\n    .travel-table-wrapper tbody tr {\n      background: #ffffff !important;\n      border-top: 2px solid #cbd5e1;\n    }\n    .travel-table-wrapper tbody tr:first-child {\n      border-top: none;\n    }\n    .travel-table-wrapper tbody td {\n      border-right: none;\n      border-top: none;\n      padding: 16px 18px 16px 18px;\n    }\n    .travel-table-wrapper tbody td::before {\n      content: attr(data-label);\n      display: block;\n      font-weight: 700;\n      font-size: 0.78rem;\n      letter-spacing: 0.06em;\n      text-transform: uppercase;\n      color: #2e2e2e;\n      background: #e2e8f0;\n      margin: -16px -18px 12px -18px;\n      padding: 8px 18px;\n      border-bottom: 2px solid #cbd5e1;\n    }\n  }\n<\/style>\n\n<div class=\"travel-table-wrapper\">\n  <table>\n    <thead>\n      <tr>\n        <th>In auto<\/th>\n        <th>In treno<\/th>\n        <th>In aereo<\/th>\n      <\/tr>\n    <\/thead>\n    <tbody>\n      <tr>\n        <td data-label=\"In auto\">Se arrivi in auto puoi utilizzare:<br>autostrada A4 Milano-Venezia<br>autostrada A22 Modena-Brennero.<br><br>L&#8217;uscita consigliata \u00e8 <strong>Verona Sud<\/strong>, da cui la fiera dista pochi minuti.<\/td>\n        <td data-label=\"In treno\">La stazione principale \u00e8 <strong>Stazione di Verona Porta Nuova<\/strong>, uno dei nodi ferroviari pi\u00f9 importanti del nord Italia.<br><br>Dalla stazione puoi raggiungere la fiera:\n          <ul>\n            <li>con bus navetta dedicati<\/li>\n            <li>con taxi<\/li>\n            <li>con autobus urbani<\/li>\n          <\/ul>\n        <\/td>\n        <td data-label=\"In aereo\">L&#8217;aeroporto pi\u00f9 vicino \u00e8 <strong>Aeroporto di Verona Villafranca<\/strong>, situato a circa 10 km dal centro citt\u00e0.<\/td>\n      <\/tr>\n    <\/tbody>\n  <\/table>\n<\/div>\n\n\n\n<div style=\"height:50px\" aria-hidden=\"true\" class=\"wp-block-spacer\"><\/div>\n\n\n\n<h3 class=\"wp-block-heading\" id=\"vinitaly-parcheggio\"><strong>Vinitaly parcheggio<\/strong><\/h3>\n\n\n\n<p>Durante il Vinitaly a Verona la citt\u00e0 registra uno dei picchi di affluenza pi\u00f9 alti dell\u2019anno. Questo significa traffico intenso, parcheggi pubblici spesso pieni, tempi lunghi per trovare posto. Per questo motivo <strong>molti visitatori scelgono di prenotare il posto auto in anticipo<\/strong>, evitando stress e perdite di tempo all\u2019arrivo.<\/p>\n\n\n\n<p><strong>Una soluzione pratica \u00e8 il <\/strong><a href=\"\/parcheggio-verona-centro\/le-garage\" target=\"_blank\" rel=\"noreferrer noopener\"><strong>parcheggio GARAGE VERONA &#8211; NAVETTA\/SHUTTLE, prenotabile online su ParkingMyCar<\/strong><\/a>.<\/p>\n\n\n\n<div class=\"wp-block-columns is-layout-flex wp-container-core-columns-is-layout-9d6595d7 wp-block-columns-is-layout-flex\">\n<div class=\"wp-block-column is-layout-flow wp-block-column-is-layout-flow\">\n<figure class=\"wp-block-image size-full\"><img decoding=\"async\" width=\"700\" height=\"525\" src=\"https:\/\/www.parkingmycar.it\/blog\/wp-content\/uploads\/2026\/03\/le-garage-parcheggio-citta-verona-8.jpg\" alt=\"Garage Verona per Vinitaly 2026\" class=\"wp-image-13522\" srcset=\"https:\/\/www.parkingmycar.it\/blog\/wp-content\/uploads\/2026\/03\/le-garage-parcheggio-citta-verona-8.jpg 700w, https:\/\/www.parkingmycar.it\/blog\/wp-content\/uploads\/2026\/03\/le-garage-parcheggio-citta-verona-8-300x225.jpg 300w\" sizes=\"(max-width: 700px) 100vw, 700px\" \/><\/figure>\n<\/div>\n\n\n\n<div class=\"wp-block-column is-vertically-aligned-center is-layout-flow wp-block-column-is-layout-flow\">\n<p><strong><strong><strong>GARAGE VERONA &#8211; NAVETTA\/SHUTTLE<\/strong><\/strong><\/strong> \u00e8 un parcheggio situato in posizione strategica rispetto alla <strong>Fiera Vinitaly Verona<\/strong>, ideale per chi arriva in auto in citt\u00e0 durante l\u2019evento. Un vantaggio particolarmente utile \u00e8 la <strong>navetta \/ shuttle<\/strong>, un servizio gratuito che ti accompagner\u00e0 direttamente nel cuore della citt\u00e0 o presso la struttura ricettiva dove alloggerai. Godrai di un trasferimento rapido e senza stress e non dovrai preoccuparti delle zone ZTL.<\/p>\n\n\n\n<a class=\"gb-button gb-button-f25bc37d gb-button-text\" href=\"\/parcheggio-verona-centro\/le-garage\" target=\"_blank\" rel=\"noopener noreferrer\"><strong>ULTIMI POSTI DISPONIBILI<\/strong><\/a>\n<\/div>\n<\/div>\n\n\n\n<p><strong><a href=\"https:\/\/www.parkingmycar.it\/parcheggio-verona-centro\" target=\"_blank\" rel=\"noreferrer noopener\">Prenotare il parcheggio a Verona<\/a><\/strong> prima di partire \u00e8 spesso la soluzione pi\u00f9 comoda: si arriva in citt\u00e0 con la certezza di avere gi\u00e0 il posto auto garantito, senza dover cercare parcheggio tra traffico e strade affollate.<\/p>\n\n\n\n<div style=\"height:30px\" aria-hidden=\"true\" class=\"wp-block-spacer\"><\/div>\n\n\n\n<h2 class=\"wp-block-heading\" id=\"molto-piu-di-una-semplice-fiera-del-vino\"><strong>Molto pi\u00f9 di una semplice fiera del vino<\/strong><\/h2>\n\n\n\n<p>Chi visita il Vinitaly per la prima volta spesso pensa di partecipare semplicemente a una grande fiera. In realt\u00e0 l\u2019esperienza \u00e8 molto diversa. Il Vinitaly \u00e8 un luogo dove <strong>si intrecciano storie di territori, tradizioni familiari, innovazione e mercato internazionale<\/strong>.<\/p>\n\n\n\n<p>Passeggiando tra i padiglioni si passa in pochi metri dalle colline del Barolo ai vigneti dell\u2019Etna, dalle cantine storiche della Toscana ai nuovi produttori emergenti. Ogni stand racconta una parte del panorama vitivinicolo italiano e internazionale, e ogni degustazione diventa l\u2019occasione per scoprire nuove etichette, incontrare produttori e capire come evolve il mondo del vino.<\/p>\n\n\n\n<p>Per questo motivo molti visitatori tornano al Vinitaly anno dopo anno: non solo per lavoro, ma anche per <strong>vivere l\u2019atmosfera unica di un evento che unisce business, cultura e passione per il vino<\/strong>. Pianificare bene la visita, dalle date ai biglietti, fino agli spostamenti in citt\u00e0, permette di godersi al meglio quattro giorni che, per chi ama il vino, diventano spesso un\u2019esperienza memorabile.<\/p>\n\n\n\n<div style=\"height:50px\" aria-hidden=\"true\" class=\"wp-block-spacer\"><\/div>\n","protected":false},"excerpt":{"rendered":"<p>Il Vinitaly 2026 rappresenta un punto di riferimento globale per il settore vitivinicolo e trasforma la citt\u00e0 veneta in una vera capitale internazionale del vino.<\/p>\n","protected":false},"author":6,"featured_media":13072,"comment_status":"closed","ping_status":"closed","sticky":false,"template":"","format":"standard","meta":{"footnotes":""},"categories":[6],"tags":[72,60,75],"class_list":["post-13054","post","type-post","status-publish","format-standard","has-post-thumbnail","hentry","category-eventi-esperienze","tag-fiere","tag-parcheggi-citta","tag-verona","infinite-scroll-item","generate-columns","tablet-grid-50","mobile-grid-100","grid-parent","grid-50"],"_links":{"self":[{"href":"https:\/\/www.parkingmycar.it\/blog\/wp-json\/wp\/v2\/posts\/13054","targetHints":{"allow":["GET"]}}],"collection":[{"href":"https:\/\/www.parkingmycar.it\/blog\/wp-json\/wp\/v2\/posts"}],"about":[{"href":"https:\/\/www.parkingmycar.it\/blog\/wp-json\/wp\/v2\/types\/post"}],"author":[{"embeddable":true,"href":"https:\/\/www.parkingmycar.it\/blog\/wp-json\/wp\/v2\/users\/6"}],"replies":[{"embeddable":true,"href":"https:\/\/www.parkingmycar.it\/blog\/wp-json\/wp\/v2\/comments?post=13054"}],"version-history":[{"count":27,"href":"https:\/\/www.parkingmycar.it\/blog\/wp-json\/wp\/v2\/posts\/13054\/revisions"}],"predecessor-version":[{"id":13530,"href":"https:\/\/www.parkingmycar.it\/blog\/wp-json\/wp\/v2\/posts\/13054\/revisions\/13530"}],"wp:featuredmedia":[{"embeddable":true,"href":"https:\/\/www.parkingmycar.it\/blog\/wp-json\/wp\/v2\/media\/13072"}],"wp:attachment":[{"href":"https:\/\/www.parkingmycar.it\/blog\/wp-json\/wp\/v2\/media?parent=13054"}],"wp:term":[{"taxonomy":"category","embeddable":true,"href":"https:\/\/www.parkingmycar.it\/blog\/wp-json\/wp\/v2\/categories?post=13054"},{"taxonomy":"post_tag","embeddable":true,"href":"https:\/\/www.parkingmycar.it\/blog\/wp-json\/wp\/v2\/tags?post=13054"}],"curies":[{"name":"wp","href":"https:\/\/api.w.org\/{rel}","templated":true}]}}