{"id":14952,"date":"2026-08-31T09:00:00","date_gmt":"2026-08-31T07:00:00","guid":{"rendered":"https:\/\/www.parkingmycar.it\/blog\/?p=14952"},"modified":"2026-08-31T10:42:15","modified_gmt":"2026-08-31T08:42:15","slug":"gemitaiz-alla-reggia-di-caserta-parcheggi","status":"publish","type":"post","link":"https:\/\/www.parkingmycar.it\/blog\/gemitaiz-alla-reggia-di-caserta-parcheggi\/","title":{"rendered":"Gemitaiz alla Reggia di Caserta: info e parcheggi"},"content":{"rendered":"\n<div class=\"wp-block-rank-math-toc-block\" id=\"rank-math-toc\"><p><strong>In questo articolo:<\/strong><\/p><nav><ul><li class=\"\"><a href=\"#gemitaiz-alla-reggia-di-caserta\">Gemitaiz alla Reggia di Caserta<\/a><ul><li class=\"\"><a href=\"#location\">Location<\/a><\/li><li class=\"\"><a href=\"#biglietti-concerto-gemitaiz\">Biglietti concerto Gemitaiz<\/a><\/li><li class=\"\"><a href=\"#cosa-aspettarsi-dal-live\">Cosa aspettarsi dal live<\/a><\/li><\/ul><\/li><li class=\"\"><a href=\"#come-arrivare-alla-reggia-di-caserta\">Come arrivare alla Reggia di Caserta<\/a><\/li><li class=\"\"><a href=\"#dove-parcheggiare-per-il-concerto-di-gemitaiz-alla-reggia-di-caserta\">Parcheggi Gemitaiz Reggia di Caserta: dove lasciare la tua auto<\/a><ul><li class=\"\"><a href=\"#ezio-garage-o-quick-mercato-confronto-rapido\">Ezio Garage o Quick Mercato? Confronto rapido<\/a><\/li><\/ul><\/li><li class=\"\"><a href=\"#gemitaiz-live-alla-reggia-di-caserta-conclusioni\">Gemitaiz live alla Reggia di Caserta: conclusioni<\/a><\/li><\/ul><\/nav><\/div>\n\n\n\n<div style=\"height:50px\" aria-hidden=\"true\" class=\"wp-block-spacer\"><\/div>\n\n\n\n<p class=\"wp-block-paragraph\">Rime dense, un flow riconoscibile a un secondo di ascolto e un disco, <strong>Elsewhere<\/strong>, che ha spostato il baricentro della sua musica verso strumenti veri e band dal vivo: <strong>Gemitaiz<\/strong> arriva all&#8217;appuntamento campano nella fase pi\u00f9 matura della sua carriera. E lo fa in una cornice che con il rap ha poco a che spartire, ma che proprio per questo funziona: la <strong>Reggia di Caserta<\/strong>.<\/p>\n\n\n\n<p class=\"wp-block-paragraph\">Appuntamento <strong>gioved\u00ec 3 settembre 2026<\/strong> in Piazza Carlo di Borbone. In questo articolo trovi tutto quello che ti serve per vivere la serata senza pensieri: <strong>biglietti, come arrivare e, soprattutto\u2026 dove parcheggiare<\/strong>.<\/p>\n\n\n\n<div style=\"height:30px\" aria-hidden=\"true\" class=\"wp-block-spacer\"><\/div>\n\n\n\n<style>\n.pmc-gem-01-wrap{max-width:680px;font-family:inherit;color:#2e2e2e;margin:24px 0 32px;}\n.pmc-gem-01-box{background:#f8fafc;border:1px solid #cbd5e1;border-left:4px solid #fc8031;border-radius:12px;padding:22px 24px;}\n.pmc-gem-01-label{font-size:11px;font-weight:600;letter-spacing:0.8px;text-transform:uppercase;color:#fc8031;margin:0 0 12px;}\n.pmc-gem-01-grid{display:grid;grid-template-columns:repeat(2,1fr);gap:16px 24px;margin-bottom:16px;}\n.pmc-gem-01-item-label{font-size:12px;color:#64748b;margin-bottom:3px;display:flex;align-items:center;gap:6px;}\n.pmc-gem-01-item-value{font-size:15px;font-weight:500;color:#2e2e2e;}\n.pmc-gem-01-cta{display:inline-flex !important;align-items:center;gap:6px;font-size:14px;color:#fc8031 !important;font-weight:500;text-decoration:none !important;border-bottom:1px solid #fc8031;padding-bottom:1px;}\n.pmc-gem-01-cta:hover,.pmc-gem-01-cta:focus,.pmc-gem-01-cta:visited{color:#fc8031 !important;text-decoration:none !important;}\n.pmc-gem-01-ico{width:14px;height:14px;flex-shrink:0;}\n@media (max-width:600px){.pmc-gem-01-box{padding:18px;}.pmc-gem-01-grid{grid-template-columns:1fr;gap:14px;}}\n<\/style>\n<div class=\"pmc-gem-01-wrap\">\n  <div class=\"pmc-gem-01-box\">\n    <p class=\"pmc-gem-01-label\">In breve<\/p>\n    <div class=\"pmc-gem-01-grid\">\n      <div>\n        <div class=\"pmc-gem-01-item-label\">\n<svg class=\"pmc-gem-01-ico\" viewBox=\"0 0 24 24\" fill=\"none\" stroke=\"currentColor\" stroke-width=\"2\" stroke-linecap=\"round\" stroke-linejoin=\"round\"><path d=\"M9 18V5l12-2v13\"><\/path><circle cx=\"6\" cy=\"18\" r=\"3\"><\/circle><circle cx=\"18\" cy=\"16\" r=\"3\"><\/circle><\/svg>Artista<\/div>\n        <div class=\"pmc-gem-01-item-value\">Gemitaiz<\/div>\n      <\/div>\n      <div>\n        <div class=\"pmc-gem-01-item-label\">\n<svg class=\"pmc-gem-01-ico\" viewBox=\"0 0 24 24\" fill=\"none\" stroke=\"currentColor\" stroke-width=\"2\" stroke-linecap=\"round\" stroke-linejoin=\"round\"><path d=\"M21 10c0 7-9 13-9 13s-9-6-9-13a9 9 0 0 1 18 0z\"><\/path><circle cx=\"12\" cy=\"10\" r=\"3\"><\/circle><\/svg>Location<\/div>\n        <div class=\"pmc-gem-01-item-value\">Reggia di Caserta<\/div>\n      <\/div>\n      <div>\n        <div class=\"pmc-gem-01-item-label\">\n<svg class=\"pmc-gem-01-ico\" viewBox=\"0 0 24 24\" fill=\"none\" stroke=\"currentColor\" stroke-width=\"2\" stroke-linecap=\"round\" stroke-linejoin=\"round\"><rect x=\"3\" y=\"4\" width=\"18\" height=\"18\" rx=\"2\"><\/rect><line x1=\"16\" y1=\"2\" x2=\"16\" y2=\"6\"><\/line><line x1=\"8\" y1=\"2\" x2=\"8\" y2=\"6\"><\/line><line x1=\"3\" y1=\"10\" x2=\"21\" y2=\"10\"><\/line><\/svg>Data<\/div>\n        <div class=\"pmc-gem-01-item-value\">Gioved\u00ec 3 settembre 2026<\/div>\n      <\/div>\n      <div>\n        <div class=\"pmc-gem-01-item-label\">\n<svg class=\"pmc-gem-01-ico\" viewBox=\"0 0 24 24\" fill=\"none\" stroke=\"currentColor\" stroke-width=\"2\" stroke-linecap=\"round\" stroke-linejoin=\"round\"><circle cx=\"12\" cy=\"12\" r=\"10\"><\/circle><polyline points=\"12 6 12 12 16 14\"><\/polyline><\/svg>Orario<\/div>\n       \n        <div class=\"pmc-gem-01-item-value\">21:00 <span style=\"color:#64748b;font-weight:400;\">(porte da confermare)<\/span><\/div>\n      <\/div>\n    <\/div>\n    <a href=\"#parcheggi\" class=\"pmc-gem-01-cta\">Hai gi\u00e0 il biglietto? Pensa al parcheggio <svg class=\"pmc-gem-01-ico\" viewBox=\"0 0 24 24\" fill=\"none\" stroke=\"currentColor\" stroke-width=\"2\" stroke-linecap=\"round\" stroke-linejoin=\"round\"><line x1=\"5\" y1=\"12\" x2=\"19\" y2=\"12\"><\/line><polyline points=\"12 5 19 12 12 19\"><\/polyline><\/svg><\/a>\n  <\/div>\n<\/div>\n\n\n\n<div style=\"height:50px\" aria-hidden=\"true\" class=\"wp-block-spacer\"><\/div>\n\n\n\n<h2 id=\"gemitaiz-alla-reggia-di-caserta\" class=\"wp-block-heading\"><strong>Gemitaiz alla Reggia di Caserta<\/strong><\/h2>\n\n\n\n<p class=\"wp-block-paragraph\">Dopo l&#8217;uscita di <em>Elsewhere<\/em> \u2014 settimo album in studio, diciassette tracce costruite su suoni suonati e non campionati \u2014 Gemitaiz \u00e8 tornato sul palco con l&#8217;<strong>Elsewhere Live Tour 2026<\/strong>, accompagnato da una band. La tappa casertana \u00e8 una delle ultime del percorso estivo e apre il blocco di settembre della stagione live davanti alla facciata vanvitelliana.<\/p>\n\n\n\n<div style=\"height:30px\" aria-hidden=\"true\" class=\"wp-block-spacer\"><\/div>\n\n\n\n<style>\n.pmc-gem-02-wrap{max-width:100%;font-family:inherit;color:#2e2e2e;margin:20px 0 28px;}\n.pmc-gem-02-box{background:#f8fafc;border:1px solid #cbd5e1;border-radius:12px;padding:20px;}\n.pmc-gem-02-head{display:flex;align-items:center;gap:10px;margin-bottom:16px;}\n.pmc-gem-02-head svg{width:20px;height:20px;color:#fc8031;flex-shrink:0;}\n.pmc-gem-02-head-text{font-size:14px;font-weight:500;color:#2e2e2e;}\n.pmc-gem-02-date{display:flex;align-items:center;gap:22px;background:#ffffff;border:1px solid #cbd5e1;border-radius:10px;padding:18px 22px;}\n.pmc-gem-02-daybox{text-align:center;flex-shrink:0;min-width:70px;}\n.pmc-gem-02-dow{font-size:12px;color:#64748b;text-transform:uppercase;letter-spacing:0.5px;font-weight:600;}\n.pmc-gem-02-num{font-size:40px;font-weight:700;line-height:1;color:#fc8031;margin:3px 0;}\n.pmc-gem-02-mon{font-size:13px;color:#64748b;}\n.pmc-gem-02-sep{width:1px;align-self:stretch;background:#cbd5e1;}\n.pmc-gem-02-info-title{font-size:16px;font-weight:600;color:#2e2e2e;margin:0 0 4px;}\n.pmc-gem-02-info-text{font-size:14px;color:#475569;line-height:1.55;margin:0;}\n@media (max-width:600px){.pmc-gem-02-box{padding:14px;}.pmc-gem-02-date{gap:16px;padding:14px 16px;}.pmc-gem-02-num{font-size:34px;}.pmc-gem-02-daybox{min-width:58px;}}\n<\/style>\n<div class=\"pmc-gem-02-wrap\">\n  <div class=\"pmc-gem-02-box\">\n    <div class=\"pmc-gem-02-head\">\n      <svg viewBox=\"0 0 24 24\" fill=\"none\" stroke=\"currentColor\" stroke-width=\"2\" stroke-linecap=\"round\" stroke-linejoin=\"round\"><rect x=\"3\" y=\"4\" width=\"18\" height=\"18\" rx=\"2\"><\/rect><line x1=\"16\" y1=\"2\" x2=\"16\" y2=\"6\"><\/line><line x1=\"8\" y1=\"2\" x2=\"8\" y2=\"6\"><\/line><line x1=\"3\" y1=\"10\" x2=\"21\" y2=\"10\"><\/line><\/svg>\n      <div class=\"pmc-gem-02-head-text\">Una sola data &mdash; ore 21:00<\/div>\n    <\/div>\n    <div class=\"pmc-gem-02-date\">\n      <div class=\"pmc-gem-02-daybox\">\n        <div class=\"pmc-gem-02-dow\">Gio<\/div>\n        <div class=\"pmc-gem-02-num\">3<\/div>\n        <div class=\"pmc-gem-02-mon\">settembre 2026<\/div>\n      <\/div>\n      <div class=\"pmc-gem-02-sep\"><\/div>\n      <div>\n        <p class=\"pmc-gem-02-info-title\">Gemitaiz live alla Reggia di Caserta<\/p>\n        <p class=\"pmc-gem-02-info-text\">Reggia di Caserta &ndash; Piazza Carlo di Borbone. Inizio spettacolo previsto per le ore 21:00; l&rsquo;orario di apertura delle porte sar&agrave; comunicato in prossimit&agrave; dell&rsquo;evento.<\/p>\n      <\/div>\n    <\/div>\n  <\/div>\n<\/div>\n\n\n\n<div style=\"height:50px\" aria-hidden=\"true\" class=\"wp-block-spacer\"><\/div>\n\n\n\n<h3 id=\"location\" class=\"wp-block-heading\"><strong>Location<\/strong><\/h3>\n\n\n\n<div class=\"wp-block-columns are-vertically-aligned-center is-layout-flex wp-container-core-columns-is-layout-8f761849 wp-block-columns-is-layout-flex\">\n<div class=\"wp-block-column is-vertically-aligned-center is-layout-flow wp-block-column-is-layout-flow\">\n<figure class=\"wp-block-image size-full\"><img decoding=\"async\" width=\"600\" height=\"337\" src=\"https:\/\/www.parkingmycar.it\/blog\/wp-content\/uploads\/2026\/08\/Gemitaiz-Reggia-Di-Caserta-2.jpg\" alt=\"Pubblico al concerto di Gemitaiz\" class=\"wp-image-14954\" srcset=\"https:\/\/www.parkingmycar.it\/blog\/wp-content\/uploads\/2026\/08\/Gemitaiz-Reggia-Di-Caserta-2.jpg 600w, https:\/\/www.parkingmycar.it\/blog\/wp-content\/uploads\/2026\/08\/Gemitaiz-Reggia-Di-Caserta-2-300x169.jpg 300w\" sizes=\"(max-width: 600px) 100vw, 600px\" \/><figcaption class=\"wp-element-caption\"><em>Immagine generata da intelligenza artificiale<\/em><\/figcaption><\/figure>\n<\/div>\n\n\n\n<div class=\"wp-block-column is-vertically-aligned-center is-layout-flow wp-block-column-is-layout-flow\">\n<p class=\"wp-block-paragraph\">Gemitaiz ha scelto la Reggia di Caserta per la sua data campana. Questo capolavoro architettonico, patrimonio UNESCO progettato da Luigi Vanvitelli, \u00e8 una delle residenze reali pi\u00f9 imponenti al mondo. Piazza Carlo di Borbone, con la facciata monumentale illuminata alle spalle del palco, crea un contrasto netto con l&#8217;urgenza del rap \u2014 ed \u00e8 esattamente questo che rende la serata diversa da un club o da un festival.<\/p>\n<\/div>\n<\/div>\n\n\n\n<div style=\"height:30px\" aria-hidden=\"true\" class=\"wp-block-spacer\"><\/div>\n\n\n\n<h3 id=\"biglietti-concerto-gemitaiz\" class=\"wp-block-heading\"><strong>Biglietti concerto Gemitaiz<\/strong><\/h3>\n\n\n\n<p class=\"wp-block-paragraph\">I biglietti sono disponibili sul circuito ufficiale <a href=\"https:\/\/www.ticketone.it\/event\/gemitaiz-reggia-di-caserta-21091292\/\" target=\"_blank\" rel=\"noopener\">TicketOne<\/a>, <strong>a partire da 48 \u20ac<\/strong>, dove puoi verificare in tempo reale disponibilit\u00e0, settori e prezzi aggiornati.<\/p>\n\n\n\n<div style=\"height:30px\" aria-hidden=\"true\" class=\"wp-block-spacer\"><\/div>\n\n\n\n<h3 id=\"cosa-aspettarsi-dal-live\" class=\"wp-block-heading\"><strong>Cosa aspettarsi dal live<\/strong><\/h3>\n\n\n\n<p class=\"wp-block-paragraph\">La scaletta ufficiale non viene diffusa in anticipo, ma la direzione del tour \u00e8 chiara: <strong>Elsewhere<\/strong> \u00e8 il cuore dello show, portato dal vivo con musicisti veri, e attorno ruotano i brani che hanno costruito la reputazione di Gemitaiz nell&#8217;ultimo decennio. L&#8217;album porta con s\u00e9 anche diverse collaborazioni \u2014 da Salmo a Coez, passando per Neffa ed Ele A \u2014 che sul palco diventano momenti a s\u00e9. <strong>Il resto lo scoprirai in Piazza Carlo di Borbone.<\/strong><\/p>\n\n\n\n<div style=\"height:30px\" aria-hidden=\"true\" class=\"wp-block-spacer\"><\/div>\n\n\n\n<h2 id=\"come-arrivare-alla-reggia-di-caserta\" class=\"wp-block-heading\"><strong>Come arrivare alla Reggia di Caserta<\/strong><\/h2>\n\n\n\n<p class=\"wp-block-paragraph\">La Reggia di Caserta si trova in una posizione strategica e ben collegata (<a href=\"https:\/\/maps.app.goo.gl\/9y5EwQvfwRNzTpnL8\" target=\"_blank\" rel=\"noopener\">vedi la posizione su Maps<\/a>). Puoi raggiungerla:<\/p>\n\n\n\n<p class=\"wp-block-paragraph\"><strong>In treno<\/strong>: la stazione di Caserta dista pochi minuti a piedi dall&#8217;ingresso della Reggia. Una soluzione perfetta per ridurre traffico e stress.<\/p>\n\n\n\n<p class=\"wp-block-paragraph\"><strong>In auto<\/strong>: se scegli il comfort del viaggio in macchina, queste sono le principali uscite a seconda della tua provenienza:<\/p>\n\n\n\n<ul class=\"wp-block-list\">\n<li>Autostrada <strong>A1<\/strong> \u2013 uscita <strong>Caserta Nord<\/strong> (da Roma e da nord)<\/li>\n\n\n\n<li>Autostrada <strong>A30<\/strong> \u2013 uscita <strong>Caserta Sud<\/strong> (da Napoli, Salerno, Bari)<\/li>\n<\/ul>\n\n\n\n<p class=\"wp-block-paragraph\">Da qui segui le indicazioni per Caserta \/ Reggia. Trovi tutti i dettagli su treni, Reggia Express, ingressi e collegamenti nella nostra guida completa: <a href=\"https:\/\/www.parkingmycar.it\/blog\/come-arrivare-alla-reggia-di-caserta\/\">come arrivare alla Reggia di Caserta<\/a>. Durante gli eventi il traffico pu\u00f2 essere intenso, quindi \u00e8 consigliato <strong>partire con anticipo<\/strong>.<\/p>\n\n\n\n<div style=\"height:10px\" aria-hidden=\"true\" class=\"wp-block-spacer\"><\/div>\n\n\n\n<style>\n.pmc-gem-03-wrap{max-width:780px;font-family:inherit;color:#2e2e2e;margin:14px 0 22px;}\n.pmc-gem-03-box{background:#f8fafc;border:1px solid #cbd5e1;border-left:4px solid #fc8031;border-radius:8px;padding:14px 18px;display:flex;align-items:center;gap:14px;}\n.pmc-gem-03-icon{width:36px;height:36px;background:#fc8031;border-radius:50%;display:flex;align-items:center;justify-content:center;color:#ffffff;flex-shrink:0;}\n.pmc-gem-03-icon svg{width:18px;height:18px;}\n.pmc-gem-03-content{flex:1;min-width:0;}\n.pmc-gem-03-label{font-size:11px;font-weight:600;color:#fc8031;text-transform:uppercase;letter-spacing:0.6px;margin-bottom:2px;}\n.pmc-gem-03-text{font-size:14px;line-height:1.55;color:#2e2e2e;margin:0;}\n.pmc-gem-03-text strong{font-weight:600;}\n@media (max-width:600px){.pmc-gem-03-box{padding:14px;gap:12px;}}\n<\/style>\n<div class=\"pmc-gem-03-wrap\">\n  <div class=\"pmc-gem-03-box\">\n    <div class=\"pmc-gem-03-icon\"><svg viewBox=\"0 0 24 24\" fill=\"none\" stroke=\"currentColor\" stroke-width=\"2\" stroke-linecap=\"round\" stroke-linejoin=\"round\"><path d=\"M5 17h14\"><\/path><path d=\"M5 17v-5l2-5h10l2 5v5\"><\/path><path d=\"M5 17v2\"><\/path><path d=\"M19 17v2\"><\/path><circle cx=\"8\" cy=\"15\" r=\"1\"><\/circle><circle cx=\"16\" cy=\"15\" r=\"1\"><\/circle><\/svg><\/div>\n    <div class=\"pmc-gem-03-content\">\n      <div class=\"pmc-gem-03-label\">In sintesi<\/div>\n      <p class=\"pmc-gem-03-text\">Uscita <strong>Caserta Nord<\/strong> (A1) o <strong>Caserta Sud<\/strong> (A30), poi indicazioni per Caserta \/ Reggia. Parti con anticipo: nel giorno del concerto il traffico aumenta.<\/p>\n    <\/div>\n  <\/div>\n<\/div>\n\n\n\n<div style=\"height:30px\" aria-hidden=\"true\" class=\"wp-block-spacer\"><\/div>\n\n\n\n<h2 id=\"dove-parcheggiare-per-il-concerto-di-gemitaiz-alla-reggia-di-caserta\" class=\"wp-block-heading\"><strong>Parcheggi Gemitaiz Reggia di Caserta: dove lasciare la tua auto<\/strong><\/h2>\n\n\n\n<p class=\"wp-block-paragraph\">La Reggia di Caserta non dispone di un parcheggio dedicato ai visitatori, ma nelle vicinanze ci sono diverse soluzioni a pagamento. Nelle serate dei grandi concerti, per\u00f2, la sosta selvaggia \u00e8 sempre dietro l&#8217;angolo: meglio non lasciare nulla al caso.<\/p>\n\n\n\n<div style=\"height:10px\" aria-hidden=\"true\" class=\"wp-block-spacer\"><\/div>\n\n\n\n<style>\n.pmc-gem-warn-wrap{max-width:100%;font-family:inherit;margin:18px 0 24px;}\n.pmc-gem-warn-box{background:#fffbeb;border:1px solid #fcd34d;border-left:4px solid #f59e0b;border-radius:8px;padding:16px 20px;display:flex;gap:14px;align-items:flex-start;}\n.pmc-gem-warn-icon{width:24px;height:24px;color:#f59e0b;flex-shrink:0;margin-top:1px;}\n.pmc-gem-warn-content{flex:1;min-width:0;}\n.pmc-gem-warn-label{font-size:11px;font-weight:600;text-transform:uppercase;letter-spacing:0.6px;color:#b45309;margin-bottom:4px;}\n.pmc-gem-warn-text{font-size:14px;line-height:1.6;color:#2e2e2e;margin:0;}\n.pmc-gem-warn-text a{color:#b45309 !important;text-decoration:underline !important;font-weight:600;}\n.pmc-gem-warn-text a:hover,.pmc-gem-warn-text a:focus,.pmc-gem-warn-text a:visited{color:#92400e !important;text-decoration:underline !important;}\n@media (max-width:600px){.pmc-gem-warn-box{padding:14px 16px;gap:12px;}}\n<\/style>\n<div class=\"pmc-gem-warn-wrap\">\n  <div class=\"pmc-gem-warn-box\">\n    <svg class=\"pmc-gem-warn-icon\" viewBox=\"0 0 24 24\" fill=\"none\" stroke=\"currentColor\" stroke-width=\"2\" stroke-linecap=\"round\" stroke-linejoin=\"round\"><path d=\"M10.29 3.86 1.82 18a2 2 0 0 0 1.71 3h16.94a2 2 0 0 0 1.71-3L13.71 3.86a2 2 0 0 0-3.42 0z\"><\/path><line x1=\"12\" y1=\"9\" x2=\"12\" y2=\"13\"><\/line><line x1=\"12\" y1=\"17\" x2=\"12.01\" y2=\"17\"><\/line><\/svg>\n    <div class=\"pmc-gem-warn-content\">\n      <div class=\"pmc-gem-warn-label\">Attenzione ai parcheggiatori abusivi<\/div>\n      <p class=\"pmc-gem-warn-text\">Durante i concerti alla Reggia il fenomeno della sosta selvaggia &egrave; concreto: <a href=\"https:\/\/www.ilmattino.it\/caserta\/caserta_parcheggiatori_abusivi_al_concerto_di_gigi_d_alessio_abbiamo_pagato_20_euro_e_l_auto_e_stata_danneggiata-9584103.html\" target=\"_blank\" rel=\"noopener nofollow\">durante le serate di Gigi D&rsquo;Alessio alcuni spettatori hanno pagato 20&nbsp;euro a parcheggiatori abusivi ritrovandosi l&rsquo;auto danneggiata<\/a>. Prenotando un posto in una struttura privata eviti rischi, sovrapprezzi e brutte sorprese al ritorno.<\/p>\n    <\/div>\n  <\/div>\n<\/div>\n\n\n\n<div style=\"height:10px\" aria-hidden=\"true\" class=\"wp-block-spacer\"><\/div>\n\n\n\n<p class=\"wp-block-paragraph\">Vuoi evitare giri a vuoto, stress e brutte sorprese? Su <strong>ParkingMyCar<\/strong> trovi <a href=\"https:\/\/www.parkingmycar.it\/parcheggio-reggia-caserta\"><strong>parcheggi in struttura vicino alla Reggia di Caserta<\/strong><\/a> coperti o scoperti, prenotabili online e pronti ad accogliere la tua auto mentre ti godi l&#8217;evento. Tra le soluzioni consigliate:<\/p>\n\n\n\n<div style=\"height:30px\" aria-hidden=\"true\" class=\"wp-block-spacer\"><\/div>\n\n\n\n<style>\n.pmc-gem-04-wrap{max-width:100%;font-family:inherit;color:#2e2e2e;margin:24px 0 20px;scroll-margin-top:80px;}\n.pmc-gem-04-box{background:#fff7ed;border:1px solid #fc8031;border-radius:12px;padding:24px;}\n.pmc-gem-04-head{display:flex;align-items:center;gap:12px;margin-bottom:12px;}\n.pmc-gem-04-head svg{width:28px;height:28px;color:#fc8031;flex-shrink:0;}\n.pmc-gem-04-title{font-size:19px;font-weight:600;color:#2e2e2e;margin:0;}\n.pmc-gem-04-intro{font-size:15px;line-height:1.65;color:#2e2e2e;margin:0 0 18px;}\n.pmc-gem-04-intro a{color:#fc8031 !important;text-decoration:underline !important;}\n.pmc-gem-04-options{display:grid;grid-template-columns:repeat(3,1fr);gap:14px;}\n.pmc-gem-04-option{background:#ffffff;border:1px solid #cbd5e1;border-radius:8px;padding:16px;display:flex;flex-direction:column;}\n.pmc-gem-04-opt-title{font-size:16px;font-weight:600;margin:0 0 4px;color:#2e2e2e;}\n.pmc-gem-04-tag{display:inline-block;font-size:11px;font-weight:600;color:#fc8031;text-transform:uppercase;letter-spacing:0.5px;margin-bottom:10px;}\n.pmc-gem-04-feature{font-size:13px;color:#475569;line-height:1.55;margin:0 0 14px;flex:1;display:flex;align-items:flex-start;gap:6px;}\n.pmc-gem-04-feature svg{width:14px;height:14px;color:#fc8031;flex-shrink:0;margin-top:3px;}\n.pmc-gem-04-btn{display:inline-block !important;font-size:14px !important;color:#ffffff !important;background:#fc8031 !important;padding:10px 16px !important;border-radius:6px !important;text-decoration:none !important;font-weight:600 !important;text-align:center;border:none;}\n.pmc-gem-04-btn:hover,.pmc-gem-04-btn:focus,.pmc-gem-04-btn:visited{color:#ffffff !important;background:#e36e1f !important;text-decoration:none !important;}\n.pmc-gem-04-opt-title-link{color:#2e2e2e !important;text-decoration:none !important;}\n.pmc-gem-04-opt-title-link:hover,.pmc-gem-04-opt-title-link:focus,.pmc-gem-04-opt-title-link:visited{color:#2e2e2e !important;text-decoration:none !important;}\n@media (max-width:781px){.pmc-gem-04-options{grid-template-columns:1fr;}}\n@media (max-width:600px){.pmc-gem-04-box{padding:20px;}}\n<\/style>\n<div class=\"pmc-gem-04-wrap\" id=\"parcheggi\">\n  <div class=\"pmc-gem-04-box\">\n    <div class=\"pmc-gem-04-head\">\n      <svg viewBox=\"0 0 24 24\" fill=\"none\" stroke=\"currentColor\" stroke-width=\"2\" stroke-linecap=\"round\" stroke-linejoin=\"round\"><rect x=\"3\" y=\"3\" width=\"18\" height=\"18\" rx=\"2\"><\/rect><path d=\"M9 17V7h4a3 3 0 010 6H9\"><\/path><\/svg>\n      <h3 class=\"pmc-gem-04-title\">Parcheggi consigliati vicino alla Reggia<\/h3>\n    <\/div>\n    <p class=\"pmc-gem-04-intro\">La Reggia non dispone di un parcheggio dedicato ai visitatori. Su <a href=\"https:\/\/www.parkingmycar.it\/parcheggio-reggia-caserta\" target=\"_blank\" rel=\"noopener\">ParkingMyCar<\/a> trovi posti disponibili nella data del concerto. Ecco tre strutture private prenotabili online:<\/p>\n    <div class=\"pmc-gem-04-options\">\n      <div class=\"pmc-gem-04-option\">\n        <h3 class=\"pmc-gem-04-opt-title\"><a href=\"https:\/\/www.parkingmycar.it\/parcheggio-caserta-centro\/park-in\" target=\"_blank\" rel=\"noopener\" class=\"pmc-gem-04-opt-title-link\">Park-In<\/a><\/h3>\n        <div class=\"pmc-gem-04-tag\">Coperto<\/div>\n        <div class=\"pmc-gem-04-feature\">\n          <svg viewBox=\"0 0 24 24\" fill=\"none\" stroke=\"currentColor\" stroke-width=\"2\" stroke-linecap=\"round\" stroke-linejoin=\"round\"><path d=\"M12 22s8-4 8-10V5l-8-3-8 3v7c0 6 8 10 8 10z\"><\/path><polyline points=\"9 12 11 14 15 10\"><\/polyline><\/svg>\n          <span><strong>Videosorvegliato<\/strong> e con colonnine di ricarica per auto elettriche.<\/span>\n        <\/div>\n        <a href=\"https:\/\/www.parkingmycar.it\/parcheggio-caserta-centro\/park-in\" target=\"_blank\" rel=\"noopener\" class=\"pmc-gem-04-btn\">Verifica disponibilit\u00e0<\/a>\n      <\/div>\n      <div class=\"pmc-gem-04-option\">\n        <h3 class=\"pmc-gem-04-opt-title\"><a href=\"https:\/\/www.parkingmycar.it\/parcheggio-stazione-caserta\/quick-mercato\" target=\"_blank\" rel=\"noopener\" class=\"pmc-gem-04-opt-title-link\">Quick Mercato<\/a><\/h3>\n        <div class=\"pmc-gem-04-tag\">Scoperto<\/div>\n        <div class=\"pmc-gem-04-feature\">\n          <svg viewBox=\"0 0 24 24\" fill=\"none\" stroke=\"currentColor\" stroke-width=\"2\" stroke-linecap=\"round\" stroke-linejoin=\"round\"><circle cx=\"12\" cy=\"12\" r=\"10\"><\/circle><path d=\"M12 6v6l4 2\"><\/path><path d=\"M8 2l-2 2\"><\/path><path d=\"M16 2l2 2\"><\/path><\/svg>\n          <span><strong>Aperto h24<\/strong> con sistema automatizzato di entrata e uscita.<\/span>\n        <\/div>\n        <a href=\"https:\/\/www.parkingmycar.it\/parcheggio-stazione-caserta\/quick-mercato\" target=\"_blank\" rel=\"noopener\" class=\"pmc-gem-04-btn\">Verifica disponibilit\u00e0<\/a>\n      <\/div>\n      <div class=\"pmc-gem-04-option\">\n        <h3 class=\"pmc-gem-04-opt-title\"><a href=\"https:\/\/www.parkingmycar.it\/parcheggio-caserta-centro\/ezio-garage\" target=\"_blank\" rel=\"noopener\" class=\"pmc-gem-04-opt-title-link\">Ezio Garage<\/a><\/h3>\n        <div class=\"pmc-gem-04-tag\">Coperto<\/div>\n       \n        <div class=\"pmc-gem-04-feature\">\n          <svg viewBox=\"0 0 24 24\" fill=\"none\" stroke=\"currentColor\" stroke-width=\"2\" stroke-linecap=\"round\" stroke-linejoin=\"round\"><circle cx=\"12\" cy=\"12\" r=\"10\"><\/circle><polyline points=\"12 6 12 12 16 14\"><\/polyline><\/svg>\n          <span>Nelle serate dei concerti, <strong>apertura estesa fino alle 01:30<\/strong> per la massima comodit\u00e0 al ritorno.<\/span>\n        <\/div>\n        <a href=\"https:\/\/www.parkingmycar.it\/parcheggio-caserta-centro\/ezio-garage\" target=\"_blank\" rel=\"noopener\" class=\"pmc-gem-04-btn\">Verifica disponibilit\u00e0<\/a>\n      <\/div>\n    <\/div>\n  <\/div>\n<\/div>\n\n\n\n<div style=\"height:50px\" aria-hidden=\"true\" class=\"wp-block-spacer\"><\/div>\n\n\n\n<h3 id=\"ezio-garage-o-quick-mercato-confronto-rapido\" class=\"wp-block-heading\"><strong>Ezio Garage o Quick Mercato? Confronto rapido<\/strong><\/h3>\n\n\n\n<style>\n.pmc-gem-05-wrap{max-width:100%;font-family:inherit;color:#2e2e2e;margin:20px 0 32px;}\n.pmc-gem-05-table-wrap{border:1px solid #cbd5e1;border-radius:12px;overflow-x:visible;overflow-y:hidden;}\n.pmc-gem-05-table{width:100%;border-collapse:collapse;font-size:14px;}\n.pmc-gem-05-table thead th{background:#e2e8f0;padding:13px 16px;text-align:left;font-weight:600;color:#2e2e2e;border-bottom:1px solid #cbd5e1;}\n.pmc-gem-05-table thead th:not(:first-child){border-left:1px solid #cbd5e1;}\n.pmc-gem-05-table tbody td{padding:13px 16px;border-top:1px solid #cbd5e1;vertical-align:middle;}\n.pmc-gem-05-table tbody td:not(:first-child){border-left:1px solid #cbd5e1;}\n.pmc-gem-05-table tbody tr:nth-child(even) td{background:#f8fafc;}\n.pmc-gem-05-table tbody tr:nth-child(odd) td{background:#ffffff;}\n.pmc-gem-05-label{color:#475569;}\n@media (max-width:600px){\n.pmc-gem-05-table-wrap{border:none;border-radius:0;}\n.pmc-gem-05-table thead{display:none;}\n.pmc-gem-05-table tbody tr{display:block;border:1px solid #cbd5e1;border-radius:12px;margin-bottom:12px;overflow:hidden;}\n.pmc-gem-05-table tbody td{display:flex;justify-content:space-between;align-items:center;padding:11px 14px;border-top:none;border-left:none !important;border-bottom:1px solid #cbd5e1;background:#ffffff !important;text-align:right;}\n.pmc-gem-05-table tbody td:last-child{border-bottom:none;}\n.pmc-gem-05-table tbody td::before{content:attr(data-label);font-weight:600;color:#2e2e2e;margin-right:12px;text-align:left;}\n.pmc-gem-05-table tbody td:first-child{background:#e2e8f0 !important;font-weight:600;text-align:left;justify-content:flex-start;}\n.pmc-gem-05-table tbody td:first-child::before{content:none;}\n}\n<\/style>\n<div class=\"pmc-gem-05-wrap\">\n  <div class=\"pmc-gem-05-table-wrap\">\n    <table class=\"pmc-gem-05-table\">\n      <thead>\n        <tr>\n          <th>Caratteristica<\/th>\n          <th>Park-In<\/th>\n          <th>Quick Mercato<\/th>\n          <th>Ezio Garage<\/th>\n        <\/tr>\n      <\/thead>\n      <tbody>\n        <tr>\n          <td class=\"pmc-gem-05-label\">Tipologia<\/td>\n          <td data-label=\"Park-In\">Coperto<\/td>\n          <td data-label=\"Quick Mercato\">Scoperto<\/td>\n          <td data-label=\"Ezio Garage\">Coperto<\/td>\n        <\/tr>\n        <tr>\n          <td class=\"pmc-gem-05-label\">Accesso<\/td>\n          <td data-label=\"Park-In\">Entra ed esci liberamente<\/td>\n          <td data-label=\"Quick Mercato\">Aperto 24 ore su 24<\/td>\n          <td data-label=\"Ezio Garage\">Apertura estesa fino all&rsquo;01:30 nelle serate del concerto<\/td>\n        <\/tr>\n        <tr>\n          <td class=\"pmc-gem-05-label\">Servizi<\/td>\n          <td data-label=\"Park-In\">Videosorvegliato, ricarica auto elettriche<\/td>\n          <td data-label=\"Quick Mercato\">Sistema automatizzato entrata\/uscita<\/td>\n          <td data-label=\"Ezio Garage\">Personale in struttura, ammessi metano e GPL<\/td>\n        <\/tr>\n        <tr>\n          <td class=\"pmc-gem-05-label\">Ideale per<\/td>\n          <td data-label=\"Park-In\">Videosorveglianza e auto elettriche<\/td>\n          <td data-label=\"Quick Mercato\">Massima flessibilit&agrave; oraria<\/td>\n          <td data-label=\"Ezio Garage\">Auto al coperto vicino al centro<\/td>\n        <\/tr>\n      <\/tbody>\n    <\/table>\n  <\/div>\n<\/div>\n\n\n\n<div style=\"height:50px\" aria-hidden=\"true\" class=\"wp-block-spacer\"><\/div>\n\n\n\n<h2 id=\"domande-frequenti\" class=\"wp-block-heading\"><strong>Domande frequenti<\/strong><\/h2>\n\n\n<div id=\"rank-math-faq\" class=\"rank-math-block\">\n<div class=\"rank-math-list \">\n<div id=\"faq-question-1788164308296\" class=\"rank-math-list-item\">\n<h3 class=\"rank-math-question \"><strong>Dove posso parcheggiare per il concerto di Gemitaiz alla Reggia di Caserta?<\/strong><\/h3>\n<div class=\"rank-math-answer \">\n\n<p>La Reggia non ha un parcheggio dedicato. Su <a href=\"https:\/\/www.parkingmycar.it\/parcheggio-reggia-caserta\">ParkingMyCar<\/a> puoi prenotare online un posto in struttura vicino a Piazza Carlo di Borbone: tra le opzioni Park-In (coperto), Quick Mercato (scoperto) ed Ezio Garage (coperto, con apertura estesa fino all&#8217;01:30 nelle serate dei concerti).<\/p>\n\n<\/div>\n<\/div>\n<div id=\"faq-question-1788164313998\" class=\"rank-math-list-item\">\n<h3 class=\"rank-math-question \"><strong>A che ora inizia il concerto di Gemitaiz alla Reggia di Caserta?<\/strong><\/h3>\n<div class=\"rank-math-answer \">\n\n<p>Il live \u00e8 previsto per le ore 21:00 di gioved\u00ec 3 settembre 2026. L&#8217;orario di apertura delle porte non \u00e8 ancora stato comunicato dall&#8217;organizzazione: verr\u00e0 reso noto in prossimit\u00e0 dell&#8217;evento.<\/p>\n\n<\/div>\n<\/div>\n<div id=\"faq-question-1788164315458\" class=\"rank-math-list-item\">\n<h3 class=\"rank-math-question \"><strong>Quanto costano i biglietti per Gemitaiz alla Reggia di Caserta?<\/strong><\/h3>\n<div class=\"rank-math-answer \">\n\n<p>I biglietti sono disponibili su TicketOne a partire da 48 \u20ac, dove puoi verificare settori e disponibilit\u00e0 in tempo reale.<\/p>\n\n<\/div>\n<\/div>\n<div id=\"faq-question-1788164316932\" class=\"rank-math-list-item\">\n<h3 class=\"rank-math-question \"><strong>Come si arriva alla Reggia di Caserta in auto?<\/strong><\/h3>\n<div class=\"rank-math-answer \">\n\n<p>In auto: A1 uscita Caserta Nord (da Roma e da nord), A30 uscita Caserta Sud (da Napoli, Salerno, Bari), poi indicazioni per Caserta \/ Reggia. In treno la stazione di Caserta \u00e8 a pochi minuti a piedi dall&#8217;ingresso. Parti con anticipo: nel giorno del concerto il traffico aumenta.<\/p>\n\n<\/div>\n<\/div>\n<\/div>\n<\/div>\n\n\n<div style=\"height:30px\" aria-hidden=\"true\" class=\"wp-block-spacer\"><\/div>\n\n\n\n<h2 id=\"gemitaiz-live-alla-reggia-di-caserta-conclusioni\" class=\"wp-block-heading\"><strong>Gemitaiz live alla Reggia di Caserta: conclusioni<\/strong><\/h2>\n\n\n\n<p class=\"wp-block-paragraph\">Il concerto di Gemitaiz alla Reggia di Caserta \u00e8 una di quelle serate in cui il contrasto fa met\u00e0 dello spettacolo: il rap pi\u00f9 diretto della scena italiana davanti alla facciata vanvitelliana illuminata. Se arrivi con calma e vuoi sfruttare la giornata, dai un&#8217;occhiata anche alla nostra guida su <a href=\"https:\/\/www.parkingmycar.it\/blog\/visitare-la-reggia-di-caserta\/\">come visitare la Reggia di Caserta in un giorno<\/a>, e a <a href=\"https:\/\/www.parkingmycar.it\/blog\/come-arrivare-alla-reggia-di-caserta\/\">come arrivare alla Reggia di Caserta<\/a> per tutti i dettagli su treni e accessi. E il posto auto? Puoi riservarlo subito dal nostro sito o dall&#8217;<strong>app ParkingMyCar<\/strong> (<a href=\"https:\/\/play.google.com\/store\/apps\/details?id=it.parkingmycar.parkingmyapp&amp;referrer=utm_source=pmc&amp;utm_medium=blog&amp;utm_content=post&amp;utm_campaign=IT-IT_PMC_C_APP_Android_Blog-post\" target=\"_blank\" rel=\"noopener\"><strong>Android<\/strong><\/a>, <a href=\"https:\/\/apps.apple.com\/app\/apple-store\/id1613368206?pt=123732674&amp;ct=IT-IT_PMC_C_APP_iOS_Blog-post&amp;mt=8\" target=\"_blank\" rel=\"noopener\"><strong>iOS<\/strong><\/a>).<\/p>\n\n\n\n<div style=\"height:30px\" aria-hidden=\"true\" class=\"wp-block-spacer\"><\/div>\n\n\n\n<style>\n.pmc-gem-07-wrap{max-width:100%;font-family:inherit;color:#2e2e2e;margin:28px 0 24px;}\n.pmc-gem-07-box{background:#f8fafc;border:1px solid #cbd5e1;border-radius:12px;padding:22px 24px;display:flex;align-items:center;gap:20px;}\n.pmc-gem-07-icon{width:52px;height:52px;background:#fc8031;border-radius:50%;display:flex;align-items:center;justify-content:center;color:#ffffff;flex-shrink:0;}\n.pmc-gem-07-icon svg{width:26px;height:26px;}\n.pmc-gem-07-content{flex:1;min-width:0;}\n.pmc-gem-07-title{font-size:17px;font-weight:600;margin:0 0 4px;color:#2e2e2e;}\n.pmc-gem-07-text{font-size:14px;line-height:1.55;color:#475569;margin:0;}\n.pmc-gem-07-btn{display:inline-block !important;font-size:14px !important;color:#ffffff !important;background:#fc8031 !important;padding:11px 20px !important;border-radius:6px !important;text-decoration:none !important;font-weight:600 !important;white-space:nowrap;flex-shrink:0;}\n.pmc-gem-07-btn:hover,.pmc-gem-07-btn:focus,.pmc-gem-07-btn:visited{color:#ffffff !important;background:#e36e1f !important;text-decoration:none !important;}\n@media (max-width:600px){.pmc-gem-07-box{flex-direction:column;align-items:flex-start;padding:20px;gap:14px;}.pmc-gem-07-btn{width:100%;text-align:center;}}\n<\/style>\n<div class=\"pmc-gem-07-wrap\">\n  <div class=\"pmc-gem-07-box\">\n    <div class=\"pmc-gem-07-icon\">\n      <svg viewBox=\"0 0 24 24\" fill=\"none\" stroke=\"currentColor\" stroke-width=\"2\" stroke-linecap=\"round\" stroke-linejoin=\"round\"><rect x=\"3\" y=\"3\" width=\"18\" height=\"18\" rx=\"2\"><\/rect><path d=\"M9 17V7h4a3 3 0 010 6H9\"><\/path><\/svg>\n    <\/div>\n    <div class=\"pmc-gem-07-content\">\n      <p class=\"pmc-gem-07-title\">Goditi il concerto, al parcheggio pensiamo noi<\/p>\n      <p class=\"pmc-gem-07-text\">Prenota in pochi clic il tuo posto vicino alla Reggia di Caserta e vivi la serata senza pensieri.<\/p>\n    <\/div>\n    <a href=\"https:\/\/www.parkingmycar.it\/parcheggio-reggia-caserta\" target=\"_blank\" rel=\"noopener\" class=\"pmc-gem-07-btn\">Prenota il parcheggio<\/a>\n  <\/div>\n<\/div>\n\n\n\n<div style=\"height:50px\" aria-hidden=\"true\" class=\"wp-block-spacer\"><\/div>\n","protected":false},"excerpt":{"rendered":"<p>Gemitaiz arriva all&#8217;appuntamento campano nella fase pi\u00f9 matura della sua carriera. E lo fa in una cornice che con il rap ha poco a che spartire.<\/p>\n","protected":false},"author":3,"featured_media":14955,"comment_status":"closed","ping_status":"closed","sticky":false,"template":"","format":"standard","meta":{"footnotes":""},"categories":[6],"tags":[130,131,127,51,41,60],"class_list":["post-14952","post","type-post","status-publish","format-standard","has-post-thumbnail","hentry","category-eventi-esperienze","tag-ai-act","tag-ai-act-2","tag-caserta","tag-consigli-utili","tag-musica-live","tag-parcheggi-citta","infinite-scroll-item","generate-columns","tablet-grid-50","mobile-grid-100","grid-parent","grid-50"],"_links":{"self":[{"href":"https:\/\/www.parkingmycar.it\/blog\/wp-json\/wp\/v2\/posts\/14952","targetHints":{"allow":["GET"]}}],"collection":[{"href":"https:\/\/www.parkingmycar.it\/blog\/wp-json\/wp\/v2\/posts"}],"about":[{"href":"https:\/\/www.parkingmycar.it\/blog\/wp-json\/wp\/v2\/types\/post"}],"author":[{"embeddable":true,"href":"https:\/\/www.parkingmycar.it\/blog\/wp-json\/wp\/v2\/users\/3"}],"replies":[{"embeddable":true,"href":"https:\/\/www.parkingmycar.it\/blog\/wp-json\/wp\/v2\/comments?post=14952"}],"version-history":[{"count":7,"href":"https:\/\/www.parkingmycar.it\/blog\/wp-json\/wp\/v2\/posts\/14952\/revisions"}],"predecessor-version":[{"id":14960,"href":"https:\/\/www.parkingmycar.it\/blog\/wp-json\/wp\/v2\/posts\/14952\/revisions\/14960"}],"wp:featuredmedia":[{"embeddable":true,"href":"https:\/\/www.parkingmycar.it\/blog\/wp-json\/wp\/v2\/media\/14955"}],"wp:attachment":[{"href":"https:\/\/www.parkingmycar.it\/blog\/wp-json\/wp\/v2\/media?parent=14952"}],"wp:term":[{"taxonomy":"category","embeddable":true,"href":"https:\/\/www.parkingmycar.it\/blog\/wp-json\/wp\/v2\/categories?post=14952"},{"taxonomy":"post_tag","embeddable":true,"href":"https:\/\/www.parkingmycar.it\/blog\/wp-json\/wp\/v2\/tags?post=14952"}],"curies":[{"name":"wp","href":"https:\/\/api.w.org\/{rel}","templated":true}]}}