{"id":14967,"date":"2026-09-01T09:00:00","date_gmt":"2026-09-01T07:00:00","guid":{"rendered":"https:\/\/www.parkingmycar.it\/blog\/?p=14967"},"modified":"2026-09-01T13:58:12","modified_gmt":"2026-09-01T11:58:12","slug":"negramaro-alla-reggia-di-caserta","status":"publish","type":"post","link":"https:\/\/www.parkingmycar.it\/blog\/negramaro-alla-reggia-di-caserta\/","title":{"rendered":"Negramaro alla Reggia di Caserta 2026: info e parcheggi"},"content":{"rendered":"\n<div class=\"wp-block-rank-math-toc-block\" id=\"rank-math-toc\"><p><strong>In questo articolo:<\/strong><\/p><nav><ul><li class=\"\"><a href=\"#negramaro-alla-reggia-di-caserta\">Negramaro alla Reggia di Caserta<\/a><ul><li class=\"\"><a href=\"#location\">Location<\/a><\/li><li class=\"\"><a href=\"#biglietti-concerto-negramaro\">Biglietti concerto Negramaro<\/a><\/li><li class=\"\"><a href=\"#scaletta-concerto\">Scaletta concerto<\/a><\/li><\/ul><\/li><li class=\"\"><a href=\"#come-arrivare-alla-reggia-di-caserta\">Come arrivare alla Reggia di Caserta<\/a><\/li><li class=\"\"><a href=\"#dove-parcheggiare-per-il-concerto-dei-negramaro-alla-reggia-di-caserta\">Parcheggi per il concerto dei Negramaro alla Reggia di Caserta<\/a><\/li><li class=\"\"><a href=\"#domande-frequenti\">Domande frequenti<\/a><ul><li class=\"\"><a href=\"#faq-question-1788262805512\">Dove posso parcheggiare per il concerto dei Negramaro alla Reggia di Caserta?<\/a><\/li><li class=\"\"><a href=\"#faq-question-1788262808955\">Quanto costano i biglietti per i Negramaro alla Reggia di Caserta?<\/a><\/li><li class=\"\"><a href=\"#faq-question-1788262809900\">Ci sono limitazioni al traffico la sera del concerto?<\/a><\/li><\/ul><\/li><li class=\"\"><a href=\"#negramaro-live-alla-reggia-di-caserta-conclusioni\">Negramaro live alla Reggia di Caserta: conclusioni<\/a><\/li><\/ul><\/nav><\/div>\n\n\n\n<div style=\"height:50px\" aria-hidden=\"true\" class=\"wp-block-spacer\"><\/div>\n\n\n\n<p class=\"wp-block-paragraph\">Vent&#8217;anni di canzoni, un&#8217;ultima estate insieme e poi una lunga pausa. I <strong>Negramaro<\/strong> chiudono un ciclo con \u00abUna storia ancora semplice\u00bb e scelgono una delle cornici pi\u00f9 maestose d&#8217;Italia per la loro unica data campana: la <strong>Reggia di Caserta<\/strong>.<\/p>\n\n\n\n<p class=\"wp-block-paragraph\">Appuntamento venerd\u00ec <strong>4 settembre 2026<\/strong> in Piazza Carlo di Borbone. In questo articolo trovi tutto quello che ti serve per vivere la serata senza pensieri: <strong>biglietti, come arrivare e, soprattutto\u2026 dove parcheggiare<\/strong>.<\/p>\n\n\n\n<div style=\"height:30px\" aria-hidden=\"true\" class=\"wp-block-spacer\"><\/div>\n\n\n\n<style>\n.pmc-negr-01-wrap{max-width:680px;font-family:inherit;color:#2e2e2e;margin:24px 0 32px;}\n.pmc-negr-01-box{background:#f8fafc;border:1px solid #cbd5e1;border-left:4px solid #fc8031;border-radius:12px;padding:22px 24px;}\n.pmc-negr-01-label{font-size:11px;font-weight:600;letter-spacing:0.8px;text-transform:uppercase;color:#fc8031;margin:0 0 12px;}\n.pmc-negr-01-grid{display:grid;grid-template-columns:repeat(2,1fr);gap:16px 24px;margin-bottom:16px;}\n.pmc-negr-01-item-label{font-size:12px;color:#64748b;margin-bottom:3px;display:flex;align-items:center;gap:6px;}\n.pmc-negr-01-item-value{font-size:15px;font-weight:500;color:#2e2e2e;}\n.pmc-negr-01-cta{display:inline-flex !important;align-items:center;gap:6px;font-size:14px;color:#fc8031 !important;font-weight:500;text-decoration:none !important;border-bottom:1px solid #fc8031;padding-bottom:1px;}\n.pmc-negr-01-cta:hover,.pmc-negr-01-cta:focus,.pmc-negr-01-cta:visited{color:#fc8031 !important;text-decoration:none !important;}\n.pmc-negr-01-ico{width:14px;height:14px;flex-shrink:0;}\n@media (max-width:600px){.pmc-negr-01-box{padding:18px;}.pmc-negr-01-grid{grid-template-columns:1fr;gap:14px;}}\n<\/style>\n<div class=\"pmc-negr-01-wrap\">\n  <div class=\"pmc-negr-01-box\">\n    <p class=\"pmc-negr-01-label\">In breve<\/p>\n    <div class=\"pmc-negr-01-grid\">\n      <div>\n        <div class=\"pmc-negr-01-item-label\"><svg class=\"pmc-negr-01-ico\" viewbox=\"0 0 24 24\" fill=\"none\" stroke=\"currentColor\" stroke-width=\"2\" stroke-linecap=\"round\" stroke-linejoin=\"round\"><path d=\"M9 18V5l12-2v13\"><\/path><circle cx=\"6\" cy=\"18\" r=\"3\"><\/circle><circle cx=\"18\" cy=\"16\" r=\"3\"><\/circle><\/svg>Artista<\/div>\n        <div class=\"pmc-negr-01-item-value\">Negramaro<\/div>\n      <\/div>\n      <div>\n        <div class=\"pmc-negr-01-item-label\"><svg class=\"pmc-negr-01-ico\" viewbox=\"0 0 24 24\" fill=\"none\" stroke=\"currentColor\" stroke-width=\"2\" stroke-linecap=\"round\" stroke-linejoin=\"round\"><path d=\"M21 10c0 7-9 13-9 13s-9-6-9-13a9 9 0 0 1 18 0z\"><\/path><circle cx=\"12\" cy=\"10\" r=\"3\"><\/circle><\/svg>Location<\/div>\n        <div class=\"pmc-negr-01-item-value\">Reggia di Caserta<\/div>\n      <\/div>\n      <div>\n        <div class=\"pmc-negr-01-item-label\"><svg class=\"pmc-negr-01-ico\" viewbox=\"0 0 24 24\" fill=\"none\" stroke=\"currentColor\" stroke-width=\"2\" stroke-linecap=\"round\" stroke-linejoin=\"round\"><rect x=\"3\" y=\"4\" width=\"18\" height=\"18\" rx=\"2\"><\/rect><line x1=\"16\" y1=\"2\" x2=\"16\" y2=\"6\"><\/line><line x1=\"8\" y1=\"2\" x2=\"8\" y2=\"6\"><\/line><line x1=\"3\" y1=\"10\" x2=\"21\" y2=\"10\"><\/line><\/svg>Data<\/div>\n        <div class=\"pmc-negr-01-item-value\">Venerd\u00ec 4 settembre 2026<\/div>\n      <\/div>\n      <div>\n        <div class=\"pmc-negr-01-item-label\"><svg class=\"pmc-negr-01-ico\" viewbox=\"0 0 24 24\" fill=\"none\" stroke=\"currentColor\" stroke-width=\"2\" stroke-linecap=\"round\" stroke-linejoin=\"round\"><circle cx=\"12\" cy=\"12\" r=\"10\"><\/circle><polyline points=\"12 6 12 12 16 14\"><\/polyline><\/svg>Orario<\/div>\n        <!-- pmc-flag: orario apertura porte non comunicato dall'organizzatore. Se lo ottieni, aggiungi qui \"(porte HH:MM)\" come nello spoke Tony Pitony. -->\n        <div class=\"pmc-negr-01-item-value\">21:00<\/div>\n      <\/div>\n    <\/div>\n    <a href=\"#parcheggi\" class=\"pmc-negr-01-cta\">Hai gi\u00e0 il biglietto? Pensa al parcheggio <svg class=\"pmc-negr-01-ico\" viewbox=\"0 0 24 24\" fill=\"none\" stroke=\"currentColor\" stroke-width=\"2\" stroke-linecap=\"round\" stroke-linejoin=\"round\"><line x1=\"5\" y1=\"12\" x2=\"19\" y2=\"12\"><\/line><polyline points=\"12 5 19 12 12 19\"><\/polyline><\/svg><\/a>\n  <\/div>\n<\/div>\n\n\n\n<div style=\"height:50px\" aria-hidden=\"true\" class=\"wp-block-spacer\"><\/div>\n\n\n\n<h2 id=\"negramaro-alla-reggia-di-caserta\" class=\"wp-block-heading\"><strong>Negramaro alla Reggia di Caserta<\/strong><\/h2>\n\n\n\n<p class=\"wp-block-paragraph\">Dopo il tour nei palasport, i <strong>Negramaro <\/strong>tornano nei festival all&#8217;aperto per la prima volta dopo dieci anni. \u00ab<em>Una storia ancora semplice<\/em>\u00bb \u00e8 pensato come un abbraccio collettivo: due decenni di canzoni ripercorsi dal vivo prima di una lunga pausa. Sul palco di <strong>Piazza Carlo di Borbone<\/strong>, davanti alla facciata vanvitelliana illuminata, la formazione al completo: <strong>Giuliano Sangiorgi<\/strong> alla voce, Emanuele Spedicato alla chitarra, Ermanno Carl\u00e0 al basso, Danilo Tasco alla batteria, Andrea Mariano a piano e tastiere, Andrea De Rocco ai campionatori.<\/p>\n\n\n\n<div style=\"height:30px\" aria-hidden=\"true\" class=\"wp-block-spacer\"><\/div>\n\n\n\n<style>\n.pmc-negr-02-wrap{max-width:100%;font-family:inherit;color:#2e2e2e;margin:20px 0 28px;}\n.pmc-negr-02-box{background:#f8fafc;border:1px solid #cbd5e1;border-radius:12px;padding:20px;}\n.pmc-negr-02-head{display:flex;align-items:center;gap:10px;margin-bottom:16px;}\n.pmc-negr-02-head svg{width:20px;height:20px;color:#fc8031;flex-shrink:0;}\n.pmc-negr-02-head-text{font-size:14px;font-weight:500;color:#2e2e2e;}\n.pmc-negr-02-date{display:flex;align-items:center;gap:22px;background:#ffffff;border:1px solid #cbd5e1;border-radius:10px;padding:18px 22px;}\n.pmc-negr-02-daybox{text-align:center;flex-shrink:0;min-width:70px;}\n.pmc-negr-02-dow{font-size:12px;color:#64748b;text-transform:uppercase;letter-spacing:0.5px;font-weight:600;}\n.pmc-negr-02-num{font-size:40px;font-weight:700;line-height:1;color:#fc8031;margin:3px 0;}\n.pmc-negr-02-mon{font-size:13px;color:#64748b;}\n.pmc-negr-02-sep{width:1px;align-self:stretch;background:#cbd5e1;}\n.pmc-negr-02-info-title{font-size:16px;font-weight:600;color:#2e2e2e;margin:0 0 4px;}\n.pmc-negr-02-info-text{font-size:14px;color:#475569;line-height:1.55;margin:0;}\n@media (max-width:600px){.pmc-negr-02-box{padding:14px;}.pmc-negr-02-date{gap:16px;padding:14px 16px;}.pmc-negr-02-num{font-size:34px;}.pmc-negr-02-daybox{min-width:58px;}}\n<\/style>\n<div class=\"pmc-negr-02-wrap\">\n  <div class=\"pmc-negr-02-box\">\n    <div class=\"pmc-negr-02-head\">\n      <svg viewbox=\"0 0 24 24\" fill=\"none\" stroke=\"currentColor\" stroke-width=\"2\" stroke-linecap=\"round\" stroke-linejoin=\"round\"><rect x=\"3\" y=\"4\" width=\"18\" height=\"18\" rx=\"2\"><\/rect><line x1=\"16\" y1=\"2\" x2=\"16\" y2=\"6\"><\/line><line x1=\"8\" y1=\"2\" x2=\"8\" y2=\"6\"><\/line><line x1=\"3\" y1=\"10\" x2=\"21\" y2=\"10\"><\/line><\/svg>\n      <div class=\"pmc-negr-02-head-text\">Una sola data \u2014 ore 21:00<\/div>\n    <\/div>\n    <div class=\"pmc-negr-02-date\">\n      <div class=\"pmc-negr-02-daybox\">\n        <div class=\"pmc-negr-02-dow\">Ven<\/div>\n        <div class=\"pmc-negr-02-num\">4<\/div>\n        <div class=\"pmc-negr-02-mon\">settembre 2026<\/div>\n      <\/div>\n      <div class=\"pmc-negr-02-sep\"><\/div>\n      <div>\n        <p class=\"pmc-negr-02-info-title\">Negramaro live alla Reggia di Caserta<\/p>\n        <!-- pmc-flag: orario porte non confermato. Testo volutamente privo del riferimento all'apertura. -->\n        <p class=\"pmc-negr-02-info-text\">Reggia di Caserta \u2013 Piazza Carlo di Borbone. Inizio spettacolo previsto per le ore 21:00. L&#8217;orario di accesso \u00e8 indicato sul biglietto.<\/p>\n      <\/div>\n    <\/div>\n  <\/div>\n<\/div>\n\n\n\n<div style=\"height:30px\" aria-hidden=\"true\" class=\"wp-block-spacer\"><\/div>\n\n\n\n<p class=\"wp-block-paragraph\">La data casertana \u00e8 l&#8217;unica tappa campana del tour e rientra nell&#8217;<strong>undicesima edizione di Un&#8217;Estate da Belvedere \u2013 Reggia Session<\/strong>, la rassegna che per tutta l&#8217;estate porta musica e spettacolo in Piazza Carlo di Borbone. I Negramaro arrivano al centro di una settimana fittissima: il <a href=\"https:\/\/www.parkingmycar.it\/blog\/gemitaiz-alla-reggia-di-caserta-parcheggi\/\" data-type=\"post\" data-id=\"14952\"><strong>3 settembre \u00e8 la volta di Gemitaiz<\/strong><\/a>, il 5 di Caparezza. Un dettaglio che conta pi\u00f9 di quanto sembri quando si tratta di trovare posto auto.<\/p>\n\n\n\n<div style=\"height:30px\" aria-hidden=\"true\" class=\"wp-block-spacer\"><\/div>\n\n\n\n<h3 id=\"location\" class=\"wp-block-heading\"><strong>Location<\/strong><\/h3>\n\n\n\n<div class=\"wp-block-columns are-vertically-aligned-center is-layout-flex wp-container-core-columns-is-layout-8f761849 wp-block-columns-is-layout-flex\">\n<div class=\"wp-block-column is-vertically-aligned-center is-layout-flow wp-block-column-is-layout-flow\">\n<figure class=\"wp-block-image size-full\"><img decoding=\"async\" width=\"600\" height=\"337\" src=\"https:\/\/www.parkingmycar.it\/blog\/wp-content\/uploads\/2026\/09\/PMC-Immagini-Blog-Negramaro-Reggia-Di-Caserta-2.jpg\" alt=\"Concerto Negramaro in scena alla Reggia di Caserta\" class=\"wp-image-14975\" srcset=\"https:\/\/www.parkingmycar.it\/blog\/wp-content\/uploads\/2026\/09\/PMC-Immagini-Blog-Negramaro-Reggia-Di-Caserta-2.jpg 600w, https:\/\/www.parkingmycar.it\/blog\/wp-content\/uploads\/2026\/09\/PMC-Immagini-Blog-Negramaro-Reggia-Di-Caserta-2-300x169.jpg 300w\" sizes=\"(max-width: 600px) 100vw, 600px\" \/><figcaption class=\"wp-element-caption\"><em>Immagine generata con intelligenza artificiale<\/em><\/figcaption><\/figure>\n<\/div>\n\n\n\n<div class=\"wp-block-column is-vertically-aligned-center is-layout-flow wp-block-column-is-layout-flow\">\n<p class=\"wp-block-paragraph\">I Negramaro hanno scelto la <strong>Reggia di Caserta<\/strong> per la loro unica data in Campania. <strong>Capolavoro architettonico progettato da Luigi Vanvitelli<\/strong> e patrimonio UNESCO, \u00e8 una delle residenze reali pi\u00f9 imponenti al mondo: giardini, fontane scenografiche e prospettive monumentali fanno da cornice al palco di Piazza Carlo di Borbone.<\/p>\n<\/div>\n<\/div>\n\n\n\n<p class=\"wp-block-paragraph\">C&#8217;\u00e8 anche un motivo in pi\u00f9 per arrivare con calma. Con l&#8217;iniziativa \u00ab<em><a href=\"https:\/\/reggiadicaserta.cultura.gov.it\/reggia-session-2026-biglietto-a-meta-prezzo-per-gli-spettatori-di-unestate-da-belvedere\/\" target=\"_blank\" rel=\"noreferrer noopener\">Reggia Session 2026<\/a><\/em>\u00bb, chi assiste ai concerti della rassegna pu\u00f2 visitare l&#8217;intero Complesso vanvitelliano \u2014 Appartamenti Reali, Parco Reale e Giardino Inglese \u2014 a 9 euro anzich\u00e9 18, nei tre giorni precedenti o successivi allo spettacolo.<\/p>\n\n\n\n<div style=\"height:30px\" aria-hidden=\"true\" class=\"wp-block-spacer\"><\/div>\n\n\n\n<h3 id=\"biglietti-concerto-negramaro\" class=\"wp-block-heading\"><strong>Biglietti concerto Negramaro<\/strong><\/h3>\n\n\n\n<p class=\"wp-block-paragraph\">I biglietti sono disponibili sul <a href=\"https:\/\/www.ticketone.it\/event\/negramaro-una-storia-ancora-semplice-live-2026-reggia-di-caserta-20887890\/\" target=\"_blank\" rel=\"noreferrer noopener\">circuito ufficiale TicketOne<\/a> a partire da 49,00 \u20ac, dove puoi verificare in tempo reale disponibilit\u00e0, settori e prezzi.<\/p>\n\n\n\n<div style=\"height:30px\" aria-hidden=\"true\" class=\"wp-block-spacer\"><\/div>\n\n\n\n<h3 id=\"scaletta-concerto\" class=\"wp-block-heading\">Scaletta concerto<\/h3>\n\n\n\n<p class=\"wp-block-paragraph\">La scaletta \u00e8 uno dei dettagli pi\u00f9 attesi e, anche se ogni serata riserva variazioni, la direzione \u00e8 chiara: <strong>\u00ab<em>Una storia ancora semplice<\/em>\u00bb<\/strong> \u00e8 costruito come un viaggio dentro vent&#8217;anni di canzoni. Da <em>Mentre tutto scorre<\/em> a <em>Estate<\/em>, da <em>Meraviglioso<\/em> a<em> Solo 3 minuti<\/em>, passando per <em>Parlami d&#8217;amore<\/em> e <em>Contatto<\/em>, fino ai brani di <em>Free Love<\/em>, il nono album della band. Un concerto pensato come un lungo coro collettivo: la scommessa \u00e8 che la voce del pubblico si senta quanto quella dal palco.<\/p>\n\n\n\n<div style=\"height:30px\" aria-hidden=\"true\" class=\"wp-block-spacer\"><\/div>\n\n\n\n<h2 id=\"come-arrivare-alla-reggia-di-caserta\" class=\"wp-block-heading\"><strong>Come arrivare alla Reggia di Caserta<\/strong><\/h2>\n\n\n\n<p class=\"wp-block-paragraph\">La <strong>Reggia di Caserta si trova in una posizione strategica e ben collegata<\/strong>. Puoi raggiungerla:<\/p>\n\n\n\n<p class=\"wp-block-paragraph\">In treno: la stazione di Caserta dista pochi minuti a piedi dall&#8217;ingresso della Reggia. Una soluzione perfetta per ridurre traffico e stress.<\/p>\n\n\n\n<p class=\"wp-block-paragraph\">In auto: se scegli il comfort del viaggio in macchina, queste sono le principali uscite a seconda della tua provenienza:<\/p>\n\n\n\n<ul class=\"wp-block-list\">\n<li style=\"font-style:italic;font-weight:400\">Autostrada A1 \u2013 uscita Caserta Nord (da Roma e da nord)<\/li>\n\n\n\n<li style=\"font-style:italic;font-weight:400\">Autostrada A30 \u2013 uscita Caserta Sud (da Napoli, Salerno, Bari)<\/li>\n<\/ul>\n\n\n\n<p class=\"wp-block-paragraph\">Da qui segui le indicazioni per Caserta \/ Reggia. Per i collegamenti statali, se arrivi da nord-est puoi percorrere la SS87 Sannitica, mentre la SS7 Appia \u00e8 un&#8217;opzione valida da altre direzioni. Durante gli eventi il traffico pu\u00f2 essere intenso, quindi \u00e8 consigliato partire con anticipo.<\/p>\n\n\n\n<p class=\"wp-block-paragraph\">Trovi percorsi, ingressi e tutti i dettagli nella nostra <a href=\"https:\/\/www.parkingmycar.it\/blog\/come-arrivare-alla-reggia-di-caserta\/\"><strong>guida su come arrivare alla Reggia di Caserta<\/strong><\/a>.<\/p>\n\n\n\n<div style=\"height:30px\" aria-hidden=\"true\" class=\"wp-block-spacer\"><\/div>\n\n\n\n<style>\n.pmc-negr-03-wrap{max-width:780px;font-family:inherit;color:#2e2e2e;margin:14px 0 22px;}\n.pmc-negr-03-box{background:#f8fafc;border:1px solid #cbd5e1;border-left:4px solid #fc8031;border-radius:8px;padding:14px 18px;display:flex;align-items:center;gap:14px;}\n.pmc-negr-03-icon{width:36px;height:36px;background:#fc8031;border-radius:50%;display:flex;align-items:center;justify-content:center;color:#ffffff;flex-shrink:0;}\n.pmc-negr-03-icon svg{width:18px;height:18px;}\n.pmc-negr-03-content{flex:1;min-width:0;}\n.pmc-negr-03-label{font-size:11px;font-weight:600;color:#fc8031;text-transform:uppercase;letter-spacing:0.6px;margin-bottom:2px;}\n.pmc-negr-03-text{font-size:14px;line-height:1.55;color:#2e2e2e;margin:0;}\n.pmc-negr-03-text strong{font-weight:600;}\n@media (max-width:600px){.pmc-negr-03-box{padding:14px;gap:12px;}}\n<\/style>\n<div class=\"pmc-negr-03-wrap\">\n  <div class=\"pmc-negr-03-box\">\n    <div class=\"pmc-negr-03-icon\"><svg viewbox=\"0 0 24 24\" fill=\"none\" stroke=\"currentColor\" stroke-width=\"2\" stroke-linecap=\"round\" stroke-linejoin=\"round\"><path d=\"M5 17h14\"><\/path><path d=\"M5 17v-5l2-5h10l2 5v5\"><\/path><path d=\"M5 17v2\"><\/path><path d=\"M19 17v2\"><\/path><circle cx=\"8\" cy=\"15\" r=\"1\"><\/circle><circle cx=\"16\" cy=\"15\" r=\"1\"><\/circle><\/svg><\/div>\n    <div class=\"pmc-negr-03-content\">\n      <div class=\"pmc-negr-03-label\">In sintesi<\/div>\n      <p class=\"pmc-negr-03-text\">Uscita <strong>Caserta Nord<\/strong> (A1) o <strong>Caserta Sud<\/strong> (A30), poi indicazioni per Caserta \/ Reggia. Parti con anticipo: nel giorno del concerto il traffico aumenta.<\/p>\n    <\/div>\n  <\/div>\n<\/div>\n\n\n\n<div style=\"height:50px\" aria-hidden=\"true\" class=\"wp-block-spacer\"><\/div>\n\n\n\n<h2 id=\"dove-parcheggiare-per-il-concerto-dei-negramaro-alla-reggia-di-caserta\" class=\"wp-block-heading\"><strong>Parcheggi per il concerto dei Negramaro alla Reggia di Caserta<\/strong><\/h2>\n\n\n\n<p class=\"wp-block-paragraph\">La Reggia di Caserta non dispone di un parcheggio dedicato ai visitatori, ma nelle vicinanze ci sono diverse soluzioni a pagamento. Nelle serate dei grandi concerti, per\u00f2, la sosta selvaggia \u00e8 sempre dietro l&#8217;angolo: meglio non lasciare nulla al caso.<\/p>\n\n\n\n<div style=\"height:30px\" aria-hidden=\"true\" class=\"wp-block-spacer\"><\/div>\n\n\n\n<style>\n.pmc-negr-warn-wrap{max-width:100%;font-family:inherit;margin:18px 0 24px;}\n.pmc-negr-warn-box{background:#fffbeb;border:1px solid #fcd34d;border-left:4px solid #f59e0b;border-radius:8px;padding:16px 20px;display:flex;gap:14px;align-items:flex-start;}\n.pmc-negr-warn-icon{width:24px;height:24px;color:#f59e0b;flex-shrink:0;margin-top:1px;}\n.pmc-negr-warn-content{flex:1;min-width:0;}\n.pmc-negr-warn-label{font-size:11px;font-weight:600;text-transform:uppercase;letter-spacing:0.6px;color:#b45309;margin-bottom:4px;}\n.pmc-negr-warn-text{font-size:14px;line-height:1.6;color:#2e2e2e;margin:0;}\n.pmc-negr-warn-text a{color:#b45309 !important;text-decoration:underline !important;font-weight:600;}\n.pmc-negr-warn-text a:hover,.pmc-negr-warn-text a:focus,.pmc-negr-warn-text a:visited{color:#92400e !important;text-decoration:underline !important;}\n@media (max-width:600px){.pmc-negr-warn-box{padding:14px 16px;gap:12px;}}\n<\/style>\n<div class=\"pmc-negr-warn-wrap\">\n  <div class=\"pmc-negr-warn-box\">\n    <svg class=\"pmc-negr-warn-icon\" viewbox=\"0 0 24 24\" fill=\"none\" stroke=\"currentColor\" stroke-width=\"2\" stroke-linecap=\"round\" stroke-linejoin=\"round\"><path d=\"M10.29 3.86 1.82 18a2 2 0 0 0 1.71 3h16.94a2 2 0 0 0 1.71-3L13.71 3.86a2 2 0 0 0-3.42 0z\"><\/path><line x1=\"12\" y1=\"9\" x2=\"12\" y2=\"13\"><\/line><line x1=\"12\" y1=\"17\" x2=\"12.01\" y2=\"17\"><\/line><\/svg>\n    <div class=\"pmc-negr-warn-content\">\n      <div class=\"pmc-negr-warn-label\">Attenzione ai parcheggiatori abusivi<\/div>\n      <p class=\"pmc-negr-warn-text\">Durante i concerti alla Reggia il fenomeno della sosta selvaggia \u00e8 concreto: <a href=\"https:\/\/www.ilmattino.it\/caserta\/caserta_parcheggiatori_abusivi_al_concerto_di_gigi_d_alessio_abbiamo_pagato_20_euro_e_l_auto_e_stata_danneggiata-9584103.html\" target=\"_blank\" rel=\"noopener\">durante le serate di Gigi D&#8217;Alessio alcuni spettatori hanno pagato 20 euro a parcheggiatori abusivi ritrovandosi l&#8217;auto danneggiata<\/a>. Prenotando un posto in una struttura privata eviti rischi, sovrapprezzi e brutte sorprese al ritorno.<\/p>\n    <\/div>\n  <\/div>\n<\/div>\n\n\n\n<div style=\"height:30px\" aria-hidden=\"true\" class=\"wp-block-spacer\"><\/div>\n\n\n\n<style>\n.pmc-negr-06-wrap{max-width:100%;font-family:inherit;color:#2e2e2e;margin:20px 0 26px;}\n.pmc-negr-06-box{background:#f8fafc;border:1px solid #cbd5e1;border-left:4px solid #fc8031;border-radius:12px;padding:20px 24px;}\n.pmc-negr-06-head{display:flex;align-items:center;gap:10px;margin-bottom:12px;}\n.pmc-negr-06-head svg{width:22px;height:22px;color:#fc8031;flex-shrink:0;}\n.pmc-negr-06-title{font-size:1.1rem;font-weight:600;color:#2e2e2e;margin:0;}\n.pmc-negr-06-list{list-style:none;margin:0;padding:0;}\n.pmc-negr-06-list li{position:relative;padding-left:20px;font-size:0.95rem;line-height:1.6;color:#2e2e2e;margin-bottom:10px;}\n.pmc-negr-06-list li:last-child{margin-bottom:0;}\n.pmc-negr-06-list li::before{content:\"\\2013\\00A0\";position:absolute;left:0;color:#fc8031;font-weight:700;}\n.pmc-negr-06-list strong{font-weight:600;}\n.pmc-negr-06-note{font-size:13px;color:#64748b;line-height:1.55;margin:14px 0 0;padding-top:12px;border-top:1px solid #cbd5e1;}\n@media (max-width:600px){.pmc-negr-06-box{padding:18px;}}\n<\/style>\n<div class=\"pmc-negr-06-wrap\">\n  <div class=\"pmc-negr-06-box\">\n    <div class=\"pmc-negr-06-head\">\n      <svg viewbox=\"0 0 24 24\" fill=\"none\" stroke=\"currentColor\" stroke-width=\"2\" stroke-linecap=\"round\" stroke-linejoin=\"round\"><circle cx=\"12\" cy=\"12\" r=\"10\"><\/circle><line x1=\"4.93\" y1=\"4.93\" x2=\"19.07\" y2=\"19.07\"><\/line><\/svg>\n      <h3 class=\"pmc-negr-06-title\">Viabilit\u00e0 e sosta la sera del 4 settembre<\/h3>\n    <\/div>\n    <ul class=\"pmc-negr-06-list\">\n      <!-- pmc-flag: schema ricorrente delle ordinanze Reggia Session 2026 (rif. serata Tony Pitony, 25 luglio). L'ordinanza specifica del 4\/9\/2026 va verificata all'albo pretorio del Comune di Caserta prima della pubblicazione. -->\n      <li>Nelle serate della Reggia Session il Comune attiva la <strong>ZTL in modo continuativo<\/strong> ai varchi di via Gasparri e corso Trieste, con accesso consentito ai soli residenti autorizzati.<\/li>\n      <li>Scatta il <strong>divieto assoluto di sosta e fermata su corso Trieste<\/strong>, nel tratto tra piazza Gramsci e piazza Dante. Le misure valgono in genere dalle 12:00 fino alle 3:00 del mattino successivo.<\/li>\n      <!-- pmc-flag: orario esatto di attivazione dei varchi ZTL ordinari del venerd\u00ec \u2014 fonti comunali discordanti (16:00 vs 18:00). Riportata solo l'ora di chiusura, comune a entrambe. -->\n      <li>Il 4 settembre \u00e8 un <strong>venerd\u00ec<\/strong>: i varchi ZTL del centro restano attivi fino alle <strong>3:00 del sabato<\/strong>. Vale sia all&#8217;arrivo nel pomeriggio sia al rientro a fine concerto.<\/li>\n      <!-- pmc-flag: il precedente documentato \u00e8 il concerto di Ligabue del 6 settembre 2025. Non esiste conferma ufficiale per il 4 settembre 2026: formulazione volutamente prudente. -->\n      <li>Il <strong>parcheggio interrato sotto piazza Carlo di Borbone<\/strong> \u00e8 la soluzione pi\u00f9 citata online, ma in occasione dei grandi concerti \u00e8 gi\u00e0 stato chiuso in passato. Non darlo per scontato.<\/li>\n    <\/ul>\n    <p class=\"pmc-negr-06-note\">Le tre strutture qui sotto si trovano su via Roma e in piazza Matteotti, <strong>fuori dal perimetro dei varchi ZTL<\/strong>: ci arrivi e riparti senza attraversare l&#8217;area interdetta.<\/p>\n  <\/div>\n<\/div>\n\n\n\n<div style=\"height:30px\" aria-hidden=\"true\" class=\"wp-block-spacer\"><\/div>\n\n\n\n<p class=\"wp-block-paragraph\">Vuoi evitare giri a vuoto, stress e brutte sorprese? Su ParkingMyCar trovi <a href=\"https:\/\/www.parkingmycar.it\/parcheggio-reggia-caserta\" target=\"_blank\" rel=\"noreferrer noopener\">parcheggi in struttura vicino alla Reggia di Caserta <\/a>coperti o scoperti, prenotabili online e pronti ad accogliere la tua auto mentre ti godi l&#8217;evento. Tra le soluzioni consigliate:<\/p>\n\n\n\n<div style=\"height:30px\" aria-hidden=\"true\" class=\"wp-block-spacer\"><\/div>\n\n\n\n<style>\n.pmc-negr-04-wrap{max-width:100%;font-family:inherit;color:#2e2e2e;margin:24px 0 20px;scroll-margin-top:80px;}\n.pmc-negr-04-box{background:#fff7ed;border:1px solid #fc8031;border-radius:12px;padding:24px;}\n.pmc-negr-04-head{display:flex;align-items:center;gap:12px;margin-bottom:12px;}\n.pmc-negr-04-head svg{width:28px;height:28px;color:#fc8031;flex-shrink:0;}\n.pmc-negr-04-title{font-size:1.1rem;font-weight:600;color:#2e2e2e;margin:0;}\n.pmc-negr-04-intro{font-size:0.95rem;line-height:1.65;color:#2e2e2e;margin:0 0 18px;}\n.pmc-negr-04-intro a{color:#fc8031 !important;text-decoration:underline !important;}\n.pmc-negr-04-options{display:grid;grid-template-columns:repeat(3,1fr);gap:14px;}\n.pmc-negr-04-option{background:#ffffff;border:1px solid #cbd5e1;border-radius:8px;padding:16px;display:flex;flex-direction:column;}\n.pmc-negr-04-opt-title{font-size:1.1rem;font-weight:600;margin:0 0 4px;color:#2e2e2e;}\n.pmc-negr-04-tag{display:inline-block;font-size:11px;font-weight:600;color:#fc8031;text-transform:uppercase;letter-spacing:0.5px;margin-bottom:10px;}\n.pmc-negr-04-feature{font-size:13px;color:#475569;line-height:1.55;margin:0 0 14px;flex:1;display:flex;align-items:flex-start;gap:6px;}\n.pmc-negr-04-feature svg{width:14px;height:14px;color:#fc8031;flex-shrink:0;margin-top:3px;}\n.pmc-negr-04-btn{display:inline-block !important;font-size:0.95rem !important;color:#ffffff !important;background:#fc8031 !important;padding:10px 16px !important;border-radius:6px !important;text-decoration:none !important;font-weight:600 !important;text-align:center;border:none;}\n.pmc-negr-04-btn:hover,.pmc-negr-04-btn:focus,.pmc-negr-04-btn:visited{color:#ffffff !important;background:#e36e1f !important;text-decoration:none !important;}\n.pmc-negr-04-opt-title-link{color:#2e2e2e !important;text-decoration:none !important;}\n.pmc-negr-04-opt-title-link:hover,.pmc-negr-04-opt-title-link:focus,.pmc-negr-04-opt-title-link:visited{color:#2e2e2e !important;text-decoration:none !important;}\n@media (max-width:781px){.pmc-negr-04-options{grid-template-columns:1fr;}}\n@media (max-width:600px){.pmc-negr-04-box{padding:20px;}}\n<\/style>\n<div class=\"pmc-negr-04-wrap\" id=\"parcheggi\">\n  <div class=\"pmc-negr-04-box\">\n    <div class=\"pmc-negr-04-head\">\n      <svg viewbox=\"0 0 24 24\" fill=\"none\" stroke=\"currentColor\" stroke-width=\"2\" stroke-linecap=\"round\" stroke-linejoin=\"round\"><rect x=\"3\" y=\"3\" width=\"18\" height=\"18\" rx=\"2\"><\/rect><path d=\"M9 17V7h4a3 3 0 010 6H9\"><\/path><\/svg>\n      <h3 class=\"pmc-negr-04-title\">Parcheggi consigliati vicino alla Reggia<\/h3>\n    <\/div>\n    <p class=\"pmc-negr-04-intro\">La Reggia non dispone di un parcheggio dedicato ai visitatori. Su <a href=\"https:\/\/www.parkingmycar.it\/parcheggio-reggia-caserta\" rel=\"noopener\">ParkingMyCar<\/a> trovi posti disponibili nella data del concerto. Ecco tre strutture private prenotabili online:<\/p>\n    <div class=\"pmc-negr-04-options\">\n      <div class=\"pmc-negr-04-option\">\n        <h3 class=\"pmc-negr-04-opt-title\"><a href=\"https:\/\/www.parkingmycar.it\/parcheggio-caserta-centro\/park-in\" rel=\"noopener\" class=\"pmc-negr-04-opt-title-link\">Park-In<\/a><\/h3>\n        <div class=\"pmc-negr-04-tag\">Coperto<\/div>\n        <div class=\"pmc-negr-04-feature\">\n          <svg viewbox=\"0 0 24 24\" fill=\"none\" stroke=\"currentColor\" stroke-width=\"2\" stroke-linecap=\"round\" stroke-linejoin=\"round\"><path d=\"M12 22s8-4 8-10V5l-8-3-8 3v7c0 6 8 10 8 10z\"><\/path><polyline points=\"9 12 11 14 15 10\"><\/polyline><\/svg>\n          <span><strong>Videosorvegliato<\/strong>, con apertura estesa fino all&#8217;01:30 in occasione degli eventi alla Reggia.<\/span>\n        <\/div>\n        <a href=\"https:\/\/www.parkingmycar.it\/parcheggio-caserta-centro\/park-in\" rel=\"noopener\" class=\"pmc-negr-04-btn\">Verifica disponibilit\u00e0<\/a>\n      <\/div>\n      <div class=\"pmc-negr-04-option\">\n        <h3 class=\"pmc-negr-04-opt-title\"><a href=\"https:\/\/www.parkingmycar.it\/parcheggio-stazione-caserta\/quick-mercato\" rel=\"noopener\" class=\"pmc-negr-04-opt-title-link\">Quick Mercato<\/a><\/h3>\n        <div class=\"pmc-negr-04-tag\">Scoperto<\/div>\n        <div class=\"pmc-negr-04-feature\">\n          <svg viewbox=\"0 0 24 24\" fill=\"none\" stroke=\"currentColor\" stroke-width=\"2\" stroke-linecap=\"round\" stroke-linejoin=\"round\"><circle cx=\"12\" cy=\"12\" r=\"10\"><\/circle><path d=\"M12 6v6l4 2\"><\/path><path d=\"M8 2l-2 2\"><\/path><path d=\"M16 2l2 2\"><\/path><\/svg>\n          <span><strong>Aperto h24<\/strong> con sistema automatizzato di entrata e uscita.<\/span>\n        <\/div>\n        <a href=\"https:\/\/www.parkingmycar.it\/parcheggio-stazione-caserta\/quick-mercato\" rel=\"noopener\" class=\"pmc-negr-04-btn\">Verifica disponibilit\u00e0<\/a>\n      <\/div>\n      <div class=\"pmc-negr-04-option\">\n        <h3 class=\"pmc-negr-04-opt-title\"><a href=\"https:\/\/www.parkingmycar.it\/parcheggio-caserta-centro\/ezio-garage\" rel=\"noopener\" class=\"pmc-negr-04-opt-title-link\">Ezio Garage<\/a><\/h3>\n        <div class=\"pmc-negr-04-tag\">Coperto<\/div>\n        <div class=\"pmc-negr-04-feature\">\n          <svg viewbox=\"0 0 24 24\" fill=\"none\" stroke=\"currentColor\" stroke-width=\"2\" stroke-linecap=\"round\" stroke-linejoin=\"round\"><circle cx=\"12\" cy=\"12\" r=\"10\"><\/circle><polyline points=\"12 6 12 12 16 14\"><\/polyline><\/svg>\n          <span>Nelle serate dei concerti, <strong>apertura estesa fino alle 01:30<\/strong>; ammessi metano e GPL.<\/span>\n        <\/div>\n        <a href=\"https:\/\/www.parkingmycar.it\/parcheggio-caserta-centro\/ezio-garage\" rel=\"noopener\" class=\"pmc-negr-04-btn\">Verifica disponibilit\u00e0<\/a>\n      <\/div>\n    <\/div>\n  <\/div>\n<\/div>\n\n\n\n<div style=\"height:50px\" aria-hidden=\"true\" class=\"wp-block-spacer\"><\/div>\n\n\n\n<h2 id=\"domande-frequenti\" class=\"wp-block-heading\"><strong>Domande frequenti<\/strong><\/h2>\n\n\n<div id=\"rank-math-faq\" class=\"rank-math-block\">\n<div class=\"rank-math-list \">\n<div id=\"faq-question-1788262805512\" class=\"rank-math-list-item\">\n<h3 class=\"rank-math-question \"><strong>Dove posso parcheggiare per il concerto dei Negramaro alla Reggia di Caserta?<\/strong><\/h3>\n<div class=\"rank-math-answer \">\n\n<p>La Reggia non ha un parcheggio dedicato. Su ParkingMyCar puoi prenotare online un posto in struttura vicino a Piazza Carlo di Borbone: tra le opzioni Park-In (coperto, apertura estesa fino all&#8217;01:30), Quick Mercato (scoperto, aperto h24) ed Ezio Garage (coperto, apertura estesa fino all&#8217;01:30 nelle serate dei concerti).<\/p>\n\n<\/div>\n<\/div>\n<div id=\"faq-question-1788262807698\" class=\"rank-math-list-item\">\n<h3 class=\"rank-math-question \"><strong>A che ora inizia il concerto dei Negramaro alla Reggia di Caserta?<\/strong><\/h3>\n<div class=\"rank-math-answer \">\n\n<p>Lo spettacolo \u00e8 previsto per le ore 21:00 di venerd\u00ec 4 settembre 2026, in Piazza Carlo di Borbone. L&#8217;orario di accesso \u00e8 indicato sul biglietto: controllalo prima di partire.<\/p>\n\n<\/div>\n<\/div>\n<div id=\"faq-question-1788262808955\" class=\"rank-math-list-item\">\n<h3 class=\"rank-math-question \"><strong>Quanto costano i biglietti per i Negramaro alla Reggia di Caserta?<\/strong><\/h3>\n<div class=\"rank-math-answer \">\n\n<p>I biglietti sono disponibili su TicketOne a partire da 49,00 \u20ac, dove puoi verificare settori e disponibilit\u00e0 in tempo reale.<\/p>\n\n<\/div>\n<\/div>\n<div id=\"faq-question-1788262809900\" class=\"rank-math-list-item\">\n<h3 class=\"rank-math-question \"><strong>Ci sono limitazioni al traffico la sera del concerto?<\/strong><\/h3>\n<div class=\"rank-math-answer \">\n\n<p>S\u00ec. Nelle serate della Reggia Session il Comune di Caserta attiva la ZTL in modo continuativo ai varchi di via Gasparri e corso Trieste e istituisce il divieto di sosta e fermata su corso Trieste tra piazza Gramsci e piazza Dante, in genere dalle 12:00 alle 3:00 del mattino successivo. Meglio arrivare con un posto gi\u00e0 prenotato in una struttura fuori dal perimetro ZTL.<\/p>\n\n<\/div>\n<\/div>\n<\/div>\n<\/div>\n\n\n<div style=\"height:30px\" aria-hidden=\"true\" class=\"wp-block-spacer\"><\/div>\n\n\n\n<h2 id=\"negramaro-live-alla-reggia-di-caserta-conclusioni\" class=\"wp-block-heading\"><strong>Negramaro live alla Reggia di Caserta: conclusioni<\/strong><\/h2>\n\n\n\n<p class=\"wp-block-paragraph\">Il <strong>concerto dei Negramaro alla Reggia di Caserta<\/strong> \u00e8 una di quelle serate da vivere fino all&#8217;ultima nota: vent&#8217;anni di canzoni, un pubblico che le conosce tutte e la facciata vanvitelliana illuminata alle spalle del palco. E il posto auto? Puoi riservarlo subito dal nostro sito o dall&#8217;app ParkingMyCar (<a href=\"https:\/\/play.google.com\/store\/apps\/details?id=it.parkingmycar.parkingmyapp&amp;referrer=utm_source=pmc&amp;utm_medium=blog&amp;utm_content=post&amp;utm_campaign=IT-IT_PMC_C_APP_Android_Blog-post\" target=\"_blank\" rel=\"noopener\"><strong>Android<\/strong><\/a>, <a href=\"https:\/\/apps.apple.com\/app\/apple-store\/id1613368206?pt=123732674&amp;ct=IT-IT_PMC_C_APP_iOS_Blog-post&amp;mt=8\" target=\"_blank\" rel=\"noreferrer noopener\"><strong>iOS<\/strong><\/a>).<\/p>\n\n\n\n<div style=\"height:30px\" aria-hidden=\"true\" class=\"wp-block-spacer\"><\/div>\n\n\n\n<style>\n.pmc-negr-07-wrap{max-width:100%;font-family:inherit;color:#2e2e2e;margin:28px 0 24px;}\n.pmc-negr-07-box{background:#f8fafc;border:1px solid #cbd5e1;border-radius:12px;padding:22px 24px;display:flex;align-items:center;gap:20px;}\n.pmc-negr-07-icon{width:52px;height:52px;background:#fc8031;border-radius:50%;display:flex;align-items:center;justify-content:center;color:#ffffff;flex-shrink:0;}\n.pmc-negr-07-icon svg{width:26px;height:26px;}\n.pmc-negr-07-content{flex:1;min-width:0;}\n.pmc-negr-07-title{font-size:1.1rem;font-weight:600;margin:0 0 4px;color:#2e2e2e;}\n.pmc-negr-07-text{font-size:0.95rem;line-height:1.55;color:#475569;margin:0;}\n.pmc-negr-07-btn{display:inline-block !important;font-size:0.95rem !important;color:#ffffff !important;background:#fc8031 !important;padding:11px 20px !important;border-radius:6px !important;text-decoration:none !important;font-weight:600 !important;white-space:nowrap;flex-shrink:0;}\n.pmc-negr-07-btn:hover,.pmc-negr-07-btn:focus,.pmc-negr-07-btn:visited{color:#ffffff !important;background:#e36e1f !important;text-decoration:none !important;}\n@media (max-width:600px){.pmc-negr-07-box{flex-direction:column;align-items:flex-start;padding:20px;gap:14px;}.pmc-negr-07-btn{width:100%;text-align:center;}}\n<\/style>\n<div class=\"pmc-negr-07-wrap\">\n  <div class=\"pmc-negr-07-box\">\n    <div class=\"pmc-negr-07-icon\">\n      <svg viewbox=\"0 0 24 24\" fill=\"none\" stroke=\"currentColor\" stroke-width=\"2\" stroke-linecap=\"round\" stroke-linejoin=\"round\"><rect x=\"3\" y=\"3\" width=\"18\" height=\"18\" rx=\"2\"><\/rect><path d=\"M9 17V7h4a3 3 0 010 6H9\"><\/path><\/svg>\n    <\/div>\n    <div class=\"pmc-negr-07-content\">\n      <p class=\"pmc-negr-07-title\">Goditi il concerto, al parcheggio pensiamo noi<\/p>\n      <p class=\"pmc-negr-07-text\">Prenota in pochi clic il tuo posto vicino alla Reggia di Caserta e vivi la serata senza pensieri.<\/p>\n    <\/div>\n    <a href=\"https:\/\/www.parkingmycar.it\/parcheggio-reggia-caserta\" rel=\"noopener\" class=\"pmc-negr-07-btn\">Prenota il parcheggio<\/a>\n  <\/div>\n<\/div>\n\n\n\n<div style=\"height:50px\" aria-hidden=\"true\" class=\"wp-block-spacer\"><\/div>\n","protected":false},"excerpt":{"rendered":"<p>Dopo il .our nei palasport, i Negramaro tornano nei festival all&#8217;aperto per la prima volta dopo dieci anni. \u00abUna storia ancora semplice\u00bb \u00e8 pensato come un abbraccio collettivo<\/p>\n","protected":false},"author":3,"featured_media":14974,"comment_status":"closed","ping_status":"closed","sticky":false,"template":"","format":"standard","meta":{"footnotes":""},"categories":[6],"tags":[130,131,127,41,60],"class_list":["post-14967","post","type-post","status-publish","format-standard","has-post-thumbnail","hentry","category-eventi-esperienze","tag-ai-act","tag-ai-act-2","tag-caserta","tag-musica-live","tag-parcheggi-citta","infinite-scroll-item","generate-columns","tablet-grid-50","mobile-grid-100","grid-parent","grid-50"],"_links":{"self":[{"href":"https:\/\/www.parkingmycar.it\/blog\/wp-json\/wp\/v2\/posts\/14967","targetHints":{"allow":["GET"]}}],"collection":[{"href":"https:\/\/www.parkingmycar.it\/blog\/wp-json\/wp\/v2\/posts"}],"about":[{"href":"https:\/\/www.parkingmycar.it\/blog\/wp-json\/wp\/v2\/types\/post"}],"author":[{"embeddable":true,"href":"https:\/\/www.parkingmycar.it\/blog\/wp-json\/wp\/v2\/users\/3"}],"replies":[{"embeddable":true,"href":"https:\/\/www.parkingmycar.it\/blog\/wp-json\/wp\/v2\/comments?post=14967"}],"version-history":[{"count":7,"href":"https:\/\/www.parkingmycar.it\/blog\/wp-json\/wp\/v2\/posts\/14967\/revisions"}],"predecessor-version":[{"id":14977,"href":"https:\/\/www.parkingmycar.it\/blog\/wp-json\/wp\/v2\/posts\/14967\/revisions\/14977"}],"wp:featuredmedia":[{"embeddable":true,"href":"https:\/\/www.parkingmycar.it\/blog\/wp-json\/wp\/v2\/media\/14974"}],"wp:attachment":[{"href":"https:\/\/www.parkingmycar.it\/blog\/wp-json\/wp\/v2\/media?parent=14967"}],"wp:term":[{"taxonomy":"category","embeddable":true,"href":"https:\/\/www.parkingmycar.it\/blog\/wp-json\/wp\/v2\/categories?post=14967"},{"taxonomy":"post_tag","embeddable":true,"href":"https:\/\/www.parkingmycar.it\/blog\/wp-json\/wp\/v2\/tags?post=14967"}],"curies":[{"name":"wp","href":"https:\/\/api.w.org\/{rel}","templated":true}]}}