{"id":14988,"date":"2026-09-03T09:00:00","date_gmt":"2026-09-03T07:00:00","guid":{"rendered":"https:\/\/www.parkingmycar.it\/blog\/?p=14988"},"modified":"2026-09-03T12:47:19","modified_gmt":"2026-09-03T10:47:19","slug":"coez-al-teatro-romano-di-verona","status":"publish","type":"post","link":"https:\/\/www.parkingmycar.it\/blog\/coez-al-teatro-romano-di-verona\/","title":{"rendered":"Coez al Teatro Romano di Verona: info e parcheggi"},"content":{"rendered":"\n<div class=\"wp-block-rank-math-toc-block\" id=\"rank-math-toc\"><p><strong>In questo articolo:<\/strong><\/p><nav><ul><li class=\"\"><a href=\"#coez-al-teatro-romano-di-verona\">Coez al Teatro Romano di Verona<\/a><ul><li class=\"\"><a href=\"#location\">Location<\/a><\/li><li class=\"\"><a href=\"#biglietti-concerto-coez-verona\">Biglietti concerto Coez Verona<\/a><\/li><li class=\"\"><a href=\"#scaletta-concerto\">Scaletta concerto<\/a><\/li><\/ul><\/li><li class=\"\"><a href=\"#come-arrivare-al-teatro-romano-di-verona\">Come arrivare al Teatro Romano di Verona<\/a><\/li><li class=\"\"><a href=\"#dove-parcheggiare-per-il-concerto-di-coez-al-teatro-romano\">Dove parcheggiare per il concerto di Coez al Teatro Romano<\/a><ul><\/ul><\/li><li class=\"\"><a href=\"#domande-frequenti\">Domande frequenti<\/a><ul><li class=\"\"><a href=\"#faq-question-1788428429321\">A che ora inizia il concerto di Coez al Teatro Romano?<\/a><\/li><li class=\"\"><a href=\"#faq-question-1788428430424\">Ci sono ancora biglietti per Coez a Verona?<\/a><\/li><li class=\"\"><a href=\"#faq-question-1788428432163\">Il Teatro Romano di Verona \u00e8 dentro la ZTL?<\/a><\/li><\/ul><\/li><li class=\"\"><a href=\"#coez-live-al-teatro-romano-conclusioni\">Coez live al Teatro Romano: conclusioni<\/a><\/li><\/ul><\/nav><\/div>\n\n\n\n<div style=\"height:50px\" aria-hidden=\"true\" class=\"wp-block-spacer\"><\/div>\n\n\n\n<p class=\"wp-block-paragraph\">Ci sono concerti che si fanno e concerti che si scelgono. <strong>Coez<\/strong> ha scelto un teatro di pietra del I secolo a.C., affacciato sull&#8217;Adige, per portare a Verona <em>From the Rooftop<\/em>: la versione pi\u00f9 intima e spoglia del suo repertorio, quella nata nel 2015 su un tetto e arrivata nel 2026 alla sua terza stagione.<\/p>\n\n\n\n<p class=\"wp-block-paragraph\">La prima data, <strong>sabato 5 settembre 2026<\/strong>, si \u00e8 esaurita in poche ore: da qui il raddoppio di <strong>domenica 6 settembre<\/strong>. Anche quello \u00e8 andato sold out. In questo articolo trovi orari, informazioni sulla serata e \u2014 soprattutto \u2014 <strong>dove parcheggiare<\/strong>, perch\u00e9 le due sere non sono affatto uguali.<\/p>\n\n\n\n<div style=\"height:30px\" aria-hidden=\"true\" class=\"wp-block-spacer\"><\/div>\n\n\n\n<style>\n.pmc-cz-01-wrap{max-width:680px;font-family:inherit;color:#2e2e2e;margin:24px 0 32px;}\n.pmc-cz-01-box{background:#f8fafc;border:1px solid #cbd5e1;border-left:4px solid #fc8031;border-radius:12px;padding:22px 24px;}\n.pmc-cz-01-label{font-size:11px;font-weight:600;letter-spacing:0.8px;text-transform:uppercase;color:#fc8031;margin:0 0 12px;}\n.pmc-cz-01-grid{display:grid;grid-template-columns:repeat(2,1fr);gap:16px 24px;margin-bottom:16px;}\n.pmc-cz-01-item-label{font-size:12px;color:#64748b;margin-bottom:3px;display:flex;align-items:center;gap:6px;}\n.pmc-cz-01-item-value{font-size:15px;font-weight:500;color:#2e2e2e;}\n.pmc-cz-01-badge{display:inline-block;font-size:11px;font-weight:700;letter-spacing:0.5px;text-transform:uppercase;color:#b45309;background:#fffbeb;border:1px solid #fcd34d;border-radius:4px;padding:2px 7px;margin-left:6px;vertical-align:middle;}\n.pmc-cz-01-cta{display:inline-flex !important;align-items:center;gap:6px;font-size:14px;color:#fc8031 !important;font-weight:500;text-decoration:none !important;border-bottom:1px solid #fc8031;padding-bottom:1px;}\n.pmc-cz-01-cta:hover,.pmc-cz-01-cta:focus,.pmc-cz-01-cta:visited{color:#fc8031 !important;text-decoration:none !important;}\n.pmc-cz-01-ico{width:14px;height:14px;flex-shrink:0;}\n@media (max-width:600px){.pmc-cz-01-box{padding:18px;}.pmc-cz-01-grid{grid-template-columns:1fr;gap:14px;}}\n<\/style>\n<div class=\"pmc-cz-01-wrap\">\n  <div class=\"pmc-cz-01-box\">\n    <p class=\"pmc-cz-01-label\">In breve<\/p>\n    <div class=\"pmc-cz-01-grid\">\n      <div>\n        <div class=\"pmc-cz-01-item-label\">\n<svg class=\"pmc-cz-01-ico\" viewbox=\"0 0 24 24\" fill=\"none\" stroke=\"currentColor\" stroke-width=\"2\" stroke-linecap=\"round\" stroke-linejoin=\"round\"><path d=\"M9 18V5l12-2v13\"><\/path><circle cx=\"6\" cy=\"18\" r=\"3\"><\/circle><circle cx=\"18\" cy=\"16\" r=\"3\"><\/circle><\/svg>Artista<\/div>\n        <div class=\"pmc-cz-01-item-value\">Coez<\/div>\n      <\/div>\n      <div>\n        <div class=\"pmc-cz-01-item-label\">\n<svg class=\"pmc-cz-01-ico\" viewbox=\"0 0 24 24\" fill=\"none\" stroke=\"currentColor\" stroke-width=\"2\" stroke-linecap=\"round\" stroke-linejoin=\"round\"><path d=\"M21 10c0 7-9 13-9 13s-9-6-9-13a9 9 0 0 1 18 0z\"><\/path><circle cx=\"12\" cy=\"10\" r=\"3\"><\/circle><\/svg>Location<\/div>\n        <div class=\"pmc-cz-01-item-value\">Teatro Romano di Verona<\/div>\n      <\/div>\n      <div>\n        <div class=\"pmc-cz-01-item-label\">\n<svg class=\"pmc-cz-01-ico\" viewbox=\"0 0 24 24\" fill=\"none\" stroke=\"currentColor\" stroke-width=\"2\" stroke-linecap=\"round\" stroke-linejoin=\"round\"><rect x=\"3\" y=\"4\" width=\"18\" height=\"18\" rx=\"2\"><\/rect><line x1=\"16\" y1=\"2\" x2=\"16\" y2=\"6\"><\/line><line x1=\"8\" y1=\"2\" x2=\"8\" y2=\"6\"><\/line><line x1=\"3\" y1=\"10\" x2=\"21\" y2=\"10\"><\/line><\/svg>Date<\/div>\n        <div class=\"pmc-cz-01-item-value\">5 e 6 settembre 2026 <span class=\"pmc-cz-01-badge\">Sold out<\/span>\n<\/div>\n      <\/div>\n      <div>\n        <div class=\"pmc-cz-01-item-label\">\n<svg class=\"pmc-cz-01-ico\" viewbox=\"0 0 24 24\" fill=\"none\" stroke=\"currentColor\" stroke-width=\"2\" stroke-linecap=\"round\" stroke-linejoin=\"round\"><circle cx=\"12\" cy=\"12\" r=\"10\"><\/circle><polyline points=\"12 6 12 12 16 14\"><\/polyline><\/svg>Orario<\/div>\n        <div class=\"pmc-cz-01-item-value\">21:15 <span style=\"color:#64748b;font-weight:400;\">(entrambe le sere)<\/span>\n<\/div>\n      <\/div>\n    <\/div>\n    <a href=\"#parcheggi\" class=\"pmc-cz-01-cta\">Hai gi&agrave; il biglietto? Pensa al parcheggio <svg class=\"pmc-cz-01-ico\" viewbox=\"0 0 24 24\" fill=\"none\" stroke=\"currentColor\" stroke-width=\"2\" stroke-linecap=\"round\" stroke-linejoin=\"round\"><line x1=\"5\" y1=\"12\" x2=\"19\" y2=\"12\"><\/line><polyline points=\"12 5 19 12 12 19\"><\/polyline><\/svg><\/a>\n  <\/div>\n<\/div>\n\n\n\n<div style=\"height:50px\" aria-hidden=\"true\" class=\"wp-block-spacer\"><\/div>\n\n\n\n<h2 id=\"coez-al-teatro-romano-di-verona\" class=\"wp-block-heading\"><strong>Coez al Teatro Romano di Verona<\/strong><\/h2>\n\n\n\n<p class=\"wp-block-paragraph\">La tappa veronese fa parte di <strong>Coez Live 2026 \u2013 From the Rooftop<\/strong>, il tour estivo prodotto da Vivo Concerti che porta il cantautore romano nelle location pi\u00f9 scenografiche d&#8217;Italia: anfiteatri, sferisteri, palazzi storici. Al Teatro Romano il concerto rientra nel cartellone di <strong>Contaminazioni Musicali 2026<\/strong>, la rassegna musicale ideata da Eventi Verona all&#8217;interno della 78\u00aa Estate Teatrale Veronese.<\/p>\n\n\n\n<div style=\"height:30px\" aria-hidden=\"true\" class=\"wp-block-spacer\"><\/div>\n\n\n\n<style>\n.pmc-cz-02-wrap{max-width:100%;font-family:inherit;color:#2e2e2e;margin:20px 0 28px;}\n.pmc-cz-02-box{background:#f8fafc;border:1px solid #cbd5e1;border-radius:12px;padding:20px;}\n.pmc-cz-02-head{display:flex;align-items:center;gap:10px;margin-bottom:16px;}\n.pmc-cz-02-head svg{width:20px;height:20px;color:#fc8031;flex-shrink:0;}\n.pmc-cz-02-head-text{font-size:14px;font-weight:500;color:#2e2e2e;}\n.pmc-cz-02-date{display:flex;align-items:center;gap:22px;background:#ffffff;border:1px solid #cbd5e1;border-radius:10px;padding:18px 22px;margin-bottom:12px;}\n.pmc-cz-02-date:last-child{margin-bottom:0;}\n.pmc-cz-02-daybox{text-align:center;flex-shrink:0;min-width:70px;}\n.pmc-cz-02-dow{font-size:12px;color:#64748b;text-transform:uppercase;letter-spacing:0.5px;font-weight:600;}\n.pmc-cz-02-num{font-size:40px;font-weight:700;line-height:1;color:#fc8031;margin:3px 0;}\n.pmc-cz-02-mon{font-size:13px;color:#64748b;}\n.pmc-cz-02-sep{width:1px;align-self:stretch;background:#cbd5e1;}\n.pmc-cz-02-info-title{font-size:16px;font-weight:600;color:#2e2e2e;margin:0 0 4px;}\n.pmc-cz-02-info-text{font-size:14px;color:#475569;line-height:1.55;margin:0;}\n@media (max-width:600px){.pmc-cz-02-box{padding:14px;}.pmc-cz-02-date{gap:16px;padding:14px 16px;}.pmc-cz-02-num{font-size:34px;}.pmc-cz-02-daybox{min-width:58px;}}\n<\/style>\n<div class=\"pmc-cz-02-wrap\">\n  <div class=\"pmc-cz-02-box\">\n    <div class=\"pmc-cz-02-head\">\n      <svg viewbox=\"0 0 24 24\" fill=\"none\" stroke=\"currentColor\" stroke-width=\"2\" stroke-linecap=\"round\" stroke-linejoin=\"round\"><rect x=\"3\" y=\"4\" width=\"18\" height=\"18\" rx=\"2\"><\/rect><line x1=\"16\" y1=\"2\" x2=\"16\" y2=\"6\"><\/line><line x1=\"8\" y1=\"2\" x2=\"8\" y2=\"6\"><\/line><line x1=\"3\" y1=\"10\" x2=\"21\" y2=\"10\"><\/line><\/svg>\n      <div class=\"pmc-cz-02-head-text\">Due date &mdash; entrambe con inizio alle ore 21:15<\/div>\n    <\/div>\n    <div class=\"pmc-cz-02-date\">\n      <div class=\"pmc-cz-02-daybox\">\n        <div class=\"pmc-cz-02-dow\">Sab<\/div>\n        <div class=\"pmc-cz-02-num\">5<\/div>\n        <div class=\"pmc-cz-02-mon\">settembre 2026<\/div>\n      <\/div>\n      <div class=\"pmc-cz-02-sep\"><\/div>\n      <div>\n        <p class=\"pmc-cz-02-info-title\">Prima data &mdash; sold out<\/p>\n        <p class=\"pmc-cz-02-info-text\">La stessa sera all&rsquo;Arena di Verona va in scena un&rsquo;opera del Festival: centro storico sotto pressione su entrambe le sponde.<\/p>\n      <\/div>\n    <\/div>\n    <div class=\"pmc-cz-02-date\">\n      <div class=\"pmc-cz-02-daybox\">\n        <div class=\"pmc-cz-02-dow\">Dom<\/div>\n        <div class=\"pmc-cz-02-num\">6<\/div>\n        <div class=\"pmc-cz-02-mon\">settembre 2026<\/div>\n      <\/div>\n      <div class=\"pmc-cz-02-sep\"><\/div>\n      <div>\n        <p class=\"pmc-cz-02-info-title\">Raddoppio &mdash; sold out<\/p>\n        <p class=\"pmc-cz-02-info-text\">Serata pi&ugrave; scarica: l&rsquo;Arena resta a riposo e in citt&agrave; c&rsquo;&egrave; un solo grande evento.<\/p>\n      <\/div>\n    <\/div>\n  <\/div>\n<\/div>\n\n\n\n<div style=\"height:50px\" aria-hidden=\"true\" class=\"wp-block-spacer\"><\/div>\n\n\n\n<h3 id=\"location\" class=\"wp-block-heading\"><strong>Location<\/strong><\/h3>\n\n\n\n<div class=\"wp-block-columns are-vertically-aligned-center is-layout-flex wp-container-core-columns-is-layout-8f761849 wp-block-columns-is-layout-flex\">\n<div class=\"wp-block-column is-vertically-aligned-center is-layout-flow wp-block-column-is-layout-flow\">\n<figure class=\"wp-block-image size-full\"><img decoding=\"async\" width=\"600\" height=\"337\" src=\"https:\/\/www.parkingmycar.it\/blog\/wp-content\/uploads\/2026\/09\/Coez-Teatro-Romano-Verona-2.jpg\" alt=\"Coez tra il pubblico\" class=\"wp-image-14996\" srcset=\"https:\/\/www.parkingmycar.it\/blog\/wp-content\/uploads\/2026\/09\/Coez-Teatro-Romano-Verona-2.jpg 600w, https:\/\/www.parkingmycar.it\/blog\/wp-content\/uploads\/2026\/09\/Coez-Teatro-Romano-Verona-2-300x169.jpg 300w\" sizes=\"(max-width: 600px) 100vw, 600px\" \/><figcaption class=\"wp-element-caption\"><em>Immagine generata con intelligenza artificiale<\/em><\/figcaption><\/figure>\n<\/div>\n\n\n\n<div class=\"wp-block-column is-vertically-aligned-center is-layout-flow wp-block-column-is-layout-flow\">\n<p class=\"wp-block-paragraph\">Il <strong>Teatro Romano di Verona<\/strong> \u00e8 l&#8217;edificio pi\u00f9 antico della citt\u00e0: costruito nell&#8217;ultimo quarto del I secolo a.C. ai piedi del <strong>Colle San Pietro<\/strong>, sulla <strong>riva sinistra dell&#8217;Adige<\/strong>, \u00e8 considerato il teatro romano meglio conservato dell&#8217;Italia settentrionale. Cavea, gradinate, arcate e resti dell&#8217;edificio scenico compongono uno spazio da circa 1.860 posti che dal 1948 ospita ininterrottamente l&#8217;Estate Teatrale Veronese. L&#8217;indirizzo \u00e8 Regaste Redentore 2, a due passi da Ponte Pietra.<\/p>\n<\/div>\n<\/div>\n\n\n\n<div style=\"height:30px\" aria-hidden=\"true\" class=\"wp-block-spacer\"><\/div>\n\n\n\n<h3 id=\"biglietti-concerto-coez-verona\" class=\"wp-block-heading\"><strong>Biglietti concerto Coez Verona<\/strong><\/h3>\n\n\n\n<p class=\"wp-block-paragraph\">Entrambe le date sono <strong>sold out<\/strong>. La prima si \u00e8 esaurita gi\u00e0 a marzo, tanto da spingere Vivo Concerti ad annunciare il raddoppio; anche il secondo appuntamento risulta ora esaurito. I canali ufficiali restano <a href=\"https:\/\/www.ticketone.it\/artist\/coez\/coez-live-2026-from-the-rooftop-4052699\/\" target=\"_blank\" rel=\"noopener\">TicketOne<\/a>, Ticketmaster e il <a href=\"https:\/\/www.boxofficelive.it\/index.cfm\/it\/eventi\/musica\/Coez-Teatro-Romano-Verona\/\" target=\"_blank\" rel=\"noopener\">Box Office di Verona<\/a>: \u00e8 l&#8217;unico posto dove verificare eventuali rimesse in vendita dell&#8217;ultima ora.<\/p>\n\n\n\n<p class=\"wp-block-paragraph\">Una raccomandazione dell&#8217;organizzatore che vale la pena ripetere: <strong>evita i canali di rivendita non autorizzati<\/strong>. Vivo Concerti declina ogni responsabilit\u00e0 sui biglietti acquistati fuori dai circuiti ufficiali.<\/p>\n\n\n\n<div style=\"height:30px\" aria-hidden=\"true\" class=\"wp-block-spacer\"><\/div>\n\n\n\n<h3 id=\"scaletta-concerto\" class=\"wp-block-heading\"><strong>Scaletta concerto<\/strong><\/h3>\n\n\n\n<p class=\"wp-block-paragraph\">Nessuna scaletta ufficiale viene diffusa prima dei concerti, ma le date estive del tour hanno seguito un impianto piuttosto stabile: circa venticinque brani che attraversano tutta la carriera. Dall&#8217;apertura con <em>Faccio un casino<\/em> si passa per <em>La tua canzone<\/em>, <em>Domenica<\/em>, <em>Le luci della citt\u00e0<\/em> e <em>\u00c8 sempre bello<\/em>, con i pezzi dell&#8217;ultimo album <em>1998<\/em> \u2014 <em>Mal di te<\/em>, <em>Qualcosa di grande<\/em> \u2014 riletti in chiave <em>rooftop<\/em>. Chiusura affidata a <em>La musica non c&#8217;\u00e8<\/em> e a una cover storica del repertorio italiano.<\/p>\n\n\n\n<p class=\"wp-block-paragraph\">\u00c8 un&#8217;indicazione, non una certezza: il formato <em>From the Rooftop<\/em> nasce proprio per lasciare spazio a variazioni, chicche e cover diverse da sera a sera. Con due date consecutive nello stesso teatro, qualche scarto tra sabato e domenica \u00e8 nell&#8217;ordine delle cose.<\/p>\n\n\n\n<div style=\"height:30px\" aria-hidden=\"true\" class=\"wp-block-spacer\"><\/div>\n\n\n\n<h2 id=\"come-arrivare-al-teatro-romano-di-verona\" class=\"wp-block-heading\"><strong>Come arrivare al Teatro Romano di Verona<\/strong><\/h2>\n\n\n\n<p class=\"wp-block-paragraph\">Il Teatro Romano si trova in <strong>Regaste Redentore 2<\/strong>, sulla riva sinistra dell&#8217;Adige, nella zona di Ponte Pietra.<\/p>\n\n\n\n<p class=\"wp-block-paragraph\"><strong>In treno<\/strong>: la stazione di riferimento \u00e8 <strong>Verona Porta Nuova<\/strong>, collegata al teatro dagli autobus urbani ATV con fermata Ponte Pietra. Porta Vescovo serve soprattutto i collegamenti locali.<\/p>\n\n\n\n<p class=\"wp-block-paragraph\"><strong>In auto<\/strong>: dalla <strong>A4<\/strong> Torino\u2013Trieste l&#8217;uscita consigliata \u00e8 <strong>Verona Sud<\/strong>; dalla <strong>A22<\/strong> del Brennero l&#8217;uscita \u00e8 <strong>Verona Nord<\/strong>. Da entrambe segui le indicazioni per il centro e per la zona di Ponte Pietra.<\/p>\n\n\n\n<p class=\"wp-block-paragraph\"><strong>La buona notizia sulla ZTL<\/strong>: il Teatro Romano \u00e8 fuori dalla Zona a Traffico Limitato. La ZTL veronese interessa l&#8217;ansa interna dell&#8217;Adige compresa fra il Ponte Scaligero di Castelvecchio e Ponte Aleardi, cio\u00e8 la <strong>riva destra<\/strong>. Il teatro sta sulla sinistra. In pi\u00f9, il 5 e il 6 settembre sono sabato e domenica: nel fine settimana la limitazione vale solo dalle 10:00 alle 13:30, quindi alle 21:15 non c&#8217;\u00e8 alcun varco attivo. Se vuoi i dettagli, li trovi nella nostra guida agli <a href=\"https:\/\/www.parkingmycar.it\/blog\/ztl-verona-orari\/\">orari della ZTL di Verona<\/a>.<\/p>\n\n\n\n<div style=\"height:30px\" aria-hidden=\"true\" class=\"wp-block-spacer\"><\/div>\n\n\n\n<style>\n.pmc-cz-03-wrap{max-width:780px;font-family:inherit;color:#2e2e2e;margin:14px 0 22px;}\n.pmc-cz-03-box{background:#f8fafc;border:1px solid #cbd5e1;border-left:4px solid #fc8031;border-radius:8px;padding:14px 18px;display:flex;align-items:center;gap:14px;}\n.pmc-cz-03-icon{width:36px;height:36px;background:#fc8031;border-radius:50%;display:flex;align-items:center;justify-content:center;color:#ffffff;flex-shrink:0;}\n.pmc-cz-03-icon svg{width:18px;height:18px;}\n.pmc-cz-03-content{flex:1;min-width:0;}\n.pmc-cz-03-label{font-size:11px;font-weight:600;color:#fc8031;text-transform:uppercase;letter-spacing:0.6px;margin-bottom:2px;}\n.pmc-cz-03-text{font-size:14px;line-height:1.55;color:#2e2e2e;margin:0;}\n.pmc-cz-03-text strong{font-weight:600;}\n@media (max-width:600px){.pmc-cz-03-box{padding:14px;gap:12px;}}\n<\/style>\n<div class=\"pmc-cz-03-wrap\">\n  <div class=\"pmc-cz-03-box\">\n    <div class=\"pmc-cz-03-icon\"><svg viewbox=\"0 0 24 24\" fill=\"none\" stroke=\"currentColor\" stroke-width=\"2\" stroke-linecap=\"round\" stroke-linejoin=\"round\"><path d=\"M5 17h14\"><\/path><path d=\"M5 17v-5l2-5h10l2 5v5\"><\/path><path d=\"M5 17v2\"><\/path><path d=\"M19 17v2\"><\/path><circle cx=\"8\" cy=\"15\" r=\"1\"><\/circle><circle cx=\"16\" cy=\"15\" r=\"1\"><\/circle><\/svg><\/div>\n    <div class=\"pmc-cz-03-content\">\n      <div class=\"pmc-cz-03-label\">In sintesi<\/div>\n      <p class=\"pmc-cz-03-text\">Uscita <strong>Verona Sud<\/strong> (A4) o <strong>Verona Nord<\/strong> (A22), poi indicazioni per il centro e Ponte Pietra. Il teatro &egrave; sulla <strong>riva sinistra, fuori dalla ZTL<\/strong>. Parti con anticipo: nelle sere di concerto il traffico aumenta.<\/p>\n    <\/div>\n  <\/div>\n<\/div>\n\n\n\n<div style=\"height:50px\" aria-hidden=\"true\" class=\"wp-block-spacer\"><\/div>\n\n\n\n<h2 id=\"dove-parcheggiare-per-il-concerto-di-coez-al-teatro-romano\" class=\"wp-block-heading\"><strong>Dove parcheggiare per il concerto di Coez al Teatro Romano<\/strong><\/h2>\n\n\n\n<p class=\"wp-block-paragraph\">Il Teatro Romano non ha un parcheggio dedicato, e la sua posizione \u2014 incastrato tra il fiume e il Colle San Pietro \u2014 lascia pochissimo margine alla sosta su strada. Con due serate consecutive tutte esaurite, arrivare a caso e sperare in un posto libero non \u00e8 un piano.<\/p>\n\n\n\n<div style=\"height:30px\" aria-hidden=\"true\" class=\"wp-block-spacer\"><\/div>\n\n\n\n<!-- pmc-flag: verificare su arena.it il titolo in cartellone sabato 5 settembre (risulta La Traviata, ore 21:00) prima della pubblicazione. Domenica 6 l'Arena risulta senza spettacoli. -->\n<style>\n.pmc-cz-04-wrap{max-width:100%;font-family:inherit;margin:18px 0 24px;}\n.pmc-cz-04-box{background:#fffbeb;border:1px solid #fcd34d;border-left:4px solid #f59e0b;border-radius:8px;padding:16px 20px;display:flex;gap:14px;align-items:flex-start;}\n.pmc-cz-04-icon{width:24px;height:24px;color:#f59e0b;flex-shrink:0;margin-top:1px;}\n.pmc-cz-04-content{flex:1;min-width:0;}\n.pmc-cz-04-label{font-size:11px;font-weight:600;text-transform:uppercase;letter-spacing:0.6px;color:#b45309;margin-bottom:4px;}\n.pmc-cz-04-text{font-size:14px;line-height:1.6;color:#2e2e2e;margin:0;}\n.pmc-cz-04-text a{color:#b45309 !important;text-decoration:underline !important;font-weight:600;}\n.pmc-cz-04-text a:hover,.pmc-cz-04-text a:focus,.pmc-cz-04-text a:visited{color:#92400e !important;text-decoration:underline !important;}\n@media (max-width:600px){.pmc-cz-04-box{padding:14px 16px;gap:12px;}}\n<\/style>\n<div class=\"pmc-cz-04-wrap\">\n  <div class=\"pmc-cz-04-box\">\n    <svg class=\"pmc-cz-04-icon\" viewbox=\"0 0 24 24\" fill=\"none\" stroke=\"currentColor\" stroke-width=\"2\" stroke-linecap=\"round\" stroke-linejoin=\"round\"><path d=\"M10.29 3.86 1.82 18a2 2 0 0 0 1.71 3h16.94a2 2 0 0 0 1.71-3L13.71 3.86a2 2 0 0 0-3.42 0z\"><\/path><line x1=\"12\" y1=\"9\" x2=\"12\" y2=\"13\"><\/line><line x1=\"12\" y1=\"17\" x2=\"12.01\" y2=\"17\"><\/line><\/svg>\n    <div class=\"pmc-cz-04-content\">\n      <div class=\"pmc-cz-04-label\">Sabato 5: doppio evento in citt&agrave;<\/div>\n      <p class=\"pmc-cz-04-text\">La sera del 5 settembre, mentre Coez suona al Teatro Romano, all&rsquo;<strong>Arena di Verona<\/strong> va in scena un&rsquo;opera del Festival con inizio alle 21:00. Due grandi eventi in contemporanea a circa 1,5&nbsp;km di distanza significano centro storico congestionato dal tardo pomeriggio e strutture di sosta sotto pressione <strong>su entrambe le sponde<\/strong>. Domenica 6, invece, l&rsquo;Arena &egrave; a riposo. Se vuoi controllare il cartellone completo, trovi tutto nel nostro <a href=\"https:\/\/www.parkingmycar.it\/blog\/concerti-arena-di-verona-programma\/\" rel=\"noopener\">programma dei concerti all&rsquo;Arena di Verona<\/a>.<\/p>\n    <\/div>\n  <\/div>\n<\/div>\n\n\n\n<div style=\"height:30px\" aria-hidden=\"true\" class=\"wp-block-spacer\"><\/div>\n\n\n\n<p class=\"wp-block-paragraph\">La regola che risolve quasi tutto \u00e8 una sola: <strong>scegli una struttura sulla stessa sponda del teatro<\/strong>. Cos\u00ec non attraversi ponti n\u00e9 ti infili nel traffico della riva destra. Su <strong>ParkingMyCar<\/strong> trovi <a href=\"https:\/\/www.parkingmycar.it\/parcheggio-teatro-romano-verona\"><strong>parcheggi in struttura vicino al Teatro Romano di Verona<\/strong><\/a> prenotabili online, con cancellazione gratuita fino a 24 ore prima.<\/p>\n\n\n\n<div style=\"height:30px\" aria-hidden=\"true\" class=\"wp-block-spacer\"><\/div>\n\n\n\n<style>\n.pmc-cz-05-wrap{max-width:100%;font-family:inherit;color:#2e2e2e;margin:24px 0 20px;scroll-margin-top:80px;}\n.pmc-cz-05-box{background:#fff7ed;border:1px solid #fc8031;border-radius:12px;padding:24px;}\n.pmc-cz-05-head{display:flex;align-items:center;gap:12px;margin-bottom:12px;}\n.pmc-cz-05-head svg{width:28px;height:28px;color:#fc8031;flex-shrink:0;}\n.pmc-cz-05-title{font-size:19px;font-weight:600;color:#2e2e2e;margin:0;}\n.pmc-cz-05-intro{font-size:15px;line-height:1.65;color:#2e2e2e;margin:0 0 18px;}\n.pmc-cz-05-intro a{color:#fc8031 !important;text-decoration:underline !important;}\n.pmc-cz-05-options{display:grid;grid-template-columns:repeat(2,1fr);gap:14px;}\n.pmc-cz-05-option{background:#ffffff;border:1px solid #cbd5e1;border-radius:8px;padding:16px;display:flex;flex-direction:column;}\n.pmc-cz-05-opt-title{font-size:16px;font-weight:600;margin:0 0 4px;color:#2e2e2e;}\n.pmc-cz-05-tag{display:inline-block;font-size:11px;font-weight:600;color:#fc8031;text-transform:uppercase;letter-spacing:0.5px;margin-bottom:10px;}\n.pmc-cz-05-feature{font-size:13px;color:#475569;line-height:1.55;margin:0 0 10px;display:flex;align-items:flex-start;gap:6px;}\n.pmc-cz-05-feature:last-of-type{margin-bottom:14px;flex:1;}\n.pmc-cz-05-feature svg{width:14px;height:14px;color:#fc8031;flex-shrink:0;margin-top:3px;}\n.pmc-cz-05-btn{display:inline-block !important;font-size:14px !important;color:#ffffff !important;background:#fc8031 !important;padding:10px 16px !important;border-radius:6px !important;text-decoration:none !important;font-weight:600 !important;text-align:center;border:none;}\n.pmc-cz-05-btn:hover,.pmc-cz-05-btn:focus,.pmc-cz-05-btn:visited{color:#ffffff !important;background:#e36e1f !important;text-decoration:none !important;}\n.pmc-cz-05-opt-title-link{color:#2e2e2e !important;text-decoration:none !important;}\n.pmc-cz-05-opt-title-link:hover,.pmc-cz-05-opt-title-link:focus,.pmc-cz-05-opt-title-link:visited{color:#2e2e2e !important;text-decoration:none !important;}\n@media (max-width:781px){.pmc-cz-05-options{grid-template-columns:1fr;}}\n@media (max-width:600px){.pmc-cz-05-box{padding:20px;}}\n<\/style>\n<div class=\"pmc-cz-05-wrap\" id=\"parcheggi\">\n  <div class=\"pmc-cz-05-box\">\n    <div class=\"pmc-cz-05-head\">\n      <svg viewbox=\"0 0 24 24\" fill=\"none\" stroke=\"currentColor\" stroke-width=\"2\" stroke-linecap=\"round\" stroke-linejoin=\"round\"><rect x=\"3\" y=\"3\" width=\"18\" height=\"18\" rx=\"2\"><\/rect><path d=\"M9 17V7h4a3 3 0 010 6H9\"><\/path><\/svg>\n      <h3 class=\"pmc-cz-05-title\">Parcheggi consigliati vicino al Teatro Romano<\/h3>\n    <\/div>\n    <p class=\"pmc-cz-05-intro\">Il Teatro Romano non dispone di un parcheggio dedicato. Su <a href=\"https:\/\/www.parkingmycar.it\/parcheggio-teatro-romano-verona\" target=\"_blank\" rel=\"noopener\">ParkingMyCar<\/a> verifichi la disponibilit&agrave; nelle date del concerto. Ecco le due strutture pi&ugrave; adatte a una serata che finisce tardi, entrambe <strong>aperte h24<\/strong> e <strong>fuori dalla ZTL<\/strong>:<\/p>\n    <div class=\"pmc-cz-05-options\">\n      <div class=\"pmc-cz-05-option\">\n        <h3 class=\"pmc-cz-05-opt-title\"><a href=\"https:\/\/www.parkingmycar.it\/parcheggio-verona-centro\/saba-isolo\" target=\"_blank\" rel=\"noopener\" class=\"pmc-cz-05-opt-title-link\">SABA Isolo<\/a><\/h3>\n        <div class=\"pmc-cz-05-tag\">Stessa sponda del teatro<\/div>\n        <div class=\"pmc-cz-05-feature\">\n          <svg viewbox=\"0 0 24 24\" fill=\"none\" stroke=\"currentColor\" stroke-width=\"2\" stroke-linecap=\"round\" stroke-linejoin=\"round\"><path d=\"M21 10c0 7-9 13-9 13s-9-6-9-13a9 9 0 0 1 18 0z\"><\/path><circle cx=\"12\" cy=\"10\" r=\"3\"><\/circle><\/svg>\n          <span>Sotterraneo in Via Ponte Pignolo, a <strong>meno di 10 minuti a piedi<\/strong> dal teatro: nessun ponte da attraversare.<\/span>\n        <\/div>\n        <div class=\"pmc-cz-05-feature\">\n          <svg viewbox=\"0 0 24 24\" fill=\"none\" stroke=\"currentColor\" stroke-width=\"2\" stroke-linecap=\"round\" stroke-linejoin=\"round\"><circle cx=\"12\" cy=\"12\" r=\"10\"><\/circle><polyline points=\"12 6 12 12 16 14\"><\/polyline><\/svg>\n          <span><strong>Aperto h24<\/strong>, quindi nessun vincolo di orario in uscita a fine concerto.<\/span>\n        <\/div>\n        <a href=\"https:\/\/www.parkingmycar.it\/parcheggio-verona-centro\/saba-isolo\" target=\"_blank\" rel=\"noopener\" class=\"pmc-cz-05-btn\">Verifica disponibilit&agrave;<\/a>\n      <\/div>\n      <div class=\"pmc-cz-05-option\">\n        <h3 class=\"pmc-cz-05-opt-title\"><a href=\"https:\/\/www.parkingmycar.it\/parcheggio-verona-centro\/saba-arena-verona\" target=\"_blank\" rel=\"noopener\" class=\"pmc-cz-05-opt-title-link\">SABA Arena di Verona<\/a><\/h3>\n        <div class=\"pmc-cz-05-tag\">Ideale per domenica 6<\/div>\n        <div class=\"pmc-cz-05-feature\">\n          <svg viewbox=\"0 0 24 24\" fill=\"none\" stroke=\"currentColor\" stroke-width=\"2\" stroke-linecap=\"round\" stroke-linejoin=\"round\"><path d=\"M12 22s8-4 8-10V5l-8-3-8 3v7c0 6 8 10 8 10z\"><\/path><polyline points=\"9 12 11 14 15 10\"><\/polyline><\/svg>\n          <span>Sotterraneo <strong>presidiato h24<\/strong>, videosorvegliato, con colonnine di <strong>ricarica elettrica<\/strong>.<\/span>\n        <\/div>\n        <div class=\"pmc-cz-05-feature\">\n          <svg viewbox=\"0 0 24 24\" fill=\"none\" stroke=\"currentColor\" stroke-width=\"2\" stroke-linecap=\"round\" stroke-linejoin=\"round\"><path d=\"M10.29 3.86 1.82 18a2 2 0 0 0 1.71 3h16.94a2 2 0 0 0 1.71-3L13.71 3.86a2 2 0 0 0-3.42 0z\"><\/path><line x1=\"12\" y1=\"9\" x2=\"12\" y2=\"13\"><\/line><line x1=\"12\" y1=\"17\" x2=\"12.01\" y2=\"17\"><\/line><\/svg>\n          <span>Sulla riva destra, vicino all&rsquo;Arena: <strong>sabato 5 arriva molto in anticipo<\/strong>, quella sera c&rsquo;&egrave; anche l&rsquo;opera.<\/span>\n        <\/div>\n        <a href=\"https:\/\/www.parkingmycar.it\/parcheggio-verona-centro\/saba-arena-verona\" target=\"_blank\" rel=\"noopener\" class=\"pmc-cz-05-btn\">Verifica disponibilit&agrave;<\/a>\n      <\/div>\n    <\/div>\n  <\/div>\n<\/div>\n\n\n\n<div style=\"height:30px\" aria-hidden=\"true\" class=\"wp-block-spacer\"><\/div>\n\n\n\n<p class=\"wp-block-paragraph\"><strong>Un consiglio onesto su SABA Isolo<\/strong>: \u00e8 la scelta pi\u00f9 comoda per posizione, ma le rampe di accesso ai piani interrati sono strette e in curva. Scendi piano, soprattutto se hai un&#8217;auto grande, e in uscita a fine concerto metti in conto qualche minuto di coda. Vale comunque il cambio: dieci minuti a piedi lungo la sponda del fiume, senza ponti n\u00e9 varchi.<\/p>\n\n\n\n<div style=\"height:30px\" aria-hidden=\"true\" class=\"wp-block-spacer\"><\/div>\n\n\n\n<h3 id=\"sabato-5-o-domenica-6-cosa-cambia-per-il-parcheggio\" class=\"wp-block-heading\"><strong>Sabato 5 o domenica 6? Cosa cambia per il parcheggio<\/strong><\/h3>\n\n\n\n<p class=\"wp-block-paragraph\">Stesso artista, stesso palco, stessa ora. Ma dal punto di vista della sosta le due serate si comportano in modo diverso, e vale la pena saperlo prima di prenotare.<\/p>\n\n\n\n<div style=\"height:30px\" aria-hidden=\"true\" class=\"wp-block-spacer\"><\/div>\n\n\n\n<style>\n.pmc-cz-06-wrap{max-width:100%;font-family:inherit;color:#2e2e2e;margin:20px 0 32px;}\n.pmc-cz-06-table-wrap{border:1px solid #cbd5e1;border-radius:12px;overflow-x:visible;overflow-y:hidden;}\n.pmc-cz-06-table{width:100%;border-collapse:collapse;font-size:14px;}\n.pmc-cz-06-table thead th{background:#e2e8f0;padding:13px 16px;text-align:left;font-weight:600;color:#2e2e2e;border-bottom:1px solid #cbd5e1;}\n.pmc-cz-06-table thead th:not(:first-child){border-left:1px solid #cbd5e1;}\n.pmc-cz-06-table tbody td{padding:13px 16px;border-top:1px solid #cbd5e1;vertical-align:middle;}\n.pmc-cz-06-table tbody td:not(:first-child){border-left:1px solid #cbd5e1;}\n.pmc-cz-06-table tbody tr:nth-child(even) td{background:#f8fafc;}\n.pmc-cz-06-table tbody tr:nth-child(odd) td{background:#ffffff;}\n.pmc-cz-06-label{color:#475569;}\n@media (max-width:600px){\n.pmc-cz-06-table-wrap{border:none;border-radius:0;}\n.pmc-cz-06-table thead{display:none;}\n.pmc-cz-06-table tbody tr{display:block;border:1px solid #cbd5e1;border-radius:12px;margin-bottom:12px;overflow:hidden;}\n.pmc-cz-06-table tbody td{display:flex;justify-content:space-between;align-items:center;padding:11px 14px;border-top:none;border-left:none !important;border-bottom:1px solid #cbd5e1;background:#ffffff !important;text-align:right;}\n.pmc-cz-06-table tbody td:last-child{border-bottom:none;}\n.pmc-cz-06-table tbody td::before{content:attr(data-label);font-weight:600;color:#2e2e2e;margin-right:12px;text-align:left;}\n.pmc-cz-06-table tbody td:first-child{background:#e2e8f0 !important;font-weight:600;text-align:left;justify-content:flex-start;}\n.pmc-cz-06-table tbody td:first-child::before{content:none;}\n}\n<\/style>\n<div class=\"pmc-cz-06-wrap\">\n  <div class=\"pmc-cz-06-table-wrap\">\n    <table class=\"pmc-cz-06-table\">\n      <thead>\n        <tr>\n          <th>Cosa cambia<\/th>\n          <th>Sabato 5 settembre<\/th>\n          <th>Domenica 6 settembre<\/th>\n        <\/tr>\n      <\/thead>\n      <tbody>\n        <tr>\n          <td class=\"pmc-cz-06-label\">Altri eventi in citt&agrave;<\/td>\n          <td data-label=\"Sabato 5\">Opera all&rsquo;Arena di Verona, ore 21:00<\/td>\n          <td data-label=\"Domenica 6\">Nessuno: Arena a riposo<\/td>\n        <\/tr>\n        <tr>\n          <td class=\"pmc-cz-06-label\">Traffico previsto<\/td>\n          <td data-label=\"Sabato 5\">Alto su entrambe le sponde dal tardo pomeriggio<\/td>\n          <td data-label=\"Domenica 6\">Concentrato attorno al Teatro Romano<\/td>\n        <\/tr>\n        <tr>\n          <td class=\"pmc-cz-06-label\">Prima scelta<\/td>\n          <td data-label=\"Sabato 5\">SABA Isolo (riva sinistra, nessun ponte)<\/td>\n          <td data-label=\"Domenica 6\">SABA Isolo (riva sinistra, nessun ponte)<\/td>\n        <\/tr>\n        <tr>\n          <td class=\"pmc-cz-06-label\">Alternativa<\/td>\n          <td data-label=\"Sabato 5\">SABA Arena, ma arrivando con largo anticipo<\/td>\n          <td data-label=\"Domenica 6\">SABA Arena, senza particolari vincoli<\/td>\n        <\/tr>\n        <tr>\n          <td class=\"pmc-cz-06-label\">ZTL alle 21:15<\/td>\n          <td data-label=\"Sabato 5\">Non attiva (sabato: solo 10:00&ndash;13:30)<\/td>\n          <td data-label=\"Domenica 6\">Non attiva (festivi: solo 10:00&ndash;13:30)<\/td>\n        <\/tr>\n        <tr>\n          <td class=\"pmc-cz-06-label\">Quando prenotare<\/td>\n          <td data-label=\"Sabato 5\">Il prima possibile: domanda doppia<\/td>\n          <td data-label=\"Domenica 6\">Con qualche giorno di margine<\/td>\n        <\/tr>\n      <\/tbody>\n    <\/table>\n  <\/div>\n<\/div>\n\n\n\n<div style=\"height:50px\" aria-hidden=\"true\" class=\"wp-block-spacer\"><\/div>\n\n\n\n<h2 id=\"domande-frequenti\" class=\"wp-block-heading\"><strong>Domande frequenti<\/strong><\/h2>\n\n\n<div id=\"rank-math-faq\" class=\"rank-math-block\">\n<div class=\"rank-math-list \">\n<div id=\"faq-question-1788428424844\" class=\"rank-math-list-item\">\n<h3 class=\"rank-math-question \"><strong>Dove posso parcheggiare per il concerto di Coez al Teatro Romano di Verona?<\/strong><\/h3>\n<div class=\"rank-math-answer \">\n\n<p>Il Teatro Romano non ha un parcheggio dedicato. Su <a href=\"https:\/\/www.parkingmycar.it\/parcheggio-teatro-romano-verona\">ParkingMyCar<\/a> puoi prenotare online un posto in struttura nelle vicinanze: SABA Isolo, sotterraneo aperto h24 sulla stessa sponda del teatro (meno di 10 minuti a piedi, senza ponti da attraversare), e SABA Arena di Verona, sotterraneo presidiato h24 con ricarica elettrica sulla riva destra. Entrambi sono fuori dalla ZTL.<\/p>\n\n<\/div>\n<\/div>\n<div id=\"faq-question-1788428429321\" class=\"rank-math-list-item\">\n<h3 class=\"rank-math-question \"><strong>A che ora inizia il concerto di Coez al Teatro Romano?<\/strong><\/h3>\n<div class=\"rank-math-answer \">\n\n<p>Entrambe le date, sabato 5 e domenica 6 settembre 2026, iniziano alle ore 21:15. L&#8217;orario di apertura delle porte non \u00e8 stato comunicato: ti consigliamo di arrivare con almeno un&#8217;ora di anticipo, soprattutto sabato 5, quando in citt\u00e0 c&#8217;\u00e8 anche uno spettacolo all&#8217;Arena.<\/p>\n\n<\/div>\n<\/div>\n<div id=\"faq-question-1788428430424\" class=\"rank-math-list-item\">\n<h3 class=\"rank-math-question \"><strong>Ci sono ancora biglietti per Coez a Verona?<\/strong><\/h3>\n<div class=\"rank-math-answer \">\n\n<p>No: entrambe le date al Teatro Romano risultano sold out. Il 5 settembre si \u00e8 esaurito gi\u00e0 a marzo, tanto che l&#8217;organizzazione ha aggiunto il raddoppio del 6 settembre, anch&#8217;esso poi esaurito. Su TicketOne, Ticketmaster e Box Office Verona puoi verificare eventuali disponibilit\u00e0 dell&#8217;ultima ora; evita i canali di rivendita non autorizzati.<\/p>\n\n<\/div>\n<\/div>\n<div id=\"faq-question-1788428432163\" class=\"rank-math-list-item\">\n<h3 class=\"rank-math-question \"><strong>Il Teatro Romano di Verona \u00e8 dentro la ZTL?<\/strong><\/h3>\n<div class=\"rank-math-answer \">\n\n<p>No. La ZTL di Verona interessa l&#8217;ansa interna dell&#8217;Adige, tra il Ponte Scaligero di Castelvecchio e Ponte Aleardi, cio\u00e8 la riva destra. Il Teatro Romano si trova sulla riva sinistra, in Regaste Redentore, fuori dall&#8217;area a traffico limitato. In pi\u00f9 il 5 e il 6 settembre sono sabato e domenica: nel fine settimana la limitazione \u00e8 in vigore solo dalle 10:00 alle 13:30.<\/p>\n\n<\/div>\n<\/div>\n<\/div>\n<\/div>\n\n\n<div style=\"height:30px\" aria-hidden=\"true\" class=\"wp-block-spacer\"><\/div>\n\n\n\n<h2 id=\"coez-live-al-teatro-romano-conclusioni\" class=\"wp-block-heading\"><strong>Coez live al Teatro Romano: conclusioni<\/strong><\/h2>\n\n\n\n<p class=\"wp-block-paragraph\">Duemila anni di pietra, l&#8217;Adige che scorre alle spalle del pubblico e un repertorio riportato all&#8217;osso: due sere cos\u00ec si esauriscono in fretta per un motivo. Lo stesso palco ha ospitato altre voci della stagione: trovi info e parcheggi anche per il <a href=\"https:\/\/www.parkingmycar.it\/blog\/joan-thiele-al-teatro-romano-verona\/\">concerto di Joan Thiele al Teatro Romano<\/a> e per il <a href=\"https:\/\/www.parkingmycar.it\/blog\/raf-al-teatro-romano-verona\/\">live di Raf al Teatro Romano di Verona<\/a>. E il posto auto? Puoi riservarlo subito dal nostro sito o dall&#8217;<strong>app ParkingMyCar<\/strong> (<a href=\"https:\/\/play.google.com\/store\/apps\/details?id=it.parkingmycar.parkingmyapp&amp;referrer=utm_source%3Dpmc%26utm_medium%3Dblog%26utm_content%3Dpost%26utm_campaign%3DIT-IT_PMC_C_APP_Android_Blog-post\" target=\"_blank\" rel=\"noopener\"><strong>Android<\/strong><\/a>, <a href=\"https:\/\/apps.apple.com\/app\/apple-store\/id1613368206?pt=123732674&amp;ct=IT-IT_PMC_C_APP_iOS_Blog-post&amp;mt=8\" target=\"_blank\" rel=\"noopener\"><strong>iOS<\/strong><\/a>).<\/p>\n\n\n\n<div style=\"height:30px\" aria-hidden=\"true\" class=\"wp-block-spacer\"><\/div>\n\n\n\n<style>\n.pmc-cz-07-wrap{max-width:100%;font-family:inherit;color:#2e2e2e;margin:28px 0 24px;}\n.pmc-cz-07-box{background:#f8fafc;border:1px solid #cbd5e1;border-radius:12px;padding:22px 24px;display:flex;align-items:center;gap:20px;}\n.pmc-cz-07-icon{width:52px;height:52px;background:#fc8031;border-radius:50%;display:flex;align-items:center;justify-content:center;color:#ffffff;flex-shrink:0;}\n.pmc-cz-07-icon svg{width:26px;height:26px;}\n.pmc-cz-07-content{flex:1;min-width:0;}\n.pmc-cz-07-title{font-size:17px;font-weight:600;margin:0 0 4px;color:#2e2e2e;}\n.pmc-cz-07-text{font-size:14px;line-height:1.55;color:#475569;margin:0;}\n.pmc-cz-07-btn{display:inline-block !important;font-size:14px !important;color:#ffffff !important;background:#fc8031 !important;padding:11px 20px !important;border-radius:6px !important;text-decoration:none !important;font-weight:600 !important;white-space:nowrap;flex-shrink:0;}\n.pmc-cz-07-btn:hover,.pmc-cz-07-btn:focus,.pmc-cz-07-btn:visited{color:#ffffff !important;background:#e36e1f !important;text-decoration:none !important;}\n@media (max-width:600px){.pmc-cz-07-box{flex-direction:column;align-items:flex-start;padding:20px;gap:14px;}.pmc-cz-07-btn{width:100%;text-align:center;}}\n<\/style>\n<div class=\"pmc-cz-07-wrap\">\n  <div class=\"pmc-cz-07-box\">\n    <div class=\"pmc-cz-07-icon\">\n      <svg viewbox=\"0 0 24 24\" fill=\"none\" stroke=\"currentColor\" stroke-width=\"2\" stroke-linecap=\"round\" stroke-linejoin=\"round\"><rect x=\"3\" y=\"3\" width=\"18\" height=\"18\" rx=\"2\"><\/rect><path d=\"M9 17V7h4a3 3 0 010 6H9\"><\/path><\/svg>\n    <\/div>\n    <div class=\"pmc-cz-07-content\">\n      <p class=\"pmc-cz-07-title\">Goditi il concerto, al parcheggio pensiamo noi<\/p>\n      <p class=\"pmc-cz-07-text\">Prenota in pochi clic il tuo posto vicino al Teatro Romano di Verona e vivi la serata senza pensieri.<\/p>\n    <\/div>\n    <a href=\"https:\/\/www.parkingmycar.it\/parcheggio-teatro-romano-verona\" target=\"_blank\" rel=\"noopener\" class=\"pmc-cz-07-btn\">Prenota il parcheggio<\/a>\n  <\/div>\n<\/div>\n\n\n\n<div style=\"height:50px\" aria-hidden=\"true\" class=\"wp-block-spacer\"><\/div>\n","protected":false},"excerpt":{"rendered":"<p>Coez ha scelto un teatro di pietra del I secolo a.C., affacciato sull&#8217;Adige, per portare a Verona From the Rooftop: la versione pi\u00f9 intima e spoglia del suo repertorio<\/p>\n","protected":false},"author":3,"featured_media":14995,"comment_status":"closed","ping_status":"closed","sticky":false,"template":"","format":"standard","meta":{"footnotes":""},"categories":[6],"tags":[130,131,41,60,75],"class_list":["post-14988","post","type-post","status-publish","format-standard","has-post-thumbnail","hentry","category-eventi-esperienze","tag-ai-act","tag-ai-act-2","tag-musica-live","tag-parcheggi-citta","tag-verona","infinite-scroll-item","generate-columns","tablet-grid-50","mobile-grid-100","grid-parent","grid-50"],"_links":{"self":[{"href":"https:\/\/www.parkingmycar.it\/blog\/wp-json\/wp\/v2\/posts\/14988","targetHints":{"allow":["GET"]}}],"collection":[{"href":"https:\/\/www.parkingmycar.it\/blog\/wp-json\/wp\/v2\/posts"}],"about":[{"href":"https:\/\/www.parkingmycar.it\/blog\/wp-json\/wp\/v2\/types\/post"}],"author":[{"embeddable":true,"href":"https:\/\/www.parkingmycar.it\/blog\/wp-json\/wp\/v2\/users\/3"}],"replies":[{"embeddable":true,"href":"https:\/\/www.parkingmycar.it\/blog\/wp-json\/wp\/v2\/comments?post=14988"}],"version-history":[{"count":6,"href":"https:\/\/www.parkingmycar.it\/blog\/wp-json\/wp\/v2\/posts\/14988\/revisions"}],"predecessor-version":[{"id":14998,"href":"https:\/\/www.parkingmycar.it\/blog\/wp-json\/wp\/v2\/posts\/14988\/revisions\/14998"}],"wp:featuredmedia":[{"embeddable":true,"href":"https:\/\/www.parkingmycar.it\/blog\/wp-json\/wp\/v2\/media\/14995"}],"wp:attachment":[{"href":"https:\/\/www.parkingmycar.it\/blog\/wp-json\/wp\/v2\/media?parent=14988"}],"wp:term":[{"taxonomy":"category","embeddable":true,"href":"https:\/\/www.parkingmycar.it\/blog\/wp-json\/wp\/v2\/categories?post=14988"},{"taxonomy":"post_tag","embeddable":true,"href":"https:\/\/www.parkingmycar.it\/blog\/wp-json\/wp\/v2\/tags?post=14988"}],"curies":[{"name":"wp","href":"https:\/\/api.w.org\/{rel}","templated":true}]}}