{"id":14999,"date":"2026-09-03T15:00:00","date_gmt":"2026-09-03T13:00:00","guid":{"rendered":"https:\/\/www.parkingmycar.it\/blog\/?p=14999"},"modified":"2026-09-03T17:38:24","modified_gmt":"2026-09-03T15:38:24","slug":"sal-da-vinci-al-castello-sforzesco-milano","status":"publish","type":"post","link":"https:\/\/www.parkingmycar.it\/blog\/sal-da-vinci-al-castello-sforzesco-milano\/","title":{"rendered":"Sal Da Vinci al Castello Sforzesco: info e parcheggi"},"content":{"rendered":"\n<div class=\"wp-block-rank-math-toc-block\" id=\"rank-math-toc\"><p><strong>In questo articolo:<\/strong><\/p><nav><ul><li class=\"\"><a href=\"#sal-da-vinci-al-castello-sforzesco\">Sal Da Vinci al Castello Sforzesco<\/a><ul><li class=\"\"><a href=\"#location\">Location<\/a><\/li><li class=\"\"><a href=\"#biglietti-concerto-sal-da-vinci\">Biglietti concerto Sal Da Vinci<\/a><\/li><li class=\"\"><a href=\"#accessibilita-e-posti-riservati\">Accessibilit\u00e0 e posti riservati<\/a><\/li><li class=\"\"><a href=\"#scaletta-concerto\">Scaletta concerto<\/a><\/li><\/ul><\/li><li class=\"\"><a href=\"#come-raggiungere-il-castello-sforzesco-la-sera-del-concerto\">Come raggiungere il Castello Sforzesco la sera del concerto<\/a><\/li><li class=\"\"><a href=\"#dove-parcheggiare-per-il-concerto-di-sal-da-vinci-al-castello-sforzesco\">Dove parcheggiare per il concerto di Sal Da Vinci al Castello Sforzesco<\/a><ul><\/ul><\/li><li class=\"\"><a href=\"#domande-frequenti\">Domande frequenti<\/a><ul><li class=\"\"><a href=\"#faq-question-1788447246661\">A che ora inizia il concerto di Sal Da Vinci al Castello Sforzesco?<\/a><\/li><li class=\"\"><a href=\"#faq-question-1788447247929\">Quanto costano i biglietti per Sal Da Vinci al Castello Sforzesco?<\/a><\/li><li class=\"\"><a href=\"#faq-question-1788447248611\">Serve il ticket Area C per arrivare al Castello Sforzesco la sera del concerto?<\/a><\/li><\/ul><\/li><li class=\"\"><a href=\"#sal-da-vinci-live-a-milano-conclusioni\">Sal Da Vinci live a Milano: conclusioni<\/a><\/li><\/ul><\/nav><\/div>\n\n\n\n<div style=\"height:50px\" aria-hidden=\"true\" class=\"wp-block-spacer\"><\/div>\n\n\n\n<p class=\"wp-block-paragraph\">Una vittoria a Sanremo, un quinto posto all&#8217;Eurovision e una canzone \u2014 <em>Per sempre s\u00ec<\/em> \u2014 che \u00e8 diventata il tormentone dell&#8217;anno. Il <strong>2026 di Sal Da Vinci<\/strong> \u00e8 stato quello della consacrazione definitiva, dopo trent&#8217;anni passati a raccontare Napoli con la voce.<\/p>\n\n\n\n<p class=\"wp-block-paragraph\">Ora quel racconto arriva a Milano, in una delle cornici pi\u00f9 scenografiche della citt\u00e0: il <strong>Cortile delle Armi del Castello Sforzesco<\/strong>. Appuntamento <strong>domenica 6 settembre 2026, alle 21:00<\/strong>, per la chiusura in musica di Estate al Castello. In questo articolo trovi tutto quello che ti serve per arrivare senza pensieri: biglietti, mezzi e, soprattutto\u2026 dove lasciare l&#8217;auto in una domenica sera milanese.<\/p>\n\n\n\n<div style=\"height:30px\" aria-hidden=\"true\" class=\"wp-block-spacer\"><\/div>\n\n\n\n<style>\n.pmc-sdvmi-01-wrap{max-width:680px;font-family:inherit;color:#2e2e2e;margin:24px 0 32px;}\n.pmc-sdvmi-01-box{background:#f8fafc;border:1px solid #cbd5e1;border-left:4px solid #fc8031;border-radius:12px;padding:22px 24px;}\n.pmc-sdvmi-01-label{font-size:11px;font-weight:600;letter-spacing:0.8px;text-transform:uppercase;color:#fc8031;margin:0 0 12px;}\n.pmc-sdvmi-01-grid{display:grid;grid-template-columns:repeat(2,1fr);gap:16px 24px;margin-bottom:16px;}\n.pmc-sdvmi-01-item-label{font-size:12px;color:#64748b;margin-bottom:3px;display:flex;align-items:center;gap:6px;}\n.pmc-sdvmi-01-item-value{font-size:15px;font-weight:500;color:#2e2e2e;}\n.pmc-sdvmi-01-cta{display:inline-flex !important;align-items:center;gap:6px;font-size:14px;color:#fc8031 !important;font-weight:500;text-decoration:none !important;border-bottom:1px solid #fc8031;padding-bottom:1px;}\n.pmc-sdvmi-01-cta:hover,.pmc-sdvmi-01-cta:focus,.pmc-sdvmi-01-cta:visited{color:#fc8031 !important;text-decoration:none !important;}\n.pmc-sdvmi-01-ico{width:14px;height:14px;flex-shrink:0;}\n@media (max-width:600px){.pmc-sdvmi-01-box{padding:18px;}.pmc-sdvmi-01-grid{grid-template-columns:1fr;gap:14px;}}\n<\/style>\n<div class=\"pmc-sdvmi-01-wrap\">\n  <div class=\"pmc-sdvmi-01-box\">\n    <p class=\"pmc-sdvmi-01-label\">In breve<\/p>\n    <div class=\"pmc-sdvmi-01-grid\">\n      <div>\n        <div class=\"pmc-sdvmi-01-item-label\"><svg class=\"pmc-sdvmi-01-ico\" viewbox=\"0 0 24 24\" fill=\"none\" stroke=\"currentColor\" stroke-width=\"2\" stroke-linecap=\"round\" stroke-linejoin=\"round\"><path d=\"M9 18V5l12-2v13\"><\/path><circle cx=\"6\" cy=\"18\" r=\"3\"><\/circle><circle cx=\"18\" cy=\"16\" r=\"3\"><\/circle><\/svg>Artista<\/div>\n        <div class=\"pmc-sdvmi-01-item-value\">Sal Da Vinci<\/div>\n      <\/div>\n      <div>\n        <div class=\"pmc-sdvmi-01-item-label\"><svg class=\"pmc-sdvmi-01-ico\" viewbox=\"0 0 24 24\" fill=\"none\" stroke=\"currentColor\" stroke-width=\"2\" stroke-linecap=\"round\" stroke-linejoin=\"round\"><path d=\"M21 10c0 7-9 13-9 13s-9-6-9-13a9 9 0 0 1 18 0z\"><\/path><circle cx=\"12\" cy=\"10\" r=\"3\"><\/circle><\/svg>Location<\/div>\n        <div class=\"pmc-sdvmi-01-item-value\">Castello Sforzesco &ndash; Cortile delle Armi<\/div>\n      <\/div>\n      <div>\n        <div class=\"pmc-sdvmi-01-item-label\"><svg class=\"pmc-sdvmi-01-ico\" viewbox=\"0 0 24 24\" fill=\"none\" stroke=\"currentColor\" stroke-width=\"2\" stroke-linecap=\"round\" stroke-linejoin=\"round\"><rect x=\"3\" y=\"4\" width=\"18\" height=\"18\" rx=\"2\"><\/rect><line x1=\"16\" y1=\"2\" x2=\"16\" y2=\"6\"><\/line><line x1=\"8\" y1=\"2\" x2=\"8\" y2=\"6\"><\/line><line x1=\"3\" y1=\"10\" x2=\"21\" y2=\"10\"><\/line><\/svg>Data<\/div>\n        <div class=\"pmc-sdvmi-01-item-value\">Domenica 6 settembre 2026<\/div>\n      <\/div>\n      <div>\n        <div class=\"pmc-sdvmi-01-item-label\"><svg class=\"pmc-sdvmi-01-ico\" viewbox=\"0 0 24 24\" fill=\"none\" stroke=\"currentColor\" stroke-width=\"2\" stroke-linecap=\"round\" stroke-linejoin=\"round\"><circle cx=\"12\" cy=\"12\" r=\"10\"><\/circle><polyline points=\"12 6 12 12 16 14\"><\/polyline><\/svg>Orario<\/div>\n        <div class=\"pmc-sdvmi-01-item-value\">21:00<\/div>\n      <\/div>\n    <\/div>\n    <a href=\"#parcheggi\" class=\"pmc-sdvmi-01-cta\">Hai gi&agrave; il biglietto? Pensa al parcheggio <svg class=\"pmc-sdvmi-01-ico\" viewbox=\"0 0 24 24\" fill=\"none\" stroke=\"currentColor\" stroke-width=\"2\" stroke-linecap=\"round\" stroke-linejoin=\"round\"><line x1=\"5\" y1=\"12\" x2=\"19\" y2=\"12\"><\/line><polyline points=\"12 5 19 12 12 19\"><\/polyline><\/svg><\/a>\n  <\/div>\n<\/div>\n\n\n\n<div style=\"height:50px\" aria-hidden=\"true\" class=\"wp-block-spacer\"><\/div>\n\n\n\n<h2 id=\"sal-da-vinci-al-castello-sforzesco\" class=\"wp-block-heading\"><strong>Sal Da Vinci al Castello Sforzesco<\/strong><\/h2>\n\n\n\n<p class=\"wp-block-paragraph\">Dopo il trionfo all&#8217;Ariston e il palco dell&#8217;Eurovision, <strong>Sal Da Vinci porta il suo tour estivo dentro le mura del Castello Sforzesco<\/strong>. Non \u00e8 un concerto da stadio: il Cortile delle Armi accoglie una platea di <strong>circa 2.300 posti<\/strong>, e questo cambia la natura della serata. Sotto la Torre del Filarete illuminata la voce arriva vicina, e il repertorio \u2014 la canzone napoletana della tradizione che si intreccia con i brani pop degli ultimi anni \u2014 trova la sua dimensione naturale.<\/p>\n\n\n\n<div style=\"height:30px\" aria-hidden=\"true\" class=\"wp-block-spacer\"><\/div>\n\n\n\n<style>\n.pmc-sdvmi-02-wrap{max-width:100%;font-family:inherit;color:#2e2e2e;margin:20px 0 28px;}\n.pmc-sdvmi-02-box{background:#f8fafc;border:1px solid #cbd5e1;border-radius:12px;padding:20px;}\n.pmc-sdvmi-02-head{display:flex;align-items:center;gap:10px;margin-bottom:16px;}\n.pmc-sdvmi-02-head svg{width:20px;height:20px;color:#fc8031;flex-shrink:0;}\n.pmc-sdvmi-02-head-text{font-size:14px;font-weight:500;color:#2e2e2e;}\n.pmc-sdvmi-02-date{display:flex;align-items:center;gap:22px;background:#ffffff;border:1px solid #cbd5e1;border-radius:10px;padding:18px 22px;}\n.pmc-sdvmi-02-daybox{text-align:center;flex-shrink:0;min-width:70px;}\n.pmc-sdvmi-02-dow{font-size:12px;color:#64748b;text-transform:uppercase;letter-spacing:0.5px;font-weight:600;}\n.pmc-sdvmi-02-num{font-size:40px;font-weight:700;line-height:1;color:#fc8031;margin:3px 0;}\n.pmc-sdvmi-02-mon{font-size:13px;color:#64748b;}\n.pmc-sdvmi-02-sep{width:1px;align-self:stretch;background:#cbd5e1;}\n.pmc-sdvmi-02-info-title{font-size:16px;font-weight:600;color:#2e2e2e;margin:0 0 4px;}\n.pmc-sdvmi-02-info-text{font-size:14px;color:#475569;line-height:1.55;margin:0;}\n@media (max-width:600px){.pmc-sdvmi-02-box{padding:14px;}.pmc-sdvmi-02-date{gap:16px;padding:14px 16px;}.pmc-sdvmi-02-num{font-size:34px;}.pmc-sdvmi-02-daybox{min-width:58px;}}\n<\/style>\n<div class=\"pmc-sdvmi-02-wrap\">\n  <div class=\"pmc-sdvmi-02-box\">\n    <div class=\"pmc-sdvmi-02-head\">\n      <svg viewbox=\"0 0 24 24\" fill=\"none\" stroke=\"currentColor\" stroke-width=\"2\" stroke-linecap=\"round\" stroke-linejoin=\"round\"><rect x=\"3\" y=\"4\" width=\"18\" height=\"18\" rx=\"2\"><\/rect><line x1=\"16\" y1=\"2\" x2=\"16\" y2=\"6\"><\/line><line x1=\"8\" y1=\"2\" x2=\"8\" y2=\"6\"><\/line><line x1=\"3\" y1=\"10\" x2=\"21\" y2=\"10\"><\/line><\/svg>\n      <div class=\"pmc-sdvmi-02-head-text\">Una sola data &mdash; ore 21:00<\/div>\n    <\/div>\n    <div class=\"pmc-sdvmi-02-date\">\n      <div class=\"pmc-sdvmi-02-daybox\">\n        <div class=\"pmc-sdvmi-02-dow\">Dom<\/div>\n        <div class=\"pmc-sdvmi-02-num\">6<\/div>\n        <div class=\"pmc-sdvmi-02-mon\">settembre 2026<\/div>\n      <\/div>\n      <div class=\"pmc-sdvmi-02-sep\"><\/div>\n      <div>\n        <p class=\"pmc-sdvmi-02-info-title\">Sal Da Vinci live al Castello Sforzesco<\/p>\n        <p class=\"pmc-sdvmi-02-info-text\">Cortile delle Armi, Piazza Castello 3 &ndash; Milano. Inizio spettacolo previsto per le ore 21:00, nell&rsquo;ambito della rassegna Estate al Castello 2026.<\/p>\n      <\/div>\n    <\/div>\n  <\/div>\n<\/div>\n\n\n\n<div style=\"height:30px\" aria-hidden=\"true\" class=\"wp-block-spacer\"><\/div>\n\n\n\n<p class=\"wp-block-paragraph\">La data milanese chiude il capitolo estivo del tour prodotto da Vivo Concerti ed \u00e8 organizzata insieme a Shining Production, all&#8217;interno della <strong>quattordicesima edizione di Estate al Castello<\/strong>: la rassegna promossa dall&#8217;Assessorato alla Cultura del Comune di Milano che dal 12 giugno al 9 settembre trasforma il cortile in un palcoscenico urbano, con oltre settanta appuntamenti tra musica, teatro, comicit\u00e0 e cinema. La direzione artistica \u00e8 di Federico Russo.<\/p>\n\n\n\n<div style=\"height:30px\" aria-hidden=\"true\" class=\"wp-block-spacer\"><\/div>\n\n\n\n<h3 id=\"location\" class=\"wp-block-heading\">Location<\/h3>\n\n\n\n<div class=\"wp-block-columns are-vertically-aligned-center is-layout-flex wp-container-core-columns-is-layout-8f761849 wp-block-columns-is-layout-flex\">\n<div class=\"wp-block-column is-vertically-aligned-center is-layout-flow wp-block-column-is-layout-flow\">\n<figure class=\"wp-block-image size-full\"><img decoding=\"async\" width=\"600\" height=\"337\" src=\"https:\/\/www.parkingmycar.it\/blog\/wp-content\/uploads\/2026\/09\/Sal-Da-Vinci-Castello-Sforzesco-2.jpg\" alt=\"Castello Sforzesco di notte\" class=\"wp-image-15004\" srcset=\"https:\/\/www.parkingmycar.it\/blog\/wp-content\/uploads\/2026\/09\/Sal-Da-Vinci-Castello-Sforzesco-2.jpg 600w, https:\/\/www.parkingmycar.it\/blog\/wp-content\/uploads\/2026\/09\/Sal-Da-Vinci-Castello-Sforzesco-2-300x169.jpg 300w\" sizes=\"(max-width: 600px) 100vw, 600px\" \/><figcaption class=\"wp-element-caption\"><em>Immagine generata da intelligenza artificiale<\/em><\/figcaption><\/figure>\n<\/div>\n\n\n\n<div class=\"wp-block-column is-vertically-aligned-center is-layout-flow wp-block-column-is-layout-flow\">\n<p class=\"wp-block-paragraph\"><strong>Il Castello Sforzesco \u00e8, con il Duomo, il simbolo di Milano<\/strong>: una fortezza quattrocentesca voluta da Francesco Sforza, oggi sede di musei e collezioni tra cui la Piet\u00e0 Rondanini di Michelangelo. Il concerto non si tiene per\u00f2 negli spazi museali, ma nel Cortile delle Armi, il grande cortile interno che d&#8217;estate diventa un anfiteatro a cielo aperto da 2.300 posti. L&#8217;ingresso \u00e8 da Piazza Castello, sotto la Torre del Filarete.<\/p>\n<\/div>\n<\/div>\n\n\n\n<div style=\"height:30px\" aria-hidden=\"true\" class=\"wp-block-spacer\"><\/div>\n\n\n\n<h3 id=\"biglietti-concerto-sal-da-vinci\" class=\"wp-block-heading\"><strong>Biglietti concerto Sal Da Vinci<\/strong><\/h3>\n\n\n\n<p class=\"wp-block-paragraph\">I <a href=\"https:\/\/www.ticketone.it\/event\/sal-da-vinci-live-2026-castello-sforzesco-21759401\/\" target=\"_blank\" rel=\"noreferrer noopener\">biglietti sono disponibili sul circuito ufficiale TicketOne<\/a> a partire da 39 \u20ac (pi\u00f9 commissioni di prevendita), dove puoi verificare in tempo reale disponibilit\u00e0, settori e prezzi. Estate al Castello applica una politica di prezzi calmierati su tutto il cartellone.<\/p>\n\n\n\n<div style=\"height:30px\" aria-hidden=\"true\" class=\"wp-block-spacer\"><\/div>\n\n\n\n<h3 id=\"accessibilita-e-posti-riservati\" class=\"wp-block-heading\"><strong>Accessibilit\u00e0 e posti riservati<\/strong><\/h3>\n\n\n\n<p class=\"wp-block-paragraph\">Estate al Castello riserva 21 posti a serata alle persone con disabilit\u00e0, collocati secondo una logistica pensata per garantire la stessa fruizione dello spettacolo, con personale addetto all&#8217;accoglienza. Se ti serve un posto riservato conviene muoverti in anticipo: il numero \u00e8 limitato e vale per ogni singola data.<\/p>\n\n\n\n<div style=\"height:30px\" aria-hidden=\"true\" class=\"wp-block-spacer\"><\/div>\n\n\n\n<h3 id=\"scaletta-concerto\" class=\"wp-block-heading\"><strong>Scaletta concerto<\/strong><\/h3>\n\n\n\n<p class=\"wp-block-paragraph\"><strong>Una scaletta ufficiale non \u00e8 stata diffusa<\/strong>, ma la direzione dello spettacolo \u00e8 chiara. Ci aspettiamo <em>Per sempre s\u00ec<\/em>, il brano che ha vinto Sanremo 2026 e ha rappresentato l&#8217;Italia all&#8217;Eurovision, insieme a Rossetto e caff\u00e8, il successo che lo ha riportato in cima alle classifiche digitali. Intorno, il repertorio dell&#8217;album uscito a maggio e i classici della canzone napoletana che accompagnano Sal Da Vinci da sempre. Il resto lo scoprirai sotto la Torre del Filarete.<\/p>\n\n\n\n<div style=\"height:30px\" aria-hidden=\"true\" class=\"wp-block-spacer\"><\/div>\n\n\n\n<h2 id=\"come-raggiungere-il-castello-sforzesco-la-sera-del-concerto\" class=\"wp-block-heading\"><strong>Come raggiungere il Castello Sforzesco la sera del concerto<\/strong><\/h2>\n\n\n\n<p class=\"wp-block-paragraph\">Il Castello si trova in Piazza Castello, nel cuore della citt\u00e0. Con i mezzi \u00e8 semplicissimo: la fermata pi\u00f9 vicina \u00e8 Cairoli sulla linea rossa M1, praticamente davanti all&#8217;ingresso; poco pi\u00f9 distanti Lanza sulla M2 e Cadorna, servita da M1, M2 e dalle linee ferroviarie suburbane. Diverse linee di tram fermano a Cairoli e Lanza.<\/p>\n\n\n\n<p class=\"wp-block-paragraph\">In auto la faccenda \u00e8 pi\u00f9 delicata, perch\u00e9 il Castello \u00e8 dentro la Cerchia dei Bastioni: la <a href=\"https:\/\/www.parkingmycar.it\/blog\/ztl-milano-regole\/\"><strong>zona dell&#8217;Area C<\/strong><\/a>. Il concerto per\u00f2 inizia alle 21:00, e i varchi non sono operativi dopo le 19:30 in nessun giorno della settimana. <strong>Se arrivi in tarda serata non ti serve alcun ticket<\/strong>; se invece pensi di arrivare prima per cena o per una passeggiata in centro, controlla le regole aggiornate sul <a href=\"https:\/\/www.comune.milano.it\/argomenti\/mobilita\/area-c\" target=\"_blank\" rel=\"noopener\">portale del Comune di Milano<\/a> prima di partire.<\/p>\n\n\n\n<div style=\"height:30px\" aria-hidden=\"true\" class=\"wp-block-spacer\"><\/div>\n\n\n\n<style>\n.pmc-sdvmi-03-wrap{max-width:780px;font-family:inherit;color:#2e2e2e;margin:14px 0 22px;}\n.pmc-sdvmi-03-box{background:#f8fafc;border:1px solid #cbd5e1;border-left:4px solid #fc8031;border-radius:8px;padding:14px 18px;display:flex;align-items:center;gap:14px;}\n.pmc-sdvmi-03-icon{width:36px;height:36px;background:#fc8031;border-radius:50%;display:flex;align-items:center;justify-content:center;color:#ffffff;flex-shrink:0;}\n.pmc-sdvmi-03-icon svg{width:18px;height:18px;}\n.pmc-sdvmi-03-content{flex:1;min-width:0;}\n.pmc-sdvmi-03-label{font-size:11px;font-weight:600;color:#fc8031;text-transform:uppercase;letter-spacing:0.6px;margin-bottom:2px;}\n.pmc-sdvmi-03-text{font-size:14px;line-height:1.55;color:#2e2e2e;margin:0;}\n.pmc-sdvmi-03-text strong{font-weight:600;}\n@media (max-width:600px){.pmc-sdvmi-03-box{padding:14px;gap:12px;}}\n<\/style>\n<div class=\"pmc-sdvmi-03-wrap\">\n  <div class=\"pmc-sdvmi-03-box\">\n    <div class=\"pmc-sdvmi-03-icon\"><svg viewbox=\"0 0 24 24\" fill=\"none\" stroke=\"currentColor\" stroke-width=\"2\" stroke-linecap=\"round\" stroke-linejoin=\"round\"><path d=\"M5 17h14\"><\/path><path d=\"M5 17v-5l2-5h10l2 5v5\"><\/path><path d=\"M5 17v2\"><\/path><path d=\"M19 17v2\"><\/path><circle cx=\"8\" cy=\"15\" r=\"1\"><\/circle><circle cx=\"16\" cy=\"15\" r=\"1\"><\/circle><\/svg><\/div>\n    <div class=\"pmc-sdvmi-03-content\">\n      <div class=\"pmc-sdvmi-03-label\">In sintesi<\/div>\n      <p class=\"pmc-sdvmi-03-text\">Metro <strong>Cairoli M1<\/strong> a due passi dall&rsquo;ingresso. In auto, il Castello &egrave; <strong>dentro la Cerchia dei Bastioni<\/strong>: dopo le 19:30 i varchi non sono operativi, prima s&igrave;. La soluzione pi&ugrave; semplice resta lasciare l&rsquo;auto in struttura appena fuori dai Bastioni.<\/p>\n    <\/div>\n  <\/div>\n<\/div>\n\n\n\n<div style=\"height:50px\" aria-hidden=\"true\" class=\"wp-block-spacer\"><\/div>\n\n\n\n<h2 id=\"dove-parcheggiare-per-il-concerto-di-sal-da-vinci-al-castello-sforzesco\" class=\"wp-block-heading\"><strong>Dove parcheggiare per il concerto di Sal Da Vinci al Castello Sforzesco<\/strong><\/h2>\n\n\n\n<p class=\"wp-block-paragraph\"><strong>Il Castello Sforzesco non ha un parcheggio proprio<\/strong>, e la sosta su strada nel raggio di Piazza Castello \u00e8 quasi tutta riservata ai residenti. Ma c&#8217;\u00e8 un dettaglio che a Milano fa la differenza e che quasi nessuno considera: il concerto \u00e8 di domenica.<\/p>\n\n\n\n<div style=\"height:30px\" aria-hidden=\"true\" class=\"wp-block-spacer\"><\/div>\n\n\n\n<style>\n.pmc-sdvmi-warn-wrap{max-width:100%;font-family:inherit;margin:18px 0 24px;}\n.pmc-sdvmi-warn-box{background:#fffbeb;border:1px solid #fcd34d;border-left:4px solid #f59e0b;border-radius:8px;padding:16px 20px;display:flex;gap:14px;align-items:flex-start;}\n.pmc-sdvmi-warn-icon{width:24px;height:24px;color:#f59e0b;flex-shrink:0;margin-top:1px;}\n.pmc-sdvmi-warn-content{flex:1;min-width:0;}\n.pmc-sdvmi-warn-label{font-size:11px;font-weight:600;text-transform:uppercase;letter-spacing:0.6px;color:#b45309;margin-bottom:4px;}\n.pmc-sdvmi-warn-text{font-size:14px;line-height:1.6;color:#2e2e2e;margin:0;}\n.pmc-sdvmi-warn-text a{color:#b45309 !important;text-decoration:underline !important;font-weight:600;}\n.pmc-sdvmi-warn-text a:hover,.pmc-sdvmi-warn-text a:focus,.pmc-sdvmi-warn-text a:visited{color:#92400e !important;text-decoration:underline !important;}\n@media (max-width:600px){.pmc-sdvmi-warn-box{padding:14px 16px;gap:12px;}}\n<\/style>\n<div class=\"pmc-sdvmi-warn-wrap\">\n  <div class=\"pmc-sdvmi-warn-box\">\n    <svg class=\"pmc-sdvmi-warn-icon\" viewbox=\"0 0 24 24\" fill=\"none\" stroke=\"currentColor\" stroke-width=\"2\" stroke-linecap=\"round\" stroke-linejoin=\"round\"><path d=\"M10.29 3.86 1.82 18a2 2 0 0 0 1.71 3h16.94a2 2 0 0 0 1.71-3L13.71 3.86a2 2 0 0 0-3.42 0z\"><\/path><line x1=\"12\" y1=\"9\" x2=\"12\" y2=\"13\"><\/line><line x1=\"12\" y1=\"17\" x2=\"12.01\" y2=\"17\"><\/line><\/svg>\n    <div class=\"pmc-sdvmi-warn-content\">\n      <div class=\"pmc-sdvmi-warn-label\">Attenzione agli orari domenicali<\/div>\n      <p class=\"pmc-sdvmi-warn-text\">Diversi garage del centro di Milano <strong>la domenica chiudono o osservano orari spezzati<\/strong>, e alcuni abbassano la serranda ben prima della fine di un concerto che comincia alle 21:00. Prima di prenotare, verifica sempre che la struttura scelta sia <strong>aperta al momento del ritiro<\/strong>, non solo a quello dell&rsquo;arrivo: tornare e trovare il cancello chiuso significa recuperare l&rsquo;auto il giorno dopo.<\/p>\n    <\/div>\n  <\/div>\n<\/div>\n\n\n\n<div style=\"height:30px\" aria-hidden=\"true\" class=\"wp-block-spacer\"><\/div>\n\n\n\n<p class=\"wp-block-paragraph\">La strategia pi\u00f9 semplice \u00e8 anche la pi\u00f9 efficace: <strong>lasciare l&#8217;auto in una struttura aperta 24 ore su 24 appena fuori dalla Cerchia dei Bastioni, nella zona di Corso Sempione<\/strong>, e coprire l&#8217;ultimo tratto a piedi o con i mezzi. Sono poco pi\u00f9 di un chilometro e mezzo, una ventina di minuti di camminata, e all&#8217;uscita dal concerto non devi preoccuparti n\u00e9 di orari di chiusura n\u00e9 di varchi. Su ParkingMyCar trovi <a href=\"https:\/\/www.parkingmycar.it\/parcheggio-castello-sforzesco-milano\"><strong>parcheggi in struttura prenotabili online<\/strong><\/a>, con posto garantito e prezzo noto in anticipo. Tra le soluzioni consigliate:<\/p>\n\n\n\n<div style=\"height:30px\" aria-hidden=\"true\" class=\"wp-block-spacer\"><\/div>\n\n\n\n<style>\n.pmc-sdvmi-04-wrap{max-width:100%;font-family:inherit;color:#2e2e2e;margin:24px 0 20px;scroll-margin-top:80px;}\n.pmc-sdvmi-04-box{background:#fff7ed;border:1px solid #fc8031;border-radius:12px;padding:24px;}\n.pmc-sdvmi-04-head{display:flex;align-items:center;gap:12px;margin-bottom:12px;}\n.pmc-sdvmi-04-head svg{width:28px;height:28px;color:#fc8031;flex-shrink:0;}\n.pmc-sdvmi-04-title{font-size:19px;font-weight:600;color:#2e2e2e;margin:0;}\n.pmc-sdvmi-04-intro{font-size:15px;line-height:1.65;color:#2e2e2e;margin:0 0 18px;}\n.pmc-sdvmi-04-intro a{color:#fc8031 !important;text-decoration:underline !important;}\n.pmc-sdvmi-04-options{display:grid;grid-template-columns:repeat(3,1fr);gap:14px;}\n.pmc-sdvmi-04-option{background:#ffffff;border:1px solid #cbd5e1;border-radius:8px;padding:16px;display:flex;flex-direction:column;}\n.pmc-sdvmi-04-opt-title{font-size:16px;font-weight:600;margin:0 0 4px;color:#2e2e2e;}\n.pmc-sdvmi-04-tag{display:inline-block;font-size:11px;font-weight:600;color:#fc8031;text-transform:uppercase;letter-spacing:0.5px;margin-bottom:10px;}\n.pmc-sdvmi-04-feature{font-size:13px;color:#475569;line-height:1.55;margin:0 0 14px;flex:1;display:flex;align-items:flex-start;gap:6px;}\n.pmc-sdvmi-04-feature svg{width:14px;height:14px;color:#fc8031;flex-shrink:0;margin-top:3px;}\n.pmc-sdvmi-04-btn{display:inline-block !important;font-size:14px !important;color:#ffffff !important;background:#fc8031 !important;padding:10px 16px !important;border-radius:6px !important;text-decoration:none !important;font-weight:600 !important;text-align:center;border:none;}\n.pmc-sdvmi-04-btn:hover,.pmc-sdvmi-04-btn:focus,.pmc-sdvmi-04-btn:visited{color:#ffffff !important;background:#e36e1f !important;text-decoration:none !important;}\n.pmc-sdvmi-04-opt-title-link{color:#2e2e2e !important;text-decoration:none !important;}\n.pmc-sdvmi-04-opt-title-link:hover,.pmc-sdvmi-04-opt-title-link:focus,.pmc-sdvmi-04-opt-title-link:visited{color:#2e2e2e !important;text-decoration:none !important;}\n@media (max-width:781px){.pmc-sdvmi-04-options{grid-template-columns:1fr;}}\n@media (max-width:600px){.pmc-sdvmi-04-box{padding:20px;}}\n<\/style>\n<div class=\"pmc-sdvmi-04-wrap\" id=\"parcheggi\">\n  <div class=\"pmc-sdvmi-04-box\">\n    <div class=\"pmc-sdvmi-04-head\">\n      <svg viewbox=\"0 0 24 24\" fill=\"none\" stroke=\"currentColor\" stroke-width=\"2\" stroke-linecap=\"round\" stroke-linejoin=\"round\"><rect x=\"3\" y=\"3\" width=\"18\" height=\"18\" rx=\"2\"><\/rect><path d=\"M9 17V7h4a3 3 0 010 6H9\"><\/path><\/svg>\n      <h3 class=\"pmc-sdvmi-04-title\">Tre strutture aperte h24 fuori dai Bastioni<\/h3>\n    <\/div>\n    <p class=\"pmc-sdvmi-04-intro\">Tutte e tre si trovano nella zona di Corso Sempione, <strong>fuori dalla Cerchia dei Bastioni<\/strong> e aperte 24 ore su 24: nessun problema di orario al ritorno. Su <a href=\"https:\/\/www.parkingmycar.it\/parcheggio-castello-sforzesco-milano\" rel=\"noopener\">ParkingMyCar<\/a> verifichi disponibilit&agrave; e prezzo per la sera del concerto.<\/p>\n    <div class=\"pmc-sdvmi-04-options\">\n      <div class=\"pmc-sdvmi-04-option\">\n        <h3 class=\"pmc-sdvmi-04-opt-title\"><a href=\"https:\/\/www.parkingmycar.it\/parcheggio-milano-centro\/sempione-parking\" rel=\"noopener\" class=\"pmc-sdvmi-04-opt-title-link\">Sempione Parking<\/a><\/h3>\n        <div class=\"pmc-sdvmi-04-tag\">Coperto &middot; h24<\/div>\n        <div class=\"pmc-sdvmi-04-feature\">\n          <svg viewbox=\"0 0 24 24\" fill=\"none\" stroke=\"currentColor\" stroke-width=\"2\" stroke-linecap=\"round\" stroke-linejoin=\"round\"><path d=\"M12 22s8-4 8-10V5l-8-3-8 3v7c0 6 8 10 8 10z\"><\/path><polyline points=\"9 12 11 14 15 10\"><\/polyline><\/svg>\n          <span><strong>Porti con te le chiavi<\/strong> e trovi personale in struttura 24 ore su 24. Accesso per disabili.<\/span>\n        <\/div>\n        <a href=\"https:\/\/www.parkingmycar.it\/parcheggio-milano-centro\/sempione-parking\" rel=\"noopener\" class=\"pmc-sdvmi-04-btn\">Verifica disponibilit&agrave;<\/a>\n      <\/div>\n      <div class=\"pmc-sdvmi-04-option\">\n        <h3 class=\"pmc-sdvmi-04-opt-title\"><a href=\"https:\/\/www.parkingmycar.it\/parcheggio-milano-centro\/arena-sempione-parking-h24\" rel=\"noopener\" class=\"pmc-sdvmi-04-opt-title-link\">Arena Sempione Parking H24<\/a><\/h3>\n        <div class=\"pmc-sdvmi-04-tag\">Coperto &middot; h24<\/div>\n        <div class=\"pmc-sdvmi-04-feature\">\n          <svg viewbox=\"0 0 24 24\" fill=\"none\" stroke=\"currentColor\" stroke-width=\"2\" stroke-linecap=\"round\" stroke-linejoin=\"round\"><circle cx=\"12\" cy=\"12\" r=\"10\"><\/circle><path d=\"M12 6v6l4 2\"><\/path><\/svg>\n          <span><strong>Videosorveglianza h24<\/strong> e servizio di lavaggio auto a mano prenotabile al checkout.<\/span>\n        <\/div>\n        <a href=\"https:\/\/www.parkingmycar.it\/parcheggio-milano-centro\/arena-sempione-parking-h24\" rel=\"noopener\" class=\"pmc-sdvmi-04-btn\">Verifica disponibilit&agrave;<\/a>\n      <\/div>\n      <div class=\"pmc-sdvmi-04-option\">\n        <h3 class=\"pmc-sdvmi-04-opt-title\"><a href=\"https:\/\/www.parkingmycar.it\/parcheggio-milano-centro\/bramante-parking-h24\" rel=\"noopener\" class=\"pmc-sdvmi-04-opt-title-link\">Bramante Parking H24<\/a><\/h3>\n        <div class=\"pmc-sdvmi-04-tag\">Coperto &middot; h24<\/div>\n        <div class=\"pmc-sdvmi-04-feature\">\n          <svg viewbox=\"0 0 24 24\" fill=\"none\" stroke=\"currentColor\" stroke-width=\"2\" stroke-linecap=\"round\" stroke-linejoin=\"round\"><path d=\"M13 2 3 14h9l-1 8 10-12h-9l1-8z\"><\/path><\/svg>\n          <span><strong>Colonnine di ricarica<\/strong> per auto elettriche e accesso per disabili.<\/span>\n        <\/div>\n        <a href=\"https:\/\/www.parkingmycar.it\/parcheggio-milano-centro\/bramante-parking-h24\" rel=\"noopener\" class=\"pmc-sdvmi-04-btn\">Verifica disponibilit&agrave;<\/a>\n      <\/div>\n    <\/div>\n  <\/div>\n<\/div>\n\n\n\n<div style=\"height:30px\" aria-hidden=\"true\" class=\"wp-block-spacer\"><\/div>\n\n\n\n<p class=\"wp-block-paragraph\">Un&#8217;ultima accortezza sul rientro. Dalla zona di Corso Sempione l&#8217;itinerario pi\u00f9 suggestivo per il Castello attraversa il Parco Sempione, ma il parco chiude la sera: al ritorno, dopo il concerto, conviene aggirarlo dal perimetro seguendo Foro Buonaparte e via Legnano, che restano illuminate e trafficate.<\/p>\n\n\n\n<div style=\"height:30px\" aria-hidden=\"true\" class=\"wp-block-spacer\"><\/div>\n\n\n\n<h3 id=\"quale-scegliere-confronto-rapido\" class=\"wp-block-heading\"><strong>Quale scegliere? Confronto rapido<\/strong><\/h3>\n\n\n\n<style>\n.pmc-sdvmi-05-wrap{max-width:100%;font-family:inherit;color:#2e2e2e;margin:20px 0 32px;}\n.pmc-sdvmi-05-table-wrap{border:1px solid #cbd5e1;border-radius:12px;overflow-x:visible;overflow-y:hidden;}\n.pmc-sdvmi-05-table{width:100%;border-collapse:collapse;font-size:14px;}\n.pmc-sdvmi-05-table thead th{background:#e2e8f0;padding:13px 16px;text-align:left;font-weight:600;color:#2e2e2e;border-bottom:1px solid #cbd5e1;}\n.pmc-sdvmi-05-table thead th:not(:first-child){border-left:1px solid #cbd5e1;}\n.pmc-sdvmi-05-table tbody td{padding:13px 16px;border-top:1px solid #cbd5e1;vertical-align:middle;}\n.pmc-sdvmi-05-table tbody td:not(:first-child){border-left:1px solid #cbd5e1;}\n.pmc-sdvmi-05-table tbody tr:nth-child(even) td{background:#f8fafc;}\n.pmc-sdvmi-05-table tbody tr:nth-child(odd) td{background:#ffffff;}\n.pmc-sdvmi-05-label{color:#475569;}\n@media (max-width:600px){\n.pmc-sdvmi-05-table-wrap{border:none;border-radius:0;}\n.pmc-sdvmi-05-table thead{display:none;}\n.pmc-sdvmi-05-table tbody tr{display:block;border:1px solid #cbd5e1;border-radius:12px;margin-bottom:12px;overflow:hidden;}\n.pmc-sdvmi-05-table tbody td{display:flex;justify-content:space-between;align-items:center;padding:11px 14px;border-top:none;border-left:none !important;border-bottom:1px solid #cbd5e1;background:#ffffff !important;text-align:right;}\n.pmc-sdvmi-05-table tbody td:last-child{border-bottom:none;}\n.pmc-sdvmi-05-table tbody td::before{content:attr(data-label);font-weight:600;color:#2e2e2e;margin-right:12px;text-align:left;}\n.pmc-sdvmi-05-table tbody td:first-child{background:#e2e8f0 !important;font-weight:600;text-align:left;justify-content:flex-start;}\n.pmc-sdvmi-05-table tbody td:first-child::before{content:none;}\n}\n<\/style>\n<div class=\"pmc-sdvmi-05-wrap\">\n  <div class=\"pmc-sdvmi-05-table-wrap\">\n    <table class=\"pmc-sdvmi-05-table\">\n      <thead>\n        <tr>\n          <th>Caratteristica<\/th>\n          <th>Sempione Parking<\/th>\n          <th>Arena Sempione<\/th>\n          <th>Bramante<\/th>\n        <\/tr>\n      <\/thead>\n      <tbody>\n        <tr>\n          <td class=\"pmc-sdvmi-05-label\">Orari<\/td>\n          <td data-label=\"Sempione Parking\">Aperto 24 ore su 24<\/td>\n          <td data-label=\"Arena Sempione\">Aperto 24 ore su 24<\/td>\n          <td data-label=\"Bramante\">Aperto 24 ore su 24<\/td>\n        <\/tr>\n        <tr>\n          <td class=\"pmc-sdvmi-05-label\">Chiavi<\/td>\n          <td data-label=\"Sempione Parking\">Le tieni tu<\/td>\n          <td data-label=\"Arena Sempione\">Le consegni al personale<\/td>\n          <td data-label=\"Bramante\">Le consegni al personale<\/td>\n        <\/tr>\n        <tr>\n          <td class=\"pmc-sdvmi-05-label\">Servizi<\/td>\n          <td data-label=\"Sempione Parking\">Videosorvegliato, accesso disabili<\/td>\n          <td data-label=\"Arena Sempione\">Videosorvegliato, lavaggio a mano<\/td>\n          <td data-label=\"Bramante\">Ricarica elettrica, accesso disabili<\/td>\n        <\/tr>\n        <tr>\n          <td class=\"pmc-sdvmi-05-label\">Ideale per<\/td>\n          <td data-label=\"Sempione Parking\">Chi non vuole lasciare le chiavi<\/td>\n          <td data-label=\"Arena Sempione\">Chi rientra tardi e vuole personale in struttura<\/td>\n          <td data-label=\"Bramante\">Chi arriva in auto elettrica<\/td>\n        <\/tr>\n      <\/tbody>\n    <\/table>\n  <\/div>\n<\/div>\n\n\n\n<div style=\"height:50px\" aria-hidden=\"true\" class=\"wp-block-spacer\"><\/div>\n\n\n\n<h2 id=\"domande-frequenti\" class=\"wp-block-heading\"><strong>Domande frequenti<\/strong><\/h2>\n\n\n<div id=\"rank-math-faq\" class=\"rank-math-block\">\n<div class=\"rank-math-list \">\n<div id=\"faq-question-1788447245045\" class=\"rank-math-list-item\">\n<h3 class=\"rank-math-question \"><strong>Dove posso parcheggiare per il concerto di Sal Da Vinci al Castello Sforzesco?<\/strong><\/h3>\n<div class=\"rank-math-answer \">\n\n<p>Il Castello non ha un parcheggio proprio. La soluzione pi\u00f9 comoda \u00e8 prenotare un posto in struttura appena fuori dalla Cerchia dei Bastioni, nella zona di Corso Sempione: su <a href=\"https:\/\/www.parkingmycar.it\/parcheggio-castello-sforzesco-milano\"><strong>ParkingMyCar <\/strong><\/a>trovi Sempione Parking, Arena Sempione Parking H24 e Bramante Parking H24, tutti coperti e aperti 24 ore su 24, quindi senza problemi di orario all&#8217;uscita dal concerto.<\/p>\n\n<\/div>\n<\/div>\n<div id=\"faq-question-1788447246661\" class=\"rank-math-list-item\">\n<h3 class=\"rank-math-question \"><strong>A che ora inizia il concerto di Sal Da Vinci al Castello Sforzesco?<\/strong><\/h3>\n<div class=\"rank-math-answer \">\n\n<p>Il live \u00e8 previsto per le ore 21:00 di domenica 6 settembre 2026, nel Cortile delle Armi del Castello Sforzesco, all&#8217;interno della rassegna Estate al Castello 2026.<\/p>\n\n<\/div>\n<\/div>\n<div id=\"faq-question-1788447247929\" class=\"rank-math-list-item\">\n<h3 class=\"rank-math-question \"><strong>Quanto costano i biglietti per Sal Da Vinci al Castello Sforzesco?<\/strong><\/h3>\n<div class=\"rank-math-answer \">\n\n<p>I biglietti sono disponibili su TicketOne a partire da 39 \u20ac pi\u00f9 commissioni di prevendita, dove puoi verificare settori e disponibilit\u00e0 in tempo reale.<\/p>\n\n<\/div>\n<\/div>\n<div id=\"faq-question-1788447248611\" class=\"rank-math-list-item\">\n<h3 class=\"rank-math-question \"><strong>Serve il ticket Area C per arrivare al Castello Sforzesco la sera del concerto?<\/strong><\/h3>\n<div class=\"rank-math-answer \">\n\n<p>Il Castello Sforzesco si trova all&#8217;interno della Cerchia dei Bastioni, la zona dell&#8217;Area C. I varchi non sono operativi dopo le 19:30: se arrivi in tarda serata per un concerto che inizia alle 21:00 non ti serve alcun ticket. Se invece arrivi prima, verifica le regole aggiornate sul portale del Comune di Milano.<\/p>\n\n<\/div>\n<\/div>\n<\/div>\n<\/div>\n\n\n<div style=\"height:30px\" aria-hidden=\"true\" class=\"wp-block-spacer\"><\/div>\n\n\n\n<h2 id=\"sal-da-vinci-live-a-milano-conclusioni\" class=\"wp-block-heading\"><strong>Sal Da Vinci live a Milano: conclusioni<\/strong><\/h2>\n\n\n\n<p class=\"wp-block-paragraph\">Il concerto di Sal Da Vinci al Castello Sforzesco \u00e8 una di quelle serate che si ricordano: la voce di Napoli dentro la fortezza degli Sforza, in una delle ultime domeniche d&#8217;estate. L&#8217;unica cosa da sistemare in anticipo \u00e8 l&#8217;auto \u2014 e quella la puoi riservare adesso, dal sito o dall&#8217;app ParkingMyCar (<a href=\"https:\/\/play.google.com\/store\/apps\/details?id=it.parkingmycar.parkingmyapp&amp;referrer=utm_source=pmc&amp;utm_medium=blog&amp;utm_content=post&amp;utm_campaign=IT-IT_PMC_C_APP_Android_Blog-post\" target=\"_blank\" rel=\"noreferrer noopener\">Android<\/a>, <a href=\"https:\/\/apps.apple.com\/app\/apple-store\/id1613368206?pt=123732674&amp;ct=IT-IT_PMC_C_APP_iOS_Blog-post&amp;mt=8\" target=\"_blank\" rel=\"noreferrer noopener\">iOS<\/a>).<\/p>\n\n\n\n<div style=\"height:30px\" aria-hidden=\"true\" class=\"wp-block-spacer\"><\/div>\n\n\n\n<style>\n.pmc-sdvmi-07-wrap{max-width:100%;font-family:inherit;color:#2e2e2e;margin:28px 0 24px;}\n.pmc-sdvmi-07-box{background:#f8fafc;border:1px solid #cbd5e1;border-radius:12px;padding:22px 24px;display:flex;align-items:center;gap:20px;}\n.pmc-sdvmi-07-icon{width:52px;height:52px;background:#fc8031;border-radius:50%;display:flex;align-items:center;justify-content:center;color:#ffffff;flex-shrink:0;}\n.pmc-sdvmi-07-icon svg{width:26px;height:26px;}\n.pmc-sdvmi-07-content{flex:1;min-width:0;}\n.pmc-sdvmi-07-title{font-size:17px;font-weight:600;margin:0 0 4px;color:#2e2e2e;}\n.pmc-sdvmi-07-text{font-size:14px;line-height:1.55;color:#475569;margin:0;}\n.pmc-sdvmi-07-btn{display:inline-block !important;font-size:14px !important;color:#ffffff !important;background:#fc8031 !important;padding:11px 20px !important;border-radius:6px !important;text-decoration:none !important;font-weight:600 !important;white-space:nowrap;flex-shrink:0;}\n.pmc-sdvmi-07-btn:hover,.pmc-sdvmi-07-btn:focus,.pmc-sdvmi-07-btn:visited{color:#ffffff !important;background:#e36e1f !important;text-decoration:none !important;}\n@media (max-width:600px){.pmc-sdvmi-07-box{flex-direction:column;align-items:flex-start;padding:20px;gap:14px;}.pmc-sdvmi-07-btn{width:100%;text-align:center;}}\n<\/style>\n<div class=\"pmc-sdvmi-07-wrap\">\n  <div class=\"pmc-sdvmi-07-box\">\n    <div class=\"pmc-sdvmi-07-icon\">\n      <svg viewbox=\"0 0 24 24\" fill=\"none\" stroke=\"currentColor\" stroke-width=\"2\" stroke-linecap=\"round\" stroke-linejoin=\"round\"><rect x=\"3\" y=\"3\" width=\"18\" height=\"18\" rx=\"2\"><\/rect><path d=\"M9 17V7h4a3 3 0 010 6H9\"><\/path><\/svg>\n    <\/div>\n    <div class=\"pmc-sdvmi-07-content\">\n      <p class=\"pmc-sdvmi-07-title\">Goditi il concerto, al parcheggio pensiamo noi<\/p>\n      <p class=\"pmc-sdvmi-07-text\">Prenota in pochi clic il tuo posto vicino al Castello Sforzesco e vivi la serata senza pensieri.<\/p>\n    <\/div>\n    <a href=\"https:\/\/www.parkingmycar.it\/parcheggio-castello-sforzesco-milano\" rel=\"noopener\" class=\"pmc-sdvmi-07-btn\">Prenota il parcheggio<\/a>\n  <\/div>\n<\/div>\n\n\n\n<div style=\"height:50px\" aria-hidden=\"true\" class=\"wp-block-spacer\"><\/div>\n","protected":false},"excerpt":{"rendered":"<p>Il 2026 di Sal Da Vinci \u00e8 stato quello della consacrazione definitiva, dopo trent&#8217;anni passati a raccontare Napoli con la voce. Ora quel racconto arriva a Milano<\/p>\n","protected":false},"author":3,"featured_media":15003,"comment_status":"closed","ping_status":"closed","sticky":false,"template":"","format":"standard","meta":{"footnotes":""},"categories":[6],"tags":[130,131,28,41,60],"class_list":["post-14999","post","type-post","status-publish","format-standard","has-post-thumbnail","hentry","category-eventi-esperienze","tag-ai-act","tag-ai-act-2","tag-milano","tag-musica-live","tag-parcheggi-citta","infinite-scroll-item","generate-columns","tablet-grid-50","mobile-grid-100","grid-parent","grid-50"],"_links":{"self":[{"href":"https:\/\/www.parkingmycar.it\/blog\/wp-json\/wp\/v2\/posts\/14999","targetHints":{"allow":["GET"]}}],"collection":[{"href":"https:\/\/www.parkingmycar.it\/blog\/wp-json\/wp\/v2\/posts"}],"about":[{"href":"https:\/\/www.parkingmycar.it\/blog\/wp-json\/wp\/v2\/types\/post"}],"author":[{"embeddable":true,"href":"https:\/\/www.parkingmycar.it\/blog\/wp-json\/wp\/v2\/users\/3"}],"replies":[{"embeddable":true,"href":"https:\/\/www.parkingmycar.it\/blog\/wp-json\/wp\/v2\/comments?post=14999"}],"version-history":[{"count":5,"href":"https:\/\/www.parkingmycar.it\/blog\/wp-json\/wp\/v2\/posts\/14999\/revisions"}],"predecessor-version":[{"id":15006,"href":"https:\/\/www.parkingmycar.it\/blog\/wp-json\/wp\/v2\/posts\/14999\/revisions\/15006"}],"wp:featuredmedia":[{"embeddable":true,"href":"https:\/\/www.parkingmycar.it\/blog\/wp-json\/wp\/v2\/media\/15003"}],"wp:attachment":[{"href":"https:\/\/www.parkingmycar.it\/blog\/wp-json\/wp\/v2\/media?parent=14999"}],"wp:term":[{"taxonomy":"category","embeddable":true,"href":"https:\/\/www.parkingmycar.it\/blog\/wp-json\/wp\/v2\/categories?post=14999"},{"taxonomy":"post_tag","embeddable":true,"href":"https:\/\/www.parkingmycar.it\/blog\/wp-json\/wp\/v2\/tags?post=14999"}],"curies":[{"name":"wp","href":"https:\/\/api.w.org\/{rel}","templated":true}]}}