{"id":15008,"date":"2026-09-04T09:00:00","date_gmt":"2026-09-04T07:00:00","guid":{"rendered":"https:\/\/www.parkingmycar.it\/blog\/?p=15008"},"modified":"2026-09-04T17:21:08","modified_gmt":"2026-09-04T15:21:08","slug":"din-don-down-alla-reggia-di-caserta","status":"publish","type":"post","link":"https:\/\/www.parkingmycar.it\/blog\/din-don-down-alla-reggia-di-caserta\/","title":{"rendered":"Din Don Down di Paolo Ruffini alla Reggia di Caserta: info e parcheggi"},"content":{"rendered":"\n<div class=\"wp-block-rank-math-toc-block\" id=\"rank-math-toc\"><p><strong>In questo articolo:<\/strong><\/p><nav><ul><li class=\"\"><a href=\"#din-don-down-alla-reggia-di-caserta\">Din Don Down alla Reggia di Caserta<\/a><ul><li class=\"\"><a href=\"#location\">Location<\/a><\/li><li class=\"\"><a href=\"#lo-spettacolo-cosa-aspettarsi\">Lo spettacolo: cosa aspettarsi<\/a><\/li><li class=\"\"><a href=\"#paolo-ruffini-e-la-compagnia-mayor-von-frinzius\">Paolo Ruffini e la Compagnia Mayor Von Frinzius<\/a><\/li><li class=\"\"><a href=\"#biglietti-din-don-down-alla-reggia-di-caserta\">Biglietti Din Don Down alla Reggia di Caserta<\/a><\/li><\/ul><\/li><li class=\"\"><a href=\"#come-arrivare-alla-reggia-di-caserta\">Come arrivare alla Reggia di Caserta<\/a><\/li><li class=\"\"><a href=\"#dove-parcheggiare-per-din-don-down-alla-reggia-di-caserta\">Dove parcheggiare per Din Don Down alla Reggia di Caserta<\/a><ul><\/ul><\/li><li class=\"\"><a href=\"#domande-frequenti\">Domande frequenti<\/a><ul><li class=\"\"><a href=\"#faq-question-1788517133166\">A che ora inizia lo spettacolo di Paolo Ruffini alla Reggia di Caserta?<\/a><\/li><li class=\"\"><a href=\"#faq-question-1788517135838\">Il 6 settembre si pu\u00f2 visitare anche la Reggia di Caserta?<\/a><\/li><li class=\"\"><a href=\"#faq-question-1788517137156\">Ci sono limitazioni al traffico la sera dello spettacolo?<\/a><\/li><li class=\"\"><a href=\"#faq-question-1788517139161\">Come funziona l&#8217;accesso per le persone con disabilit\u00e0?<\/a><\/li><\/ul><\/li><li class=\"\"><a href=\"#din-don-down-alla-reggia-di-caserta-conclusioni\">Din Don Down alla Reggia di Caserta: conclusioni<\/a><\/li><\/ul><\/nav><\/div>\n\n\n\n<div style=\"height:50px\" aria-hidden=\"true\" class=\"wp-block-spacer\"><\/div>\n\n\n\n<p class=\"wp-block-paragraph\">Settanta date, settanta sold out. Pi\u00f9 di centomila biglietti venduti e un&#8217;Arena di Verona esaurita in cinque giorni. <strong>Din Don Down \u2013 Alla ricerca di (D)io<\/strong> non \u00e8 il solito spettacolo comico: \u00e8 un happening senza copione in cui <strong>Paolo Ruffini<\/strong> prova a restare in piedi sotto le incursioni degli attori della <strong>Compagnia Mayor Von Frinzius<\/strong>. E ora arriva davanti alla facciata vanvitelliana.<\/p>\n\n\n\n<p class=\"wp-block-paragraph\">Appuntamento<strong> domenica 6 settembre 2026 in Piazza Carlo di Borbone<\/strong>. In questo articolo trovi tutto quello che ti serve per vivere la serata senza pensieri: biglietti, come arrivare e, soprattutto\u2026 dove parcheggiare. Con un avvertimento che vale per questa data pi\u00f9 che per ogni altra della rassegna, e che trovi pi\u00f9 avanti.<\/p>\n\n\n\n<div style=\"height:30px\" aria-hidden=\"true\" class=\"wp-block-spacer\"><\/div>\n\n\n\n<style>\n.pmc-ddd-01-wrap{max-width:680px;font-family:inherit;color:#2e2e2e;margin:24px 0 32px;}\n.pmc-ddd-01-box{background:#f8fafc;border:1px solid #cbd5e1;border-left:4px solid #fc8031;border-radius:12px;padding:22px 24px;}\n.pmc-ddd-01-label{font-size:11px;font-weight:600;letter-spacing:0.8px;text-transform:uppercase;color:#fc8031;margin:0 0 12px;}\n.pmc-ddd-01-grid{display:grid;grid-template-columns:repeat(2,1fr);gap:16px 24px;margin-bottom:16px;}\n.pmc-ddd-01-item-label{font-size:12px;color:#64748b;margin-bottom:3px;display:flex;align-items:center;gap:6px;}\n.pmc-ddd-01-item-value{font-size:15px;font-weight:500;color:#2e2e2e;}\n.pmc-ddd-01-cta{display:inline-flex !important;align-items:center;gap:6px;font-size:14px;color:#fc8031 !important;font-weight:500;text-decoration:none !important;border-bottom:1px solid #fc8031;padding-bottom:1px;}\n.pmc-ddd-01-cta:hover,.pmc-ddd-01-cta:focus,.pmc-ddd-01-cta:visited{color:#fc8031 !important;text-decoration:none !important;}\n.pmc-ddd-01-ico{width:14px;height:14px;flex-shrink:0;}\n@media (max-width:600px){.pmc-ddd-01-box{padding:18px;}.pmc-ddd-01-grid{grid-template-columns:1fr;gap:14px;}}\n<\/style>\n<div class=\"pmc-ddd-01-wrap\">\n  <div class=\"pmc-ddd-01-box\">\n    <p class=\"pmc-ddd-01-label\">In breve<\/p>\n    <div class=\"pmc-ddd-01-grid\">\n      <div>\n        <div class=\"pmc-ddd-01-item-label\">\n<svg class=\"pmc-ddd-01-ico\" viewbox=\"0 0 24 24\" fill=\"none\" stroke=\"currentColor\" stroke-width=\"2\" stroke-linecap=\"round\" stroke-linejoin=\"round\"><path d=\"M2 16.1A5 5 0 015.9 20M2 12.05A9 9 0 019.95 20M2 8V6a2 2 0 012-2h16a2 2 0 012 2v12a2 2 0 01-2 2h-6\"><\/path><circle cx=\"4\" cy=\"18\" r=\"1\"><\/circle><\/svg>Spettacolo<\/div>\n        <div class=\"pmc-ddd-01-item-value\">Din Don Down &ndash; Paolo Ruffini<\/div>\n      <\/div>\n      <div>\n        <div class=\"pmc-ddd-01-item-label\">\n<svg class=\"pmc-ddd-01-ico\" viewbox=\"0 0 24 24\" fill=\"none\" stroke=\"currentColor\" stroke-width=\"2\" stroke-linecap=\"round\" stroke-linejoin=\"round\"><path d=\"M21 10c0 7-9 13-9 13s-9-6-9-13a9 9 0 0 1 18 0z\"><\/path><circle cx=\"12\" cy=\"10\" r=\"3\"><\/circle><\/svg>Location<\/div>\n        <div class=\"pmc-ddd-01-item-value\">Reggia di Caserta<\/div>\n      <\/div>\n      <div>\n        <div class=\"pmc-ddd-01-item-label\">\n<svg class=\"pmc-ddd-01-ico\" viewbox=\"0 0 24 24\" fill=\"none\" stroke=\"currentColor\" stroke-width=\"2\" stroke-linecap=\"round\" stroke-linejoin=\"round\"><rect x=\"3\" y=\"4\" width=\"18\" height=\"18\" rx=\"2\"><\/rect><line x1=\"16\" y1=\"2\" x2=\"16\" y2=\"6\"><\/line><line x1=\"8\" y1=\"2\" x2=\"8\" y2=\"6\"><\/line><line x1=\"3\" y1=\"10\" x2=\"21\" y2=\"10\"><\/line><\/svg>Data<\/div>\n        <div class=\"pmc-ddd-01-item-value\">Domenica 6 settembre 2026<\/div>\n      <\/div>\n      <div>\n        <div class=\"pmc-ddd-01-item-label\">\n<svg class=\"pmc-ddd-01-ico\" viewbox=\"0 0 24 24\" fill=\"none\" stroke=\"currentColor\" stroke-width=\"2\" stroke-linecap=\"round\" stroke-linejoin=\"round\"><circle cx=\"12\" cy=\"12\" r=\"10\"><\/circle><polyline points=\"12 6 12 12 16 14\"><\/polyline><\/svg>Orario<\/div>\n        <div class=\"pmc-ddd-01-item-value\">21:00<\/div>\n      <\/div>\n    <\/div>\n    <a href=\"#parcheggi\" class=\"pmc-ddd-01-cta\">Hai gi&agrave; il biglietto? Pensa al parcheggio <svg class=\"pmc-ddd-01-ico\" viewbox=\"0 0 24 24\" fill=\"none\" stroke=\"currentColor\" stroke-width=\"2\" stroke-linecap=\"round\" stroke-linejoin=\"round\"><line x1=\"5\" y1=\"12\" x2=\"19\" y2=\"12\"><\/line><polyline points=\"12 5 19 12 12 19\"><\/polyline><\/svg><\/a>\n  <\/div>\n<\/div>\n\n\n\n<div style=\"height:30px\" aria-hidden=\"true\" class=\"wp-block-spacer\"><\/div>\n\n\n\n<h2 id=\"din-don-down-alla-reggia-di-caserta\" class=\"wp-block-heading\"><strong>Din Don Down alla Reggia di Caserta<\/strong><\/h2>\n\n\n\n<p class=\"wp-block-paragraph\">Dal debutto nell&#8217;ottobre 2024 Din Don Down ha collezionato il tutto esaurito nei principali teatri italiani, fino all&#8217;evento speciale all&#8217;Arena di Verona. La tappa casertana rientra nell&#8217;undicesima edizione di <em>Un&#8217;Estate da Belvedere \u2013 Reggia Session<\/em>, la rassegna che per tutta l&#8217;estate porta musica e spettacolo in Piazza Carlo di Borbone, ed \u00e8 attesa da circa 8.000 spettatori.<\/p>\n\n\n\n<div style=\"height:30px\" aria-hidden=\"true\" class=\"wp-block-spacer\"><\/div>\n\n\n\n<style>\n.pmc-ddd-02-wrap{max-width:100%;font-family:inherit;color:#2e2e2e;margin:20px 0 28px;}\n.pmc-ddd-02-box{background:#f8fafc;border:1px solid #cbd5e1;border-radius:12px;padding:20px;}\n.pmc-ddd-02-head{display:flex;align-items:center;gap:10px;margin-bottom:16px;}\n.pmc-ddd-02-head svg{width:20px;height:20px;color:#fc8031;flex-shrink:0;}\n.pmc-ddd-02-head-text{font-size:14px;font-weight:500;color:#2e2e2e;}\n.pmc-ddd-02-date{display:flex;align-items:center;gap:22px;background:#ffffff;border:1px solid #cbd5e1;border-radius:10px;padding:18px 22px;}\n.pmc-ddd-02-daybox{text-align:center;flex-shrink:0;min-width:70px;}\n.pmc-ddd-02-dow{font-size:12px;color:#64748b;text-transform:uppercase;letter-spacing:0.5px;font-weight:600;}\n.pmc-ddd-02-num{font-size:40px;font-weight:700;line-height:1;color:#fc8031;margin:3px 0;}\n.pmc-ddd-02-mon{font-size:13px;color:#64748b;}\n.pmc-ddd-02-sep{width:1px;align-self:stretch;background:#cbd5e1;}\n.pmc-ddd-02-info-title{font-size:16px;font-weight:600;color:#2e2e2e;margin:0 0 4px;}\n.pmc-ddd-02-info-text{font-size:14px;color:#475569;line-height:1.55;margin:0;}\n@media (max-width:600px){.pmc-ddd-02-box{padding:14px;}.pmc-ddd-02-date{gap:16px;padding:14px 16px;}.pmc-ddd-02-num{font-size:34px;}.pmc-ddd-02-daybox{min-width:58px;}}\n<\/style>\n<div class=\"pmc-ddd-02-wrap\">\n  <div class=\"pmc-ddd-02-box\">\n    <div class=\"pmc-ddd-02-head\">\n      <svg viewbox=\"0 0 24 24\" fill=\"none\" stroke=\"currentColor\" stroke-width=\"2\" stroke-linecap=\"round\" stroke-linejoin=\"round\"><rect x=\"3\" y=\"4\" width=\"18\" height=\"18\" rx=\"2\"><\/rect><line x1=\"16\" y1=\"2\" x2=\"16\" y2=\"6\"><\/line><line x1=\"8\" y1=\"2\" x2=\"8\" y2=\"6\"><\/line><line x1=\"3\" y1=\"10\" x2=\"21\" y2=\"10\"><\/line><\/svg>\n      <div class=\"pmc-ddd-02-head-text\">Una sola data &mdash; ore 21:00<\/div>\n    <\/div>\n    <div class=\"pmc-ddd-02-date\">\n      <div class=\"pmc-ddd-02-daybox\">\n        <div class=\"pmc-ddd-02-dow\">Dom<\/div>\n        <div class=\"pmc-ddd-02-num\">6<\/div>\n        <div class=\"pmc-ddd-02-mon\">settembre 2026<\/div>\n      <\/div>\n      <div class=\"pmc-ddd-02-sep\"><\/div>\n      <div>\n        <p class=\"pmc-ddd-02-info-title\">Din Don Down alla Reggia di Caserta<\/p>\n        <p class=\"pmc-ddd-02-info-text\">Reggia di Caserta &ndash; Piazza Carlo di Borbone. Inizio spettacolo previsto per le ore 21:00. L&rsquo;orario di accesso &egrave; indicato sul biglietto.<\/p>\n      <\/div>\n    <\/div>\n  <\/div>\n<\/div>\n\n\n\n<div style=\"height:50px\" aria-hidden=\"true\" class=\"wp-block-spacer\"><\/div>\n\n\n\n<h3 id=\"location\" class=\"wp-block-heading\"><strong>Location<\/strong><\/h3>\n\n\n\n<div class=\"wp-block-columns are-vertically-aligned-center is-layout-flex wp-container-core-columns-is-layout-8f761849 wp-block-columns-is-layout-flex\">\n<div class=\"wp-block-column is-vertically-aligned-center is-layout-flow wp-block-column-is-layout-flow\">\n<figure class=\"wp-block-image size-full\"><img decoding=\"async\" width=\"600\" height=\"337\" src=\"https:\/\/www.parkingmycar.it\/blog\/wp-content\/uploads\/2026\/09\/Din-Don-Down-Reggia-Di-Caserta-2.jpg\" alt=\"Pubblico a Din Don Down\" class=\"wp-image-15015\" srcset=\"https:\/\/www.parkingmycar.it\/blog\/wp-content\/uploads\/2026\/09\/Din-Don-Down-Reggia-Di-Caserta-2.jpg 600w, https:\/\/www.parkingmycar.it\/blog\/wp-content\/uploads\/2026\/09\/Din-Don-Down-Reggia-Di-Caserta-2-300x169.jpg 300w\" sizes=\"(max-width: 600px) 100vw, 600px\" \/><figcaption class=\"wp-element-caption\"><em>Immagine generata con intelligenza artificiale<\/em><\/figcaption><\/figure>\n<\/div>\n\n\n\n<div class=\"wp-block-column is-vertically-aligned-center is-layout-flow wp-block-column-is-layout-flow\">\n<p class=\"wp-block-paragraph\">Din Don Down va in scena in Piazza Carlo di Borbone, lo spazio monumentale davanti alla Reggia di Caserta. <strong>Capolavoro architettonico progettato da Luigi Vanvitelli<\/strong> e patrimonio UNESCO, \u00e8 una delle residenze reali pi\u00f9 imponenti al mondo: la facciata illuminata alle spalle del palco \u00e8 una cornice che con la comicit\u00e0 irriverente dello show crea un contrasto tutto suo.<\/p>\n<\/div>\n<\/div>\n\n\n\n<p class=\"wp-block-paragraph\">C&#8217;\u00e8 anche un motivo in pi\u00f9 per arrivare con calma. Con l&#8217;iniziativa \u00ab<a href=\"https:\/\/reggiadicaserta.cultura.gov.it\/reggia-session-2026-biglietto-a-meta-prezzo-per-gli-spettatori-di-unestate-da-belvedere\/\" target=\"_blank\" rel=\"noreferrer noopener\">Reggia Session 2026<\/a>\u00bb, chi assiste agli spettacoli della rassegna pu\u00f2 visitare l&#8217;intero Complesso vanvitelliano \u2014 Appartamenti Reali, Parco Reale e Giardino Inglese \u2014 a 9 euro anzich\u00e9 18, nei tre giorni precedenti o successivi allo spettacolo, esibendo in biglietteria il biglietto nominativo e un documento d&#8217;identit\u00e0. L&#8217;agevolazione non \u00e8 cumulabile con altre riduzioni.<\/p>\n\n\n\n<p class=\"wp-block-paragraph\"><em><mark style=\"background-color:var(--global-color-8)\" class=\"has-inline-color\">Una precisazione che vale solo per questa data: <strong>il 6 settembre l&#8217;ingresso alla Reggia \u00e8 gratuito per tutti <\/strong>(te lo spieghiamo tra poco), quindi la riduzione a 9 euro ti serve semmai per tornare in uno degli altri giorni della finestra.<\/mark><\/em><\/p>\n\n\n\n<div style=\"height:30px\" aria-hidden=\"true\" class=\"wp-block-spacer\"><\/div>\n\n\n\n<h3 id=\"lo-spettacolo-cosa-aspettarsi\" class=\"wp-block-heading\"><strong>Lo spettacolo: cosa aspettarsi<\/strong><\/h3>\n\n\n\n<p class=\"wp-block-paragraph\">Se cerchi una scaletta, non c&#8217;\u00e8. <strong>Din Don Down \u00e8 costruito come un happening comico senza regole<\/strong>: Paolo Ruffini regge il palco mentre gli attori della Compagnia Mayor Von Frinzius lo interrompono, lo smontano e riscrivono la serata mentre accade. Se Up&amp;Down era un&#8217;indagine sull&#8217;amore, qui il tema \u00e8 Dio \u2014 o meglio, l&#8217;idea di Dio, in qualunque forma ciascuno la riconosca \u2014 affrontata sfidando i confini del politicamente corretto.<\/p>\n\n\n\n<p class=\"wp-block-paragraph\">Il risultato \u00e8 <strong>uno spettacolo che alterna comicit\u00e0, disobbedienza e tenerezza<\/strong>, e che sovverte il senso di ci\u00f2 che ci ostiniamo a chiamare \u00abnormale\u00bb. Ad accompagnare la scena, <strong>Claudia Campolongo<\/strong> al pianoforte. La regia \u00e8 di<strong> Lamberto Giannini<\/strong>, la produzione di VERA Produzione.<\/p>\n\n\n\n<div style=\"height:30px\" aria-hidden=\"true\" class=\"wp-block-spacer\"><\/div>\n\n\n\n<h3 id=\"paolo-ruffini-e-la-compagnia-mayor-von-frinzius\" class=\"wp-block-heading\"><strong>Paolo Ruffini e la Compagnia Mayor Von Frinzius<\/strong><\/h3>\n\n\n\n<p class=\"wp-block-paragraph\"><strong>Paolo Ruffini<\/strong> (Livorno, 1978) \u00e8 attore, conduttore, regista e produttore: dal debutto in <em>Ovosodo<\/em> di Paolo Virz\u00ec a MTV, fino agli anni di Colorado. Da oltre dieci anni porta avanti un percorso nel sociale che nel 2018 \u00e8 arrivato a teatro con <strong>Up&amp;Down<\/strong>, spettacolo con attori con disabilit\u00e0 che ha superato i 250.000 spettatori e vinto un Nastro d&#8217;Argento con il documentario che ne \u00e8 nato.<\/p>\n\n\n\n<p class=\"wp-block-paragraph\">Din Don Down, dall&#8217;ottobre 2024, \u00e8 il seguito di quel progetto. Attorno allo spettacolo sono nati il programma di Radio24 \u00ab<em>Radio Up&amp;Down \u2013 la trasmissione con un cromosoma in pi\u00f9<\/em>\u00bb, condotto da Ruffini con <strong>Federico Parlanti, primo speaker radiofonico italiano con sindrome di Down<\/strong>, e il video podcast omonimo.<\/p>\n\n\n\n<div style=\"height:30px\" aria-hidden=\"true\" class=\"wp-block-spacer\"><\/div>\n\n\n\n<h3 id=\"biglietti-din-don-down-alla-reggia-di-caserta\" class=\"wp-block-heading\"><strong>Biglietti Din Don Down alla Reggia di Caserta<\/strong><\/h3>\n\n\n\n<p class=\"wp-block-paragraph\">I biglietti sono disponibili sul circuito ufficiale <a href=\"https:\/\/www.ticketone.it\/event\/paolo-ruffini-din-don-down-reggia-di-caserta-21411521\/\" target=\"_blank\" rel=\"noreferrer noopener\">TicketOne<\/a>, con posti numerati distribuiti su sei settori, a partire da 44,85 \u20ac (diritti di prevendita inclusi, commissioni di servizio escluse). I settori ancora acquistabili arrivano fino a 96,60 \u20ac, mentre la fascia pi\u00f9 alta risulta esaurita: sulla pagina dell&#8217;evento verifichi in tempo reale settori, disponibilit\u00e0 e prezzi.<\/p>\n\n\n\n<div style=\"height:30px\" aria-hidden=\"true\" class=\"wp-block-spacer\"><\/div>\n\n\n\n<h2 id=\"come-arrivare-alla-reggia-di-caserta\" class=\"wp-block-heading\"><strong>Come arrivare alla Reggia di Caserta<\/strong><\/h2>\n\n\n\n<p class=\"wp-block-paragraph\">La Reggia di Caserta si trova in una posizione strategica e ben collegata. Puoi raggiungerla:<\/p>\n\n\n\n<p class=\"wp-block-paragraph\"><strong>In treno:<\/strong> la stazione di Caserta dista pochi minuti a piedi dall&#8217;ingresso della Reggia. Una soluzione perfetta per ridurre traffico e stress.<\/p>\n\n\n\n<p class=\"wp-block-paragraph\"><strong>In auto:<\/strong> se scegli il comfort del viaggio in macchina, queste sono le principali uscite a seconda della tua provenienza:<\/p>\n\n\n\n<p class=\"wp-block-paragraph\">\u2022 Autostrada A1 \u2013 uscita Caserta Nord (da Roma e da nord)<br>\u2022 Autostrada A30 \u2013 uscita Caserta Sud (da Napoli, Salerno, Bari)<\/p>\n\n\n\n<p class=\"wp-block-paragraph\">Da qui segui le indicazioni per Caserta \/ Reggia. Per i collegamenti statali, se arrivi da nord-est puoi percorrere la SS87 Sannitica, mentre la SS7 Appia \u00e8 un&#8217;opzione valida da altre direzioni. Durante gli eventi il traffico pu\u00f2 essere intenso, quindi \u00e8 consigliato partire con anticipo.<\/p>\n\n\n\n<p class=\"wp-block-paragraph\">Trovi percorsi, ingressi e tutti i dettagli nella nostra guida su <a href=\"https:\/\/www.parkingmycar.it\/blog\/come-arrivare-alla-reggia-di-caserta\/\" target=\"_blank\" rel=\"noreferrer noopener\"><strong>come arrivare alla Reggia di Caserta<\/strong><\/a>.<\/p>\n\n\n\n<div style=\"height:30px\" aria-hidden=\"true\" class=\"wp-block-spacer\"><\/div>\n\n\n\n<style>\n.pmc-ddd-03-wrap{max-width:780px;font-family:inherit;color:#2e2e2e;margin:14px 0 22px;}\n.pmc-ddd-03-box{background:#f8fafc;border:1px solid #cbd5e1;border-left:4px solid #fc8031;border-radius:8px;padding:14px 18px;display:flex;align-items:center;gap:14px;}\n.pmc-ddd-03-icon{width:36px;height:36px;background:#fc8031;border-radius:50%;display:flex;align-items:center;justify-content:center;color:#ffffff;flex-shrink:0;}\n.pmc-ddd-03-icon svg{width:18px;height:18px;}\n.pmc-ddd-03-content{flex:1;min-width:0;}\n.pmc-ddd-03-label{font-size:11px;font-weight:600;color:#fc8031;text-transform:uppercase;letter-spacing:0.6px;margin-bottom:2px;}\n.pmc-ddd-03-text{font-size:14px;line-height:1.55;color:#2e2e2e;margin:0;}\n.pmc-ddd-03-text strong{font-weight:600;}\n@media (max-width:600px){.pmc-ddd-03-box{padding:14px;gap:12px;}}\n<\/style>\n<div class=\"pmc-ddd-03-wrap\">\n  <div class=\"pmc-ddd-03-box\">\n    <div class=\"pmc-ddd-03-icon\"><svg viewbox=\"0 0 24 24\" fill=\"none\" stroke=\"currentColor\" stroke-width=\"2\" stroke-linecap=\"round\" stroke-linejoin=\"round\"><path d=\"M5 17h14\"><\/path><path d=\"M5 17v-5l2-5h10l2 5v5\"><\/path><path d=\"M5 17v2\"><\/path><path d=\"M19 17v2\"><\/path><circle cx=\"8\" cy=\"15\" r=\"1\"><\/circle><circle cx=\"16\" cy=\"15\" r=\"1\"><\/circle><\/svg><\/div>\n    <div class=\"pmc-ddd-03-content\">\n      <div class=\"pmc-ddd-03-label\">In sintesi<\/div>\n      <p class=\"pmc-ddd-03-text\">Uscita <strong>Caserta Nord<\/strong> (A1) o <strong>Caserta Sud<\/strong> (A30), poi indicazioni per Caserta \/ Reggia. Domenica 6 settembre parti con largo anticipo: sulla Reggia si sovrappongono due flussi in una sola giornata.<\/p>\n    <\/div>\n  <\/div>\n<\/div>\n\n\n\n<div style=\"height:50px\" aria-hidden=\"true\" class=\"wp-block-spacer\"><\/div>\n\n\n\n<h2 id=\"dove-parcheggiare-per-din-don-down-alla-reggia-di-caserta\" class=\"wp-block-heading\"><strong>Dove parcheggiare per Din Don Down alla Reggia di Caserta<\/strong><\/h2>\n\n\n\n<p class=\"wp-block-paragraph\">La Reggia di Caserta non dispone di un parcheggio dedicato ai visitatori, ma <strong>nelle vicinanze ci sono diverse soluzioni a pagamento<\/strong>. Nelle serate dei grandi eventi, per\u00f2, la sosta selvaggia \u00e8 sempre dietro l&#8217;angolo: meglio non lasciare nulla al caso. E il 6 settembre, per un motivo preciso, ancora meno.<\/p>\n\n\n\n<div style=\"height:30px\" aria-hidden=\"true\" class=\"wp-block-spacer\"><\/div>\n\n\n\n<style>\n.pmc-ddd-06-wrap{max-width:100%;font-family:inherit;margin:18px 0 24px;}\n.pmc-ddd-06-box{background:#eff6ff;border:1px solid #93c5fd;border-left:4px solid #2563eb;border-radius:8px;padding:16px 20px;display:flex;gap:14px;align-items:flex-start;}\n.pmc-ddd-06-icon{width:24px;height:24px;color:#2563eb;flex-shrink:0;margin-top:1px;}\n.pmc-ddd-06-content{flex:1;min-width:0;}\n.pmc-ddd-06-label{font-size:11px;font-weight:600;text-transform:uppercase;letter-spacing:0.6px;color:#1d4ed8;margin-bottom:4px;}\n.pmc-ddd-06-text{font-size:14px;line-height:1.6;color:#2e2e2e;margin:0 0 8px;}\n.pmc-ddd-06-text:last-child{margin-bottom:0;}\n.pmc-ddd-06-text a{color:#1d4ed8 !important;text-decoration:underline !important;font-weight:600;}\n.pmc-ddd-06-text a:hover,.pmc-ddd-06-text a:focus,.pmc-ddd-06-text a:visited{color:#1e40af !important;text-decoration:underline !important;}\n@media (max-width:600px){.pmc-ddd-06-box{padding:14px 16px;gap:12px;}}\n<\/style>\n<div class=\"pmc-ddd-06-wrap\">\n  <div class=\"pmc-ddd-06-box\">\n    <svg class=\"pmc-ddd-06-icon\" viewbox=\"0 0 24 24\" fill=\"none\" stroke=\"currentColor\" stroke-width=\"2\" stroke-linecap=\"round\" stroke-linejoin=\"round\"><circle cx=\"12\" cy=\"12\" r=\"10\"><\/circle><line x1=\"12\" y1=\"16\" x2=\"12\" y2=\"12\"><\/line><line x1=\"12\" y1=\"8\" x2=\"12.01\" y2=\"8\"><\/line><\/svg>\n    <div class=\"pmc-ddd-06-content\">\n      <div class=\"pmc-ddd-06-label\">6 settembre: il giorno pi&ugrave; affollato della rassegna<\/div>\n      <p class=\"pmc-ddd-06-text\">Domenica 6 settembre &egrave; anche <a href=\"https:\/\/reggiadicaserta.cultura.gov.it\/il-6-settembre-e-domenica-al-museo-alla-reggia-di-caserta\/\" target=\"_blank\" rel=\"noopener\">Domenica al Museo<\/a>: il Complesso vanvitelliano aderisce all&rsquo;iniziativa del Ministero della Cultura e si entra con <strong>biglietto gratuito<\/strong>. Aperti Appartamenti reali e Parco reale; chiusi Sale Vanvitelli e Sala Amelio, Teatro di Corte, Gran Galleria, Giardino Inglese e Serre di Graefer.<\/p>\n      <p class=\"pmc-ddd-06-text\">Significa che su Piazza Carlo di Borbone, nella stessa giornata, si sovrappongono <strong>il pubblico della gratuit&agrave; dal mattino e gli spettatori dello spettacolo dalla sera<\/strong>. &Egrave; la combinazione che mette pi&ugrave; sotto pressione la sosta in tutta l&rsquo;area: arrivare senza un posto gi&agrave; prenotato, questa volta, &egrave; una scommessa.<\/p>\n      <p class=\"pmc-ddd-06-text\">Se vuoi approfittarne anche tu per la visita: una quota di biglietti gratuiti &egrave; stata distribuita online su TicketOne dal 31 agosto fino a esaurimento, un&rsquo;altra &egrave; disponibile in biglietteria in piazza Carlo di Borbone dalle 8:30 del 6 settembre. Ogni biglietto ha una fascia oraria di accesso e non &egrave; consentito rientrare una volta usciti.<\/p>\n    <\/div>\n  <\/div>\n<\/div>\n\n\n\n<div style=\"height:30px\" aria-hidden=\"true\" class=\"wp-block-spacer\"><\/div>\n\n\n\n<style>\n.pmc-ddd-warn-wrap{max-width:100%;font-family:inherit;margin:18px 0 24px;}\n.pmc-ddd-warn-box{background:#fffbeb;border:1px solid #fcd34d;border-left:4px solid #f59e0b;border-radius:8px;padding:16px 20px;display:flex;gap:14px;align-items:flex-start;}\n.pmc-ddd-warn-icon{width:24px;height:24px;color:#f59e0b;flex-shrink:0;margin-top:1px;}\n.pmc-ddd-warn-content{flex:1;min-width:0;}\n.pmc-ddd-warn-label{font-size:11px;font-weight:600;text-transform:uppercase;letter-spacing:0.6px;color:#b45309;margin-bottom:4px;}\n.pmc-ddd-warn-text{font-size:14px;line-height:1.6;color:#2e2e2e;margin:0;}\n.pmc-ddd-warn-text a{color:#b45309 !important;text-decoration:underline !important;font-weight:600;}\n.pmc-ddd-warn-text a:hover,.pmc-ddd-warn-text a:focus,.pmc-ddd-warn-text a:visited{color:#92400e !important;text-decoration:underline !important;}\n@media (max-width:600px){.pmc-ddd-warn-box{padding:14px 16px;gap:12px;}}\n<\/style>\n<div class=\"pmc-ddd-warn-wrap\">\n  <div class=\"pmc-ddd-warn-box\">\n    <svg class=\"pmc-ddd-warn-icon\" viewbox=\"0 0 24 24\" fill=\"none\" stroke=\"currentColor\" stroke-width=\"2\" stroke-linecap=\"round\" stroke-linejoin=\"round\"><path d=\"M10.29 3.86 1.82 18a2 2 0 0 0 1.71 3h16.94a2 2 0 0 0 1.71-3L13.71 3.86a2 2 0 0 0-3.42 0z\"><\/path><line x1=\"12\" y1=\"9\" x2=\"12\" y2=\"13\"><\/line><line x1=\"12\" y1=\"17\" x2=\"12.01\" y2=\"17\"><\/line><\/svg>\n    <div class=\"pmc-ddd-warn-content\">\n      <div class=\"pmc-ddd-warn-label\">Attenzione ai parcheggiatori abusivi<\/div>\n      <p class=\"pmc-ddd-warn-text\">Durante i grandi eventi alla Reggia il fenomeno della sosta selvaggia &egrave; concreto: <a href=\"https:\/\/www.ilmattino.it\/caserta\/caserta_parcheggiatori_abusivi_al_concerto_di_gigi_d_alessio_abbiamo_pagato_20_euro_e_l_auto_e_stata_danneggiata-9584103.html\" target=\"_blank\" rel=\"noopener nofollow\">durante le serate di Gigi D&rsquo;Alessio alcuni spettatori hanno pagato 20&nbsp;euro a parcheggiatori abusivi ritrovandosi l&rsquo;auto danneggiata<\/a>. Prenotando un posto in una struttura privata eviti rischi, sovrapprezzi e brutte sorprese al ritorno.<\/p>\n    <\/div>\n  <\/div>\n<\/div>\n\n\n\n<div style=\"height:30px\" aria-hidden=\"true\" class=\"wp-block-spacer\"><\/div>\n\n\n\n<h3 id=\"viabilita-e-sosta-domenica-6-settembre\" class=\"wp-block-heading\"><strong>Viabilit\u00e0 e sosta domenica 6 settembre<\/strong><\/h3>\n\n\n\n<ul class=\"wp-block-list\">\n<li>Nelle serate della Reggia Session il Comune attiva la ZTL in modo continuativo ai varchi di via Gasparri e corso Trieste, con accesso consentito ai soli residenti autorizzati.<\/li>\n\n\n\n<li>Scatta il divieto assoluto di sosta e fermata su corso Trieste, nel tratto tra piazza Gramsci e piazza Dante. Le misure valgono in genere dalle 12:00 fino alle 3:00 del mattino successivo.<\/li>\n\n\n\n<li>Il 6 settembre \u00e8 domenica: i varchi ZTL del centro sono gi\u00e0 ordinariamente attivi nel fine settimana. Tienine conto sia all&#8217;arrivo nel pomeriggio sia al rientro a fine spettacolo.<\/li>\n\n\n\n<li>Il parcheggio interrato sotto piazza Carlo di Borbone \u00e8 la soluzione pi\u00f9 citata online, ma in occasione dei grandi eventi \u00e8 gi\u00e0 stato chiuso in passato. Con la giornata di gratuit\u00e0 in corso dal mattino, contarci \u00e8 ancora meno prudente.<\/li>\n<\/ul>\n\n\n\n<p class=\"wp-block-paragraph\"><strong>Le tre strutture qui sotto si trovano su via Roma e in piazza Matteotti, fuori dal perimetro dei varchi ZTL<\/strong>: ci arrivi e riparti senza attraversare l&#8217;area interdetta.<\/p>\n\n\n\n<p class=\"wp-block-paragraph\">Vuoi evitare giri a vuoto, stress e brutte sorprese? Su ParkingMyCar trovi <a href=\"https:\/\/www.parkingmycar.it\/parcheggio-reggia-caserta\"><strong>parcheggi in struttura vicino alla Reggia di Caserta<\/strong><\/a> coperti o scoperti, prenotabili online e pronti ad accogliere la tua auto mentre ti godi lo spettacolo. Tra le soluzioni consigliate:<\/p>\n\n\n\n<div style=\"height:30px\" aria-hidden=\"true\" class=\"wp-block-spacer\"><\/div>\n\n\n\n<style>\n.pmc-ddd-04-wrap{max-width:100%;font-family:inherit;color:#2e2e2e;margin:24px 0 20px;scroll-margin-top:80px;}\n.pmc-ddd-04-box{background:#fff7ed;border:1px solid #fc8031;border-radius:12px;padding:24px;}\n.pmc-ddd-04-head{display:flex;align-items:center;gap:12px;margin-bottom:12px;}\n.pmc-ddd-04-head svg{width:28px;height:28px;color:#fc8031;flex-shrink:0;}\n.pmc-ddd-04-title{font-size:19px;font-weight:600;color:#2e2e2e;margin:0;}\n.pmc-ddd-04-intro{font-size:15px;line-height:1.65;color:#2e2e2e;margin:0 0 18px;}\n.pmc-ddd-04-intro a{color:#fc8031 !important;text-decoration:underline !important;}\n.pmc-ddd-04-options{display:grid;grid-template-columns:repeat(3,1fr);gap:14px;}\n.pmc-ddd-04-option{background:#ffffff;border:1px solid #cbd5e1;border-radius:8px;padding:16px;display:flex;flex-direction:column;}\n.pmc-ddd-04-opt-title{font-size:16px;font-weight:600;margin:0 0 4px;color:#2e2e2e;}\n.pmc-ddd-04-tag{display:inline-block;font-size:11px;font-weight:600;color:#fc8031;text-transform:uppercase;letter-spacing:0.5px;margin-bottom:10px;}\n.pmc-ddd-04-feature{font-size:13px;color:#475569;line-height:1.55;margin:0 0 14px;flex:1;display:flex;align-items:flex-start;gap:6px;}\n.pmc-ddd-04-feature svg{width:14px;height:14px;color:#fc8031;flex-shrink:0;margin-top:3px;}\n.pmc-ddd-04-btn{display:inline-block !important;font-size:14px !important;color:#ffffff !important;background:#fc8031 !important;padding:10px 16px !important;border-radius:6px !important;text-decoration:none !important;font-weight:600 !important;text-align:center;border:none;}\n.pmc-ddd-04-btn:hover,.pmc-ddd-04-btn:focus,.pmc-ddd-04-btn:visited{color:#ffffff !important;background:#e36e1f !important;text-decoration:none !important;}\n.pmc-ddd-04-opt-title-link{color:#2e2e2e !important;text-decoration:none !important;}\n.pmc-ddd-04-opt-title-link:hover,.pmc-ddd-04-opt-title-link:focus,.pmc-ddd-04-opt-title-link:visited{color:#2e2e2e !important;text-decoration:none !important;}\n@media (max-width:781px){.pmc-ddd-04-options{grid-template-columns:1fr;}}\n@media (max-width:600px){.pmc-ddd-04-box{padding:20px;}}\n<\/style>\n<div class=\"pmc-ddd-04-wrap\" id=\"parcheggi\">\n  <div class=\"pmc-ddd-04-box\">\n    <div class=\"pmc-ddd-04-head\">\n      <svg viewbox=\"0 0 24 24\" fill=\"none\" stroke=\"currentColor\" stroke-width=\"2\" stroke-linecap=\"round\" stroke-linejoin=\"round\"><rect x=\"3\" y=\"3\" width=\"18\" height=\"18\" rx=\"2\"><\/rect><path d=\"M9 17V7h4a3 3 0 010 6H9\"><\/path><\/svg>\n      <h3 class=\"pmc-ddd-04-title\">Parcheggi consigliati vicino alla Reggia<\/h3>\n    <\/div>\n    <p class=\"pmc-ddd-04-intro\">La Reggia non dispone di un parcheggio dedicato ai visitatori. Su <a href=\"https:\/\/www.parkingmycar.it\/parcheggio-reggia-caserta\" target=\"_blank\" rel=\"noopener\">ParkingMyCar<\/a> trovi posti disponibili nella data dello spettacolo. Ecco tre strutture private prenotabili online:<\/p>\n    <div class=\"pmc-ddd-04-options\">\n      <div class=\"pmc-ddd-04-option\">\n        <h3 class=\"pmc-ddd-04-opt-title\"><a href=\"https:\/\/www.parkingmycar.it\/parcheggio-caserta-centro\/park-in\" target=\"_blank\" rel=\"noopener\" class=\"pmc-ddd-04-opt-title-link\">Park-In<\/a><\/h3>\n        <div class=\"pmc-ddd-04-tag\">Coperto<\/div>\n        <div class=\"pmc-ddd-04-feature\">\n          <svg viewbox=\"0 0 24 24\" fill=\"none\" stroke=\"currentColor\" stroke-width=\"2\" stroke-linecap=\"round\" stroke-linejoin=\"round\"><path d=\"M12 22s8-4 8-10V5l-8-3-8 3v7c0 6 8 10 8 10z\"><\/path><polyline points=\"9 12 11 14 15 10\"><\/polyline><\/svg>\n          <span><strong>Videosorvegliato<\/strong>, con apertura estesa fino all&rsquo;01:30 in occasione degli eventi alla Reggia.<\/span>\n        <\/div>\n        <a href=\"https:\/\/www.parkingmycar.it\/parcheggio-caserta-centro\/park-in\" target=\"_blank\" rel=\"noopener\" class=\"pmc-ddd-04-btn\">Verifica disponibilit&agrave;<\/a>\n      <\/div>\n      <div class=\"pmc-ddd-04-option\">\n        <h3 class=\"pmc-ddd-04-opt-title\"><a href=\"https:\/\/www.parkingmycar.it\/parcheggio-stazione-caserta\/quick-mercato\" target=\"_blank\" rel=\"noopener\" class=\"pmc-ddd-04-opt-title-link\">Quick Mercato<\/a><\/h3>\n        <div class=\"pmc-ddd-04-tag\">Scoperto<\/div>\n        <div class=\"pmc-ddd-04-feature\">\n          <svg viewbox=\"0 0 24 24\" fill=\"none\" stroke=\"currentColor\" stroke-width=\"2\" stroke-linecap=\"round\" stroke-linejoin=\"round\"><circle cx=\"12\" cy=\"12\" r=\"10\"><\/circle><path d=\"M12 6v6l4 2\"><\/path><path d=\"M8 2l-2 2\"><\/path><path d=\"M16 2l2 2\"><\/path><\/svg>\n          <span><strong>Aperto h24<\/strong> con sistema automatizzato di entrata e uscita.<\/span>\n        <\/div>\n        <a href=\"https:\/\/www.parkingmycar.it\/parcheggio-stazione-caserta\/quick-mercato\" target=\"_blank\" rel=\"noopener\" class=\"pmc-ddd-04-btn\">Verifica disponibilit&agrave;<\/a>\n      <\/div>\n      <div class=\"pmc-ddd-04-option\">\n        <h3 class=\"pmc-ddd-04-opt-title\"><a href=\"https:\/\/www.parkingmycar.it\/parcheggio-caserta-centro\/ezio-garage\" target=\"_blank\" rel=\"noopener\" class=\"pmc-ddd-04-opt-title-link\">Ezio Garage<\/a><\/h3>\n        <div class=\"pmc-ddd-04-tag\">Coperto<\/div>\n        <div class=\"pmc-ddd-04-feature\">\n          <svg viewbox=\"0 0 24 24\" fill=\"none\" stroke=\"currentColor\" stroke-width=\"2\" stroke-linecap=\"round\" stroke-linejoin=\"round\"><circle cx=\"12\" cy=\"12\" r=\"10\"><\/circle><polyline points=\"12 6 12 12 16 14\"><\/polyline><\/svg>\n          <span>Nelle serate degli eventi, <strong>apertura estesa fino alle 01:30<\/strong>; ammessi metano e GPL.<\/span>\n        <\/div>\n        <a href=\"https:\/\/www.parkingmycar.it\/parcheggio-caserta-centro\/ezio-garage\" target=\"_blank\" rel=\"noopener\" class=\"pmc-ddd-04-btn\">Verifica disponibilit&agrave;<\/a>\n      <\/div>\n    <\/div>\n  <\/div>\n<\/div>\n\n\n\n<div style=\"height:50px\" aria-hidden=\"true\" class=\"wp-block-spacer\"><\/div>\n\n\n\n<h3 id=\"park-in-quick-mercato-o-ezio-garage-confronto-rapido\" class=\"wp-block-heading\"><strong>Park-In, Quick Mercato o Ezio Garage? Confronto rapido<\/strong><\/h3>\n\n\n\n<div style=\"height:10px\" aria-hidden=\"true\" class=\"wp-block-spacer\"><\/div>\n\n\n\n<style>\n.pmc-ddd-05-wrap{max-width:100%;font-family:inherit;color:#2e2e2e;margin:20px 0 32px;}\n.pmc-ddd-05-table-wrap{border:1px solid #cbd5e1;border-radius:12px;overflow-x:visible;overflow-y:hidden;}\n.pmc-ddd-05-table{width:100%;border-collapse:collapse;font-size:14px;}\n.pmc-ddd-05-table thead th{background:#e2e8f0;padding:13px 16px;text-align:left;font-weight:600;color:#2e2e2e;border-bottom:1px solid #cbd5e1;}\n.pmc-ddd-05-table thead th:not(:first-child){border-left:1px solid #cbd5e1;}\n.pmc-ddd-05-table tbody td{padding:13px 16px;border-top:1px solid #cbd5e1;vertical-align:middle;}\n.pmc-ddd-05-table tbody td:not(:first-child){border-left:1px solid #cbd5e1;}\n.pmc-ddd-05-table tbody tr:nth-child(even) td{background:#f8fafc;}\n.pmc-ddd-05-table tbody tr:nth-child(odd) td{background:#ffffff;}\n.pmc-ddd-05-label{color:#475569;}\n@media (max-width:600px){\n.pmc-ddd-05-table-wrap{border:none;border-radius:0;}\n.pmc-ddd-05-table thead{display:none;}\n.pmc-ddd-05-table tbody tr{display:block;border:1px solid #cbd5e1;border-radius:12px;margin-bottom:12px;overflow:hidden;}\n.pmc-ddd-05-table tbody td{display:flex;justify-content:space-between;align-items:center;padding:11px 14px;border-top:none;border-left:none !important;border-bottom:1px solid #cbd5e1;background:#ffffff !important;text-align:right;}\n.pmc-ddd-05-table tbody td:last-child{border-bottom:none;}\n.pmc-ddd-05-table tbody td::before{content:attr(data-label);font-weight:600;color:#2e2e2e;margin-right:12px;text-align:left;}\n.pmc-ddd-05-table tbody td:first-child{background:#e2e8f0 !important;font-weight:600;text-align:left;justify-content:flex-start;}\n.pmc-ddd-05-table tbody td:first-child::before{content:none;}\n}\n<\/style>\n<div class=\"pmc-ddd-05-wrap\">\n  <div class=\"pmc-ddd-05-table-wrap\">\n    <table class=\"pmc-ddd-05-table\">\n      <thead>\n        <tr>\n          <th>Caratteristica<\/th>\n          <th>Park-In<\/th>\n          <th>Quick Mercato<\/th>\n          <th>Ezio Garage<\/th>\n        <\/tr>\n      <\/thead>\n      <tbody>\n        <tr>\n          <td class=\"pmc-ddd-05-label\">Tipologia<\/td>\n          <td data-label=\"Park-In\">Coperto<\/td>\n          <td data-label=\"Quick Mercato\">Scoperto<\/td>\n          <td data-label=\"Ezio Garage\">Coperto<\/td>\n        <\/tr>\n        <tr>\n          <td class=\"pmc-ddd-05-label\">Accesso<\/td>\n          <td data-label=\"Park-In\">Apertura estesa fino all&rsquo;01:30 nelle serate degli eventi<\/td>\n          <td data-label=\"Quick Mercato\">Aperto 24 ore su 24<\/td>\n          <td data-label=\"Ezio Garage\">Apertura estesa fino all&rsquo;01:30 nelle serate degli eventi<\/td>\n        <\/tr>\n        <tr>\n          <td class=\"pmc-ddd-05-label\">Servizi<\/td>\n          <td data-label=\"Park-In\">Videosorvegliato, ricarica auto elettriche<\/td>\n          <td data-label=\"Quick Mercato\">Sistema automatizzato entrata\/uscita<\/td>\n          <td data-label=\"Ezio Garage\">Personale in struttura, ammessi metano e GPL<\/td>\n        <\/tr>\n        <tr>\n          <td class=\"pmc-ddd-05-label\">Ideale per<\/td>\n          <td data-label=\"Park-In\">Videosorveglianza e auto elettriche<\/td>\n          <td data-label=\"Quick Mercato\">Sosta lunga: entri la mattina, esci a notte<\/td>\n          <td data-label=\"Ezio Garage\">Auto al coperto vicino al centro<\/td>\n        <\/tr>\n      <\/tbody>\n    <\/table>\n  <\/div>\n<\/div>\n\n\n\n<div style=\"height:50px\" aria-hidden=\"true\" class=\"wp-block-spacer\"><\/div>\n\n\n\n<h2 id=\"domande-frequenti\" class=\"wp-block-heading\"><strong>Domande frequenti<\/strong><\/h2>\n\n\n<div id=\"rank-math-faq\" class=\"rank-math-block\">\n<div class=\"rank-math-list \">\n<div id=\"faq-question-1788517131782\" class=\"rank-math-list-item\">\n<h3 class=\"rank-math-question \"><strong>Dove posso parcheggiare per Din Don Down alla Reggia di Caserta?<\/strong><\/h3>\n<div class=\"rank-math-answer \">\n\n<p>La Reggia non ha un parcheggio dedicato. Su <a href=\"https:\/\/www.parkingmycar.it\/parcheggio-reggia-caserta\">ParkingMyCar<\/a> puoi prenotare online un posto in struttura vicino a Piazza Carlo di Borbone: tra le opzioni Park-In (coperto, apertura estesa fino all&#8217;01:30), Quick Mercato (scoperto, aperto h24) ed Ezio Garage (coperto, apertura estesa fino all&#8217;01:30 nelle serate degli eventi). Tutte e tre si trovano fuori dal perimetro dei varchi ZTL.<\/p>\n\n<\/div>\n<\/div>\n<div id=\"faq-question-1788517133166\" class=\"rank-math-list-item\">\n<h3 class=\"rank-math-question \"><strong>A che ora inizia lo spettacolo di Paolo Ruffini alla Reggia di Caserta?<\/strong><\/h3>\n<div class=\"rank-math-answer \">\n\n<p>Din Don Down \u00e8 previsto per le ore 21:00 di domenica 6 settembre 2026, in Piazza Carlo di Borbone. L&#8217;orario di accesso \u00e8 indicato sul biglietto: controllalo prima di partire.<\/p>\n\n<\/div>\n<\/div>\n<div id=\"faq-question-1788517134616\" class=\"rank-math-list-item\">\n<h3 class=\"rank-math-question \"><strong>Quanto costano i biglietti per Din Don Down a Caserta?<\/strong><\/h3>\n<div class=\"rank-math-answer \">\n\n<p>I biglietti sono disponibili su TicketOne a partire da 44,85 \u20ac (diritti di prevendita inclusi), su sei settori numerati. I posti ancora acquistabili arrivano fino a 96,60 \u20ac, mentre la fascia pi\u00f9 alta risulta esaurita. Sulla pagina dell&#8217;evento verifichi settori e disponibilit\u00e0 in tempo reale.<\/p>\n\n<\/div>\n<\/div>\n<div id=\"faq-question-1788517135838\" class=\"rank-math-list-item\">\n<h3 class=\"rank-math-question \"><strong>Il 6 settembre si pu\u00f2 visitare anche la Reggia di Caserta?<\/strong><\/h3>\n<div class=\"rank-math-answer \">\n\n<p>S\u00ec, e quel giorno l&#8217;ingresso \u00e8 gratuito: il 6 settembre \u00e8 Domenica al Museo, l&#8217;iniziativa del Ministero della Cultura valida la prima domenica di ogni mese. Aperti Appartamenti reali e Parco reale; chiusi Sale Vanvitelli e Sala Amelio, Teatro di Corte, Gran Galleria, Giardino Inglese e Serre di Graefer. Serve comunque un titolo d&#8217;accesso con fascia oraria, ritirabile online su TicketOne fino a esaurimento o in biglietteria dalle 8:30.<\/p>\n\n<\/div>\n<\/div>\n<div id=\"faq-question-1788517137156\" class=\"rank-math-list-item\">\n<h3 class=\"rank-math-question \"><strong>Ci sono limitazioni al traffico la sera dello spettacolo?<\/strong><\/h3>\n<div class=\"rank-math-answer \">\n\n<p>S\u00ec. Nelle serate della Reggia Session il Comune di Caserta attiva la ZTL in modo continuativo ai varchi di via Gasparri e corso Trieste e istituisce il divieto di sosta e fermata su corso Trieste tra piazza Gramsci e piazza Dante, in genere dalle 12:00 alle 3:00 del mattino successivo. Meglio arrivare con un posto gi\u00e0 prenotato in una struttura fuori dal perimetro ZTL.<\/p>\n\n<\/div>\n<\/div>\n<div id=\"faq-question-1788517139161\" class=\"rank-math-list-item\">\n<h3 class=\"rank-math-question \"><strong>Come funziona l&#8217;accesso per le persone con disabilit\u00e0?<\/strong><\/h3>\n<div class=\"rank-math-answer \">\n\n<p>Le aree riservate alle persone con disabilit\u00e0 sono gestite direttamente dall&#8217;organizzatore dell&#8217;evento: le informazioni si richiedono attraverso i canali indicati nella scheda TicketOne dello spettacolo. Per la sosta, ti consigliamo di contattare in anticipo la struttura scelta per verificare posti e accessi disponibili nella data.<\/p>\n\n<\/div>\n<\/div>\n<\/div>\n<\/div>\n\n\n<div style=\"height:30px\" aria-hidden=\"true\" class=\"wp-block-spacer\"><\/div>\n\n\n\n<h2 id=\"din-don-down-alla-reggia-di-caserta-conclusioni\" class=\"wp-block-heading\"><strong>Din Don Down alla Reggia di Caserta: conclusioni<\/strong><\/h2>\n\n\n\n<p class=\"wp-block-paragraph\">Uno spettacolo che non si pu\u00f2 prevedere, davanti alla facciata vanvitelliana illuminata, in una domenica in cui la Reggia si apre gratuitamente a tutti dal mattino. \u00c8 una giornata da vivere per intero \u2014 e proprio per questo vale la pena arrivare a Caserta con il posto auto gi\u00e0 risolto.<\/p>\n\n\n\n<p class=\"wp-block-paragraph\">E il parcheggio? Puoi riservarlo subito dal nostro sito o dall&#8217;app ParkingMyCar (<strong><a href=\"https:\/\/play.google.com\/store\/apps\/details?id=it.parkingmycar.parkingmyapp&amp;referrer=utm_source=pmc&amp;utm_medium=blog&amp;utm_content=post&amp;utm_campaign=IT-IT_PMC_C_APP_Android_Blog-post\" target=\"_blank\" rel=\"noreferrer noopener\">Android<\/a>, <a href=\"https:\/\/apps.apple.com\/app\/apple-store\/id1613368206?pt=123732674&amp;ct=IT-IT_PMC_C_APP_iOS_Blog-post&amp;mt=8\" target=\"_blank\" rel=\"noreferrer noopener\">iOS<\/a><\/strong>).<\/p>\n\n\n\n<div style=\"height:30px\" aria-hidden=\"true\" class=\"wp-block-spacer\"><\/div>\n\n\n\n<style>\n.pmc-ddd-07-wrap{max-width:100%;font-family:inherit;color:#2e2e2e;margin:28px 0 24px;}\n.pmc-ddd-07-box{background:#f8fafc;border:1px solid #cbd5e1;border-radius:12px;padding:22px 24px;display:flex;align-items:center;gap:20px;}\n.pmc-ddd-07-icon{width:52px;height:52px;background:#fc8031;border-radius:50%;display:flex;align-items:center;justify-content:center;color:#ffffff;flex-shrink:0;}\n.pmc-ddd-07-icon svg{width:26px;height:26px;}\n.pmc-ddd-07-content{flex:1;min-width:0;}\n.pmc-ddd-07-title{font-size:17px;font-weight:600;margin:0 0 4px;color:#2e2e2e;}\n.pmc-ddd-07-text{font-size:14px;line-height:1.55;color:#475569;margin:0;}\n.pmc-ddd-07-btn{display:inline-block !important;font-size:14px !important;color:#ffffff !important;background:#fc8031 !important;padding:11px 20px !important;border-radius:6px !important;text-decoration:none !important;font-weight:600 !important;white-space:nowrap;flex-shrink:0;}\n.pmc-ddd-07-btn:hover,.pmc-ddd-07-btn:focus,.pmc-ddd-07-btn:visited{color:#ffffff !important;background:#e36e1f !important;text-decoration:none !important;}\n@media (max-width:600px){.pmc-ddd-07-box{flex-direction:column;align-items:flex-start;padding:20px;gap:14px;}.pmc-ddd-07-btn{width:100%;text-align:center;}}\n<\/style>\n<div class=\"pmc-ddd-07-wrap\">\n  <div class=\"pmc-ddd-07-box\">\n    <div class=\"pmc-ddd-07-icon\">\n      <svg viewbox=\"0 0 24 24\" fill=\"none\" stroke=\"currentColor\" stroke-width=\"2\" stroke-linecap=\"round\" stroke-linejoin=\"round\"><rect x=\"3\" y=\"3\" width=\"18\" height=\"18\" rx=\"2\"><\/rect><path d=\"M9 17V7h4a3 3 0 010 6H9\"><\/path><\/svg>\n    <\/div>\n    <div class=\"pmc-ddd-07-content\">\n      <p class=\"pmc-ddd-07-title\">Goditi lo spettacolo, al parcheggio pensiamo noi<\/p>\n      <p class=\"pmc-ddd-07-text\">Prenota in pochi clic il tuo posto vicino alla Reggia di Caserta e vivi la serata senza pensieri.<\/p>\n    <\/div>\n    <a href=\"https:\/\/www.parkingmycar.it\/parcheggio-reggia-caserta\" target=\"_blank\" rel=\"noopener\" class=\"pmc-ddd-07-btn\">Prenota il parcheggio<\/a>\n  <\/div>\n<\/div>\n\n\n\n<div style=\"height:50px\" aria-hidden=\"true\" class=\"wp-block-spacer\"><\/div>\n","protected":false},"excerpt":{"rendered":"<p>Din Don Down \u2013 Alla ricerca di (D)io non \u00e8 il solito spettacolo comico: \u00e8 un happening senza copione&#8230;<\/p>\n","protected":false},"author":3,"featured_media":15014,"comment_status":"closed","ping_status":"closed","sticky":false,"template":"","format":"standard","meta":{"footnotes":""},"categories":[6],"tags":[130,131,127,41,60],"class_list":["post-15008","post","type-post","status-publish","format-standard","has-post-thumbnail","hentry","category-eventi-esperienze","tag-ai-act","tag-ai-act-2","tag-caserta","tag-musica-live","tag-parcheggi-citta","infinite-scroll-item","generate-columns","tablet-grid-50","mobile-grid-100","grid-parent","grid-50"],"_links":{"self":[{"href":"https:\/\/www.parkingmycar.it\/blog\/wp-json\/wp\/v2\/posts\/15008","targetHints":{"allow":["GET"]}}],"collection":[{"href":"https:\/\/www.parkingmycar.it\/blog\/wp-json\/wp\/v2\/posts"}],"about":[{"href":"https:\/\/www.parkingmycar.it\/blog\/wp-json\/wp\/v2\/types\/post"}],"author":[{"embeddable":true,"href":"https:\/\/www.parkingmycar.it\/blog\/wp-json\/wp\/v2\/users\/3"}],"replies":[{"embeddable":true,"href":"https:\/\/www.parkingmycar.it\/blog\/wp-json\/wp\/v2\/comments?post=15008"}],"version-history":[{"count":7,"href":"https:\/\/www.parkingmycar.it\/blog\/wp-json\/wp\/v2\/posts\/15008\/revisions"}],"predecessor-version":[{"id":15027,"href":"https:\/\/www.parkingmycar.it\/blog\/wp-json\/wp\/v2\/posts\/15008\/revisions\/15027"}],"wp:featuredmedia":[{"embeddable":true,"href":"https:\/\/www.parkingmycar.it\/blog\/wp-json\/wp\/v2\/media\/15014"}],"wp:attachment":[{"href":"https:\/\/www.parkingmycar.it\/blog\/wp-json\/wp\/v2\/media?parent=15008"}],"wp:term":[{"taxonomy":"category","embeddable":true,"href":"https:\/\/www.parkingmycar.it\/blog\/wp-json\/wp\/v2\/categories?post=15008"},{"taxonomy":"post_tag","embeddable":true,"href":"https:\/\/www.parkingmycar.it\/blog\/wp-json\/wp\/v2\/tags?post=15008"}],"curies":[{"name":"wp","href":"https:\/\/api.w.org\/{rel}","templated":true}]}}