{"id":15018,"date":"2026-09-04T15:00:00","date_gmt":"2026-09-04T13:00:00","guid":{"rendered":"https:\/\/www.parkingmycar.it\/blog\/?p=15018"},"modified":"2026-09-04T16:38:00","modified_gmt":"2026-09-04T14:38:00","slug":"fiorella-mannoia-alla-reggia-di-caserta","status":"publish","type":"post","link":"https:\/\/www.parkingmycar.it\/blog\/fiorella-mannoia-alla-reggia-di-caserta\/","title":{"rendered":"Fiorella Mannoia alla Reggia di Caserta: info e parcheggi"},"content":{"rendered":"\n<div class=\"wp-block-rank-math-toc-block\" id=\"rank-math-toc\"><p><strong>In questo articolo:<\/strong><\/p><nav><ul><li class=\"\"><a href=\"#fiorella-mannoia-alla-reggia-di-caserta\">Fiorella Mannoia alla Reggia di Caserta<\/a><ul><li class=\"\"><a href=\"#location\">Location<\/a><\/li><li class=\"\"><a href=\"#biglietti-concerto-fiorella-mannoia\">Biglietti concerto Fiorella Mannoia<\/a><\/li><li class=\"\"><a href=\"#scaletta-concerto\">Scaletta concerto<\/a><\/li><\/ul><\/li><li class=\"\"><a href=\"#come-arrivare-alla-reggia-di-caserta\">Come arrivare alla Reggia di Caserta<\/a><\/li><li class=\"\"><a href=\"#parcheggi-per-il-concerto-di-fiorella-mannoia-alla-reggia-di-caserta\">Parcheggi per il concerto di Fiorella Mannoia alla Reggia di Caserta<\/a><ul><li class=\"\"><a href=\"#viabilita-e-sosta-la-sera-del-7-settembre\">Viabilit\u00e0 e sosta la sera del 7 settembre<\/a><\/li><\/ul><\/li><li class=\"\"><a href=\"#domande-frequenti\">Domande frequenti<\/a><ul><li class=\"\"><a href=\"#faq-question-1788531821040\">A che ora inizia il concerto di Fiorella Mannoia alla Reggia di Caserta?<\/a><\/li><li class=\"\"><a href=\"#faq-question-1788531821821\">Quanto costano i biglietti per Fiorella Mannoia alla Reggia di Caserta?<\/a><\/li><li class=\"\"><a href=\"#faq-question-1788531822735\">Ci sono limitazioni al traffico la sera del concerto?<\/a><\/li><\/ul><\/li><li class=\"\"><a href=\"#fiorella-mannoia-live-alla-reggia-di-caserta-conclusioni\">Fiorella Mannoia live alla Reggia di Caserta: conclusioni<\/a><\/li><\/ul><\/nav><\/div>\n\n\n\n<div style=\"height:50px\" aria-hidden=\"true\" class=\"wp-block-spacer\"><\/div>\n\n\n\n<p class=\"wp-block-paragraph\">Trent&#8217;anni fa usciva <em>Anime Salve<\/em>, ultimo lavoro in studio di Fabrizio De Andr\u00e9, scritto insieme a Ivano Fossati. Fiorella Mannoia lo riporta dal vivo con <strong>\u00abFiorella canta Fabrizio e Ivano: Anime Salve\u00bb<\/strong>, e sceglie una delle cornici pi\u00f9 maestose d&#8217;Italia per l&#8217;ultima serata del suo percorso estivo: la <strong>Reggia di Caserta<\/strong>.<\/p>\n\n\n\n<p class=\"wp-block-paragraph\">Appuntamento <strong>luned\u00ec 7 settembre 2026<\/strong> in Piazza Carlo di Borbone. In questo articolo trovi tutto quello che ti serve per vivere la serata senza pensieri: biglietti, scaletta, come arrivare e, soprattutto\u2026 dove parcheggiare.<\/p>\n\n\n\n<div style=\"height:30px\" aria-hidden=\"true\" class=\"wp-block-spacer\"><\/div>\n\n\n\n<style>\n.pmc-fm-01-wrap{max-width:680px;font-family:inherit;color:#2e2e2e;margin:24px 0 32px;}\n.pmc-fm-01-box{background:#f8fafc;border:1px solid #cbd5e1;border-left:4px solid #fc8031;border-radius:12px;padding:22px 24px;}\n.pmc-fm-01-label{font-size:11px;font-weight:600;letter-spacing:0.8px;text-transform:uppercase;color:#fc8031;margin:0 0 12px;}\n.pmc-fm-01-grid{display:grid;grid-template-columns:repeat(2,1fr);gap:16px 24px;margin-bottom:16px;}\n.pmc-fm-01-item-label{font-size:12px;color:#64748b;margin-bottom:3px;display:flex;align-items:center;gap:6px;}\n.pmc-fm-01-item-value{font-size:15px;font-weight:500;color:#2e2e2e;}\n.pmc-fm-01-cta{display:inline-flex !important;align-items:center;gap:6px;font-size:14px;color:#fc8031 !important;font-weight:500;text-decoration:none !important;border-bottom:1px solid #fc8031;padding-bottom:1px;}\n.pmc-fm-01-cta:hover,.pmc-fm-01-cta:focus,.pmc-fm-01-cta:visited{color:#fc8031 !important;text-decoration:none !important;}\n.pmc-fm-01-ico{width:14px;height:14px;flex-shrink:0;}\n@media (max-width:600px){.pmc-fm-01-box{padding:18px;}.pmc-fm-01-grid{grid-template-columns:1fr;gap:14px;}}\n<\/style>\n<div class=\"pmc-fm-01-wrap\">\n  <div class=\"pmc-fm-01-box\">\n    <p class=\"pmc-fm-01-label\">In breve<\/p>\n    <div class=\"pmc-fm-01-grid\">\n      <div>\n        <div class=\"pmc-fm-01-item-label\">\n<svg class=\"pmc-fm-01-ico\" viewbox=\"0 0 24 24\" fill=\"none\" stroke=\"currentColor\" stroke-width=\"2\" stroke-linecap=\"round\" stroke-linejoin=\"round\"><path d=\"M9 18V5l12-2v13\"><\/path><circle cx=\"6\" cy=\"18\" r=\"3\"><\/circle><circle cx=\"18\" cy=\"16\" r=\"3\"><\/circle><\/svg>Artista<\/div>\n        <div class=\"pmc-fm-01-item-value\">Fiorella Mannoia<\/div>\n      <\/div>\n      <div>\n        <div class=\"pmc-fm-01-item-label\">\n<svg class=\"pmc-fm-01-ico\" viewbox=\"0 0 24 24\" fill=\"none\" stroke=\"currentColor\" stroke-width=\"2\" stroke-linecap=\"round\" stroke-linejoin=\"round\"><path d=\"M21 10c0 7-9 13-9 13s-9-6-9-13a9 9 0 0 1 18 0z\"><\/path><circle cx=\"12\" cy=\"10\" r=\"3\"><\/circle><\/svg>Location<\/div>\n        <div class=\"pmc-fm-01-item-value\">Reggia di Caserta<\/div>\n      <\/div>\n      <div>\n        <div class=\"pmc-fm-01-item-label\">\n<svg class=\"pmc-fm-01-ico\" viewbox=\"0 0 24 24\" fill=\"none\" stroke=\"currentColor\" stroke-width=\"2\" stroke-linecap=\"round\" stroke-linejoin=\"round\"><rect x=\"3\" y=\"4\" width=\"18\" height=\"18\" rx=\"2\"><\/rect><line x1=\"16\" y1=\"2\" x2=\"16\" y2=\"6\"><\/line><line x1=\"8\" y1=\"2\" x2=\"8\" y2=\"6\"><\/line><line x1=\"3\" y1=\"10\" x2=\"21\" y2=\"10\"><\/line><\/svg>Data<\/div>\n        <div class=\"pmc-fm-01-item-value\">Luned&igrave; 7 settembre 2026<\/div>\n      <\/div>\n      <div>\n        <div class=\"pmc-fm-01-item-label\">\n<svg class=\"pmc-fm-01-ico\" viewbox=\"0 0 24 24\" fill=\"none\" stroke=\"currentColor\" stroke-width=\"2\" stroke-linecap=\"round\" stroke-linejoin=\"round\"><circle cx=\"12\" cy=\"12\" r=\"10\"><\/circle><polyline points=\"12 6 12 12 16 14\"><\/polyline><\/svg>Orario<\/div>\n        <div class=\"pmc-fm-01-item-value\">21:00<\/div>\n      <\/div>\n    <\/div>\n    <a href=\"#parcheggi\" class=\"pmc-fm-01-cta\">Hai gi&agrave; il biglietto? Pensa al parcheggio <svg class=\"pmc-fm-01-ico\" viewbox=\"0 0 24 24\" fill=\"none\" stroke=\"currentColor\" stroke-width=\"2\" stroke-linecap=\"round\" stroke-linejoin=\"round\"><line x1=\"5\" y1=\"12\" x2=\"19\" y2=\"12\"><\/line><polyline points=\"12 5 19 12 12 19\"><\/polyline><\/svg><\/a>\n  <\/div>\n<\/div>\n\n\n\n<div style=\"height:50px\" aria-hidden=\"true\" class=\"wp-block-spacer\"><\/div>\n\n\n\n<h2 id=\"fiorella-mannoia-alla-reggia-di-caserta\" class=\"wp-block-heading\"><strong>Fiorella Mannoia alla Reggia di Caserta<\/strong><\/h2>\n\n\n\n<p class=\"wp-block-paragraph\">\u00abFiorella canta Fabrizio e Ivano: Anime Salve\u00bb nasce per i trent&#8217;anni di un disco che ha segnato la storia della canzone italiana. Sul palco Fiorella Mannoia attraversa i repertori di <strong>Fabrizio De Andr\u00e9 e Ivano Fossati<\/strong>, tra i brani pi\u00f9 amati dei due autori e nuove letture di alcuni capolavori. Davanti alla facciata vanvitelliana illuminata di Piazza Carlo di Borbone, un concerto costruito pi\u00f9 sull&#8217;ascolto che sullo spettacolo.<\/p>\n\n\n\n<div style=\"height:30px\" aria-hidden=\"true\" class=\"wp-block-spacer\"><\/div>\n\n\n\n<style>\n.pmc-fm-02-wrap{max-width:100%;font-family:inherit;color:#2e2e2e;margin:20px 0 28px;}\n.pmc-fm-02-box{background:#f8fafc;border:1px solid #cbd5e1;border-radius:12px;padding:20px;}\n.pmc-fm-02-head{display:flex;align-items:center;gap:10px;margin-bottom:16px;}\n.pmc-fm-02-head svg{width:20px;height:20px;color:#fc8031;flex-shrink:0;}\n.pmc-fm-02-head-text{font-size:14px;font-weight:500;color:#2e2e2e;}\n.pmc-fm-02-date{display:flex;align-items:center;gap:22px;background:#ffffff;border:1px solid #cbd5e1;border-radius:10px;padding:18px 22px;}\n.pmc-fm-02-daybox{text-align:center;flex-shrink:0;min-width:70px;}\n.pmc-fm-02-dow{font-size:12px;color:#64748b;text-transform:uppercase;letter-spacing:0.5px;font-weight:600;}\n.pmc-fm-02-num{font-size:40px;font-weight:700;line-height:1;color:#fc8031;margin:3px 0;}\n.pmc-fm-02-mon{font-size:13px;color:#64748b;}\n.pmc-fm-02-sep{width:1px;align-self:stretch;background:#cbd5e1;}\n.pmc-fm-02-info-title{font-size:16px;font-weight:600;color:#2e2e2e;margin:0 0 4px;}\n.pmc-fm-02-info-text{font-size:14px;color:#475569;line-height:1.55;margin:0;}\n@media (max-width:600px){.pmc-fm-02-box{padding:14px;}.pmc-fm-02-date{gap:16px;padding:14px 16px;}.pmc-fm-02-num{font-size:34px;}.pmc-fm-02-daybox{min-width:58px;}}\n<\/style>\n<div class=\"pmc-fm-02-wrap\">\n  <div class=\"pmc-fm-02-box\">\n    <div class=\"pmc-fm-02-head\">\n      <svg viewbox=\"0 0 24 24\" fill=\"none\" stroke=\"currentColor\" stroke-width=\"2\" stroke-linecap=\"round\" stroke-linejoin=\"round\"><rect x=\"3\" y=\"4\" width=\"18\" height=\"18\" rx=\"2\"><\/rect><line x1=\"16\" y1=\"2\" x2=\"16\" y2=\"6\"><\/line><line x1=\"8\" y1=\"2\" x2=\"8\" y2=\"6\"><\/line><line x1=\"3\" y1=\"10\" x2=\"21\" y2=\"10\"><\/line><\/svg>\n      <div class=\"pmc-fm-02-head-text\">Una sola data &mdash; ore 21:00<\/div>\n    <\/div>\n    <div class=\"pmc-fm-02-date\">\n      <div class=\"pmc-fm-02-daybox\">\n        <div class=\"pmc-fm-02-dow\">Lun<\/div>\n        <div class=\"pmc-fm-02-num\">7<\/div>\n        <div class=\"pmc-fm-02-mon\">settembre 2026<\/div>\n      <\/div>\n      <div class=\"pmc-fm-02-sep\"><\/div>\n      <div>\n        <p class=\"pmc-fm-02-info-title\">Fiorella Mannoia live alla Reggia di Caserta<\/p>\n        <p class=\"pmc-fm-02-info-text\">Reggia di Caserta &ndash; Piazza Carlo di Borbone. Inizio spettacolo previsto per le ore 21:00. L&rsquo;orario di accesso &egrave; indicato sul biglietto.<\/p>\n      <\/div>\n    <\/div>\n  <\/div>\n<\/div>\n\n\n\n<div style=\"height:30px\" aria-hidden=\"true\" class=\"wp-block-spacer\"><\/div>\n\n\n\n<p class=\"wp-block-paragraph\">La data casertana \u00e8 l&#8217;<strong>unica tappa in Campania<\/strong> e chiude il percorso estivo del tour, che riprender\u00e0 il 1\u00b0 ottobre nei teatri. Rientra nell&#8217;undicesima edizione di <strong>Un&#8217;Estate da Belvedere \u2013 Reggia Session<\/strong>, la rassegna che per tutta l&#8217;estate porta musica e spettacolo in Piazza Carlo di Borbone. Cade nel mezzo di una settimana fittissima, con concerti quasi ogni sera davanti alla Reggia: un dettaglio che conta pi\u00f9 di quanto sembri quando si tratta di trovare posto auto.<\/p>\n\n\n\n<div style=\"height:30px\" aria-hidden=\"true\" class=\"wp-block-spacer\"><\/div>\n\n\n\n<h3 id=\"location\" class=\"wp-block-heading\">Location<\/h3>\n\n\n\n<div class=\"wp-block-columns are-vertically-aligned-center is-layout-flex wp-container-core-columns-is-layout-8f761849 wp-block-columns-is-layout-flex\">\n<div class=\"wp-block-column is-vertically-aligned-center is-layout-flow wp-block-column-is-layout-flow\">\n<figure class=\"wp-block-image size-full\"><img decoding=\"async\" width=\"600\" height=\"337\" src=\"https:\/\/www.parkingmycar.it\/blog\/wp-content\/uploads\/2026\/09\/PMC-Immagini-Blog-Fiorella-Mannoia-Reggia-Di-Caserta-2.jpg\" alt=\"Spettacolo alla Reggia di Caserta con Fiorella Mannoia\" class=\"wp-image-15023\" srcset=\"https:\/\/www.parkingmycar.it\/blog\/wp-content\/uploads\/2026\/09\/PMC-Immagini-Blog-Fiorella-Mannoia-Reggia-Di-Caserta-2.jpg 600w, https:\/\/www.parkingmycar.it\/blog\/wp-content\/uploads\/2026\/09\/PMC-Immagini-Blog-Fiorella-Mannoia-Reggia-Di-Caserta-2-300x169.jpg 300w\" sizes=\"(max-width: 600px) 100vw, 600px\" \/><figcaption class=\"wp-element-caption\"><em>Immagine generata con intelligenza artificiale<\/em><\/figcaption><\/figure>\n<\/div>\n\n\n\n<div class=\"wp-block-column is-vertically-aligned-center is-layout-flow wp-block-column-is-layout-flow\">\n<p class=\"wp-block-paragraph\">Fiorella Mannoia ha scelto la Reggia di Caserta per la sua unica data campana. Capolavoro architettonico progettato da Luigi Vanvitelli e patrimonio UNESCO, \u00e8 una delle residenze reali pi\u00f9 imponenti al mondo: giardini, fontane scenografiche e prospettive monumentali fanno da cornice al palco di Piazza Carlo di Borbone.<\/p>\n<\/div>\n<\/div>\n\n\n\n<p class=\"wp-block-paragraph\">C&#8217;\u00e8 anche un motivo in pi\u00f9 per arrivare con calma. Con l&#8217;iniziativa <a href=\"https:\/\/reggiadicaserta.cultura.gov.it\/reggia-session-2026-biglietto-a-meta-prezzo-per-gli-spettatori-di-unestate-da-belvedere\/\" target=\"_blank\" rel=\"noreferrer noopener\">Reggia Session 2026<\/a>, chi assiste ai concerti della rassegna pu\u00f2 visitare l&#8217;intero Complesso vanvitelliano \u2014 Appartamenti Reali, Parco Reale e Giardino Inglese \u2014 a <strong>9 euro anzich\u00e9 18<\/strong>, nei tre giorni precedenti o successivi allo spettacolo. Basta esibire in biglietteria il biglietto nominativo del concerto e un documento d&#8217;identit\u00e0; la riduzione non \u00e8 cumulabile con altre agevolazioni.<\/p>\n\n\n\n<div style=\"height:30px\" aria-hidden=\"true\" class=\"wp-block-spacer\"><\/div>\n\n\n\n<h3 id=\"biglietti-concerto-fiorella-mannoia\" class=\"wp-block-heading\"><strong>Biglietti concerto Fiorella Mannoia<\/strong><\/h3>\n\n\n\n<p class=\"wp-block-paragraph\">I biglietti sono disponibili sul circuito ufficiale <a href=\"http:\/\/href=&quot;https:\/\/www.ticketone.it\/event\/fiorella-mannoia-fiorella-canta-fabrizio-e-ivano-anime-salve-reggia-di-caserta-21037484\/\" target=\"_blank\" rel=\"noreferrer noopener\">TicketOne<\/a> a partire da <strong>49,00 \u20ac<\/strong>, dove puoi verificare in tempo reale disponibilit\u00e0, settori e prezzi. L&#8217;acquisto \u00e8 limitato a un massimo di <strong>4 biglietti per cliente<\/strong>. Il tour \u00e8 prodotto da Friends &amp; Partners.<\/p>\n\n\n\n<div style=\"height:30px\" aria-hidden=\"true\" class=\"wp-block-spacer\"><\/div>\n\n\n\n<h3 id=\"scaletta-concerto\" class=\"wp-block-heading\"><strong>Scaletta concerto<\/strong><\/h3>\n\n\n\n<p class=\"wp-block-paragraph\">La scaletta di questo tour \u00e8 ormai consolidata: un percorso quasi interamente costruito sui repertori di De Andr\u00e9 e Fossati, con alcuni classici del repertorio di Fiorella nella parte finale. Questa \u00e8 la sequenza eseguita nelle ultime tappe \u2014 salvo variazioni dell&#8217;ultimo momento, \u00e8 quella che ti aspetta anche alla Reggia:<\/p>\n\n\n\n<ol style=\"font-style:italic;font-weight:400\" class=\"wp-block-list\">\n<li>Dolcenera<\/li>\n\n\n\n<li>Smisurata preghiera<\/li>\n\n\n\n<li>Prin\u00e7esa<\/li>\n\n\n\n<li>Khorakhan\u00e9<\/li>\n\n\n\n<li>La guerra di Piero<\/li>\n\n\n\n<li>C&#8217;\u00e8 tempo<\/li>\n\n\n\n<li>La canzone di Marinella<\/li>\n\n\n\n<li>L&#8217;uomo con i capelli da ragazzo<\/li>\n\n\n\n<li>Fiume Sand Creek<\/li>\n\n\n\n<li>Lindbergh<\/li>\n\n\n\n<li>Don Raffa\u00e8<\/li>\n\n\n\n<li>Lunaspina<\/li>\n\n\n\n<li>Amore che vieni, amore che vai<\/li>\n\n\n\n<li>Panama<\/li>\n\n\n\n<li>Mio fratello che guardi il mondo<\/li>\n\n\n\n<li>Bocca di rosa<\/li>\n\n\n\n<li>La mia banda suona il rock<\/li>\n\n\n\n<li>Il pescatore<\/li>\n\n\n\n<li>Anime salve<\/li>\n\n\n\n<li>Sally<\/li>\n\n\n\n<li>Eroi<\/li>\n\n\n\n<li>Mariposa<\/li>\n\n\n\n<li>Quello che le donne non dicono<\/li>\n<\/ol>\n\n\n\n<div style=\"height:30px\" aria-hidden=\"true\" class=\"wp-block-spacer\"><\/div>\n\n\n\n<h2 id=\"come-arrivare-alla-reggia-di-caserta\" class=\"wp-block-heading\"><strong>Come arrivare alla Reggia di Caserta<\/strong><\/h2>\n\n\n\n<p class=\"wp-block-paragraph\">La Reggia di Caserta si trova in una posizione strategica e ben collegata. Puoi raggiungerla:<\/p>\n\n\n\n<p class=\"wp-block-paragraph\"><strong>In treno<\/strong>: la stazione di Caserta dista pochi minuti a piedi dall&#8217;ingresso della Reggia. Una soluzione perfetta per ridurre traffico e stress, soprattutto in una serata con ZTL attiva.<\/p>\n\n\n\n<p class=\"wp-block-paragraph\"><strong>In auto<\/strong>: se scegli il comfort del viaggio in macchina, queste sono le principali uscite a seconda della tua provenienza:<\/p>\n\n\n\n<ul class=\"wp-block-list\">\n<li>Autostrada <strong>A1<\/strong> \u2013 uscita <strong>Caserta Nord<\/strong> (da Roma e da nord)<\/li>\n\n\n\n<li>Autostrada <strong>A30<\/strong> \u2013 uscita <strong>Caserta Sud<\/strong> (da Napoli, Salerno, Bari)<\/li>\n<\/ul>\n\n\n\n<p class=\"wp-block-paragraph\">Da qui segui le indicazioni per Caserta \/ Reggia. Per i collegamenti statali, se arrivi da nord-est puoi percorrere la <strong>SS87 Sannitica<\/strong>, mentre la <strong>SS7 Appia<\/strong> \u00e8 un&#8217;opzione valida da altre direzioni. Durante gli eventi il traffico pu\u00f2 essere intenso, quindi \u00e8 consigliato <strong>partire con anticipo<\/strong>.<\/p>\n\n\n\n<p class=\"wp-block-paragraph\">Trovi percorsi, ingressi e tutti i dettagli nella nostra <a href=\"https:\/\/www.parkingmycar.it\/blog\/come-arrivare-alla-reggia-di-caserta\/\" target=\"_blank\" rel=\"noreferrer noopener\">guida su come arrivare alla Reggia di Caserta<\/a>.<\/p>\n\n\n\n<div style=\"height:30px\" aria-hidden=\"true\" class=\"wp-block-spacer\"><\/div>\n\n\n\n<style>\n.pmc-fm-03-wrap{max-width:780px;font-family:inherit;color:#2e2e2e;margin:14px 0 22px;}\n.pmc-fm-03-box{background:#f8fafc;border:1px solid #cbd5e1;border-left:4px solid #fc8031;border-radius:8px;padding:14px 18px;display:flex;align-items:center;gap:14px;}\n.pmc-fm-03-icon{width:36px;height:36px;background:#fc8031;border-radius:50%;display:flex;align-items:center;justify-content:center;color:#ffffff;flex-shrink:0;}\n.pmc-fm-03-icon svg{width:18px;height:18px;}\n.pmc-fm-03-content{flex:1;min-width:0;}\n.pmc-fm-03-label{font-size:11px;font-weight:600;color:#fc8031;text-transform:uppercase;letter-spacing:0.6px;margin-bottom:2px;}\n.pmc-fm-03-text{font-size:14px;line-height:1.55;color:#2e2e2e;margin:0;}\n.pmc-fm-03-text strong{font-weight:600;}\n@media (max-width:600px){.pmc-fm-03-box{padding:14px;gap:12px;}}\n<\/style>\n<div class=\"pmc-fm-03-wrap\">\n  <div class=\"pmc-fm-03-box\">\n    <div class=\"pmc-fm-03-icon\"><svg viewbox=\"0 0 24 24\" fill=\"none\" stroke=\"currentColor\" stroke-width=\"2\" stroke-linecap=\"round\" stroke-linejoin=\"round\"><path d=\"M5 17h14\"><\/path><path d=\"M5 17v-5l2-5h10l2 5v5\"><\/path><path d=\"M5 17v2\"><\/path><path d=\"M19 17v2\"><\/path><circle cx=\"8\" cy=\"15\" r=\"1\"><\/circle><circle cx=\"16\" cy=\"15\" r=\"1\"><\/circle><\/svg><\/div>\n    <div class=\"pmc-fm-03-content\">\n      <div class=\"pmc-fm-03-label\">In sintesi<\/div>\n      <p class=\"pmc-fm-03-text\">Uscita <strong>Caserta Nord<\/strong> (A1) o <strong>Caserta Sud<\/strong> (A30), poi indicazioni per Caserta \/ Reggia. Parti con anticipo: nel giorno del concerto il traffico aumenta.<\/p>\n    <\/div>\n  <\/div>\n<\/div>\n\n\n\n<div style=\"height:50px\" aria-hidden=\"true\" class=\"wp-block-spacer\"><\/div>\n\n\n\n<h2 id=\"parcheggi-per-il-concerto-di-fiorella-mannoia-alla-reggia-di-caserta\" class=\"wp-block-heading\"><strong>Parcheggi per il concerto di Fiorella Mannoia alla Reggia di Caserta<\/strong><\/h2>\n\n\n\n<p class=\"wp-block-paragraph\">La Reggia di Caserta non dispone di un parcheggio dedicato ai visitatori, ma nelle vicinanze ci sono diverse soluzioni a pagamento. Nelle serate dei grandi concerti, per\u00f2, la sosta selvaggia \u00e8 sempre dietro l&#8217;angolo: meglio non lasciare nulla al caso.<\/p>\n\n\n\n<div style=\"height:30px\" aria-hidden=\"true\" class=\"wp-block-spacer\"><\/div>\n\n\n\n<style>\n.pmc-fm-warn-wrap{max-width:100%;font-family:inherit;margin:18px 0 24px;}\n.pmc-fm-warn-box{background:#fffbeb;border:1px solid #fcd34d;border-left:4px solid #f59e0b;border-radius:8px;padding:16px 20px;display:flex;gap:14px;align-items:flex-start;}\n.pmc-fm-warn-icon{width:24px;height:24px;color:#f59e0b;flex-shrink:0;margin-top:1px;}\n.pmc-fm-warn-content{flex:1;min-width:0;}\n.pmc-fm-warn-label{font-size:11px;font-weight:600;text-transform:uppercase;letter-spacing:0.6px;color:#b45309;margin-bottom:4px;}\n.pmc-fm-warn-text{font-size:14px;line-height:1.6;color:#2e2e2e;margin:0;}\n.pmc-fm-warn-text a{color:#b45309 !important;text-decoration:underline !important;font-weight:600;}\n.pmc-fm-warn-text a:hover,.pmc-fm-warn-text a:focus,.pmc-fm-warn-text a:visited{color:#92400e !important;text-decoration:underline !important;}\n@media (max-width:600px){.pmc-fm-warn-box{padding:14px 16px;gap:12px;}}\n<\/style>\n<div class=\"pmc-fm-warn-wrap\">\n  <div class=\"pmc-fm-warn-box\">\n    <svg class=\"pmc-fm-warn-icon\" viewbox=\"0 0 24 24\" fill=\"none\" stroke=\"currentColor\" stroke-width=\"2\" stroke-linecap=\"round\" stroke-linejoin=\"round\"><path d=\"M10.29 3.86 1.82 18a2 2 0 0 0 1.71 3h16.94a2 2 0 0 0 1.71-3L13.71 3.86a2 2 0 0 0-3.42 0z\"><\/path><line x1=\"12\" y1=\"9\" x2=\"12\" y2=\"13\"><\/line><line x1=\"12\" y1=\"17\" x2=\"12.01\" y2=\"17\"><\/line><\/svg>\n    <div class=\"pmc-fm-warn-content\">\n      <div class=\"pmc-fm-warn-label\">Attenzione ai parcheggiatori abusivi<\/div>\n      <p class=\"pmc-fm-warn-text\">Durante i concerti alla Reggia il fenomeno della sosta selvaggia &egrave; concreto: <a href=\"https:\/\/www.ilmattino.it\/caserta\/caserta_parcheggiatori_abusivi_al_concerto_di_gigi_d_alessio_abbiamo_pagato_20_euro_e_l_auto_e_stata_danneggiata-9584103.html\" target=\"_blank\" rel=\"noopener nofollow\">durante le serate di Gigi D&rsquo;Alessio alcuni spettatori hanno pagato 20&nbsp;euro a parcheggiatori abusivi ritrovandosi l&rsquo;auto danneggiata<\/a>. Prenotando un posto in una struttura privata eviti rischi, sovrapprezzi e brutte sorprese al ritorno.<\/p>\n    <\/div>\n  <\/div>\n<\/div>\n\n\n\n<div style=\"height:50px\" aria-hidden=\"true\" class=\"wp-block-spacer\"><\/div>\n\n\n\n<h3 id=\"viabilita-e-sosta-la-sera-del-7-settembre\" class=\"wp-block-heading\"><strong>Viabilit\u00e0 e sosta la sera del 7 settembre<\/strong><\/h3>\n\n\n\n<ul class=\"wp-block-list\">\n<li>Nelle serate della Reggia Session il Comune attiva la <strong>ZTL in modo continuativo<\/strong> ai varchi di via Gasparri e corso Trieste, con accesso consentito ai soli residenti e dimoranti autorizzati.<\/li>\n\n\n\n<li>Scatta il <strong>divieto assoluto di sosta e fermata su corso Trieste<\/strong>, nel tratto tra piazza Gramsci e piazza Dante. Le misure valgono in genere dalle 12:00 fino alle 3:00 del mattino successivo.<\/li>\n\n\n\n<li>Il 7 settembre \u00e8 un <strong>luned\u00ec<\/strong>, e qui sta l&#8217;insidia: nei giorni feriali il varco di corso Trieste \u00e8 normalmente attivo solo in fascia diurna, quindi chi conosce il centro pu\u00f2 aspettarsi di trovarlo libero la sera. Con l&#8217;ordinanza per il concerto <strong>non \u00e8 cos\u00ec<\/strong>: la limitazione resta attiva per tutta la serata e fino a notte.<\/li>\n\n\n\n<li>Il <strong>parcheggio interrato sotto piazza Carlo di Borbone<\/strong> \u00e8 la soluzione pi\u00f9 citata online, ma in occasione dei grandi concerti \u00e8 gi\u00e0 stato chiuso in passato. Non darlo per scontato.<\/li>\n<\/ul>\n\n\n\n<p class=\"wp-block-paragraph\">Le tre strutture qui sotto si trovano su via Roma e in piazza Matteotti, <strong>fuori dal perimetro dei varchi ZTL<\/strong>: ci arrivi e riparti senza attraversare l&#8217;area interdetta.<\/p>\n\n\n\n<p class=\"wp-block-paragraph\">Vuoi evitare giri a vuoto, stress e brutte sorprese? Su ParkingMyCar trovi <a href=\"https:\/\/www.parkingmycar.it\/parcheggio-reggia-caserta\" target=\"_blank\" rel=\"noreferrer noopener\"><strong>parcheggi in struttura vicino alla Reggia di Caserta<\/strong><\/a> coperti o scoperti, prenotabili online e pronti ad accogliere la tua auto mentre ti godi l&#8217;evento. Tra le soluzioni consigliate:<\/p>\n\n\n\n<div style=\"height:30px\" aria-hidden=\"true\" class=\"wp-block-spacer\"><\/div>\n\n\n\n<style>\n.pmc-fm-04-wrap{max-width:100%;font-family:inherit;color:#2e2e2e;margin:24px 0 20px;scroll-margin-top:80px;}\n.pmc-fm-04-box{background:#fff7ed;border:1px solid #fc8031;border-radius:12px;padding:24px;}\n.pmc-fm-04-head{display:flex;align-items:center;gap:12px;margin-bottom:12px;}\n.pmc-fm-04-head svg{width:28px;height:28px;color:#fc8031;flex-shrink:0;}\n.pmc-fm-04-title{font-size:19px;font-weight:600;color:#2e2e2e;margin:0;}\n.pmc-fm-04-intro{font-size:15px;line-height:1.65;color:#2e2e2e;margin:0 0 18px;}\n.pmc-fm-04-intro a{color:#fc8031 !important;text-decoration:underline !important;}\n.pmc-fm-04-options{display:grid;grid-template-columns:repeat(3,1fr);gap:14px;}\n.pmc-fm-04-option{background:#ffffff;border:1px solid #cbd5e1;border-radius:8px;padding:16px;display:flex;flex-direction:column;}\n.pmc-fm-04-opt-title{font-size:16px;font-weight:600;margin:0 0 4px;color:#2e2e2e;}\n.pmc-fm-04-tag{display:inline-block;font-size:11px;font-weight:600;color:#fc8031;text-transform:uppercase;letter-spacing:0.5px;margin-bottom:10px;}\n.pmc-fm-04-feature{font-size:13px;color:#475569;line-height:1.55;margin:0 0 14px;flex:1;display:flex;align-items:flex-start;gap:6px;}\n.pmc-fm-04-feature svg{width:14px;height:14px;color:#fc8031;flex-shrink:0;margin-top:3px;}\n.pmc-fm-04-btn{display:inline-block !important;font-size:14px !important;color:#ffffff !important;background:#fc8031 !important;padding:10px 16px !important;border-radius:6px !important;text-decoration:none !important;font-weight:600 !important;text-align:center;border:none;}\n.pmc-fm-04-btn:hover,.pmc-fm-04-btn:focus,.pmc-fm-04-btn:visited{color:#ffffff !important;background:#e36e1f !important;text-decoration:none !important;}\n.pmc-fm-04-opt-title-link{color:#2e2e2e !important;text-decoration:none !important;}\n.pmc-fm-04-opt-title-link:hover,.pmc-fm-04-opt-title-link:focus,.pmc-fm-04-opt-title-link:visited{color:#2e2e2e !important;text-decoration:none !important;}\n@media (max-width:781px){.pmc-fm-04-options{grid-template-columns:1fr;}}\n@media (max-width:600px){.pmc-fm-04-box{padding:20px;}}\n<\/style>\n<div class=\"pmc-fm-04-wrap\" id=\"parcheggi\">\n  <div class=\"pmc-fm-04-box\">\n    <div class=\"pmc-fm-04-head\">\n      <svg viewbox=\"0 0 24 24\" fill=\"none\" stroke=\"currentColor\" stroke-width=\"2\" stroke-linecap=\"round\" stroke-linejoin=\"round\"><rect x=\"3\" y=\"3\" width=\"18\" height=\"18\" rx=\"2\"><\/rect><path d=\"M9 17V7h4a3 3 0 010 6H9\"><\/path><\/svg>\n      <h3 class=\"pmc-fm-04-title\">Parcheggi consigliati vicino alla Reggia<\/h3>\n    <\/div>\n    <p class=\"pmc-fm-04-intro\">La Reggia non dispone di un parcheggio dedicato ai visitatori. Su <a href=\"https:\/\/www.parkingmycar.it\/parcheggio-reggia-caserta\" target=\"_blank\" rel=\"noopener\">ParkingMyCar<\/a> trovi posti disponibili nella data del concerto. Ecco tre strutture private prenotabili online, tutte fuori dal perimetro dei varchi ZTL:<\/p>\n    <div class=\"pmc-fm-04-options\">\n      <div class=\"pmc-fm-04-option\">\n        <h3 class=\"pmc-fm-04-opt-title\"><a href=\"https:\/\/www.parkingmycar.it\/parcheggio-caserta-centro\/park-in\" target=\"_blank\" rel=\"noopener\" class=\"pmc-fm-04-opt-title-link\">Park-In<\/a><\/h3>\n        <div class=\"pmc-fm-04-tag\">Coperto<\/div>\n        <div class=\"pmc-fm-04-feature\">\n          <svg viewbox=\"0 0 24 24\" fill=\"none\" stroke=\"currentColor\" stroke-width=\"2\" stroke-linecap=\"round\" stroke-linejoin=\"round\"><path d=\"M12 22s8-4 8-10V5l-8-3-8 3v7c0 6 8 10 8 10z\"><\/path><polyline points=\"9 12 11 14 15 10\"><\/polyline><\/svg>\n          <span><strong>Videosorvegliato<\/strong>, con apertura estesa fino all&rsquo;01:30 in occasione degli eventi alla Reggia.<\/span>\n        <\/div>\n        <a href=\"https:\/\/www.parkingmycar.it\/parcheggio-caserta-centro\/park-in\" target=\"_blank\" rel=\"noopener\" class=\"pmc-fm-04-btn\">Verifica disponibilit&agrave;<\/a>\n      <\/div>\n      <div class=\"pmc-fm-04-option\">\n        <h3 class=\"pmc-fm-04-opt-title\"><a href=\"https:\/\/www.parkingmycar.it\/parcheggio-stazione-caserta\/quick-mercato\" target=\"_blank\" rel=\"noopener\" class=\"pmc-fm-04-opt-title-link\">Quick Mercato<\/a><\/h3>\n        <div class=\"pmc-fm-04-tag\">Scoperto<\/div>\n        <div class=\"pmc-fm-04-feature\">\n          <svg viewbox=\"0 0 24 24\" fill=\"none\" stroke=\"currentColor\" stroke-width=\"2\" stroke-linecap=\"round\" stroke-linejoin=\"round\"><circle cx=\"12\" cy=\"12\" r=\"10\"><\/circle><path d=\"M12 6v6l4 2\"><\/path><path d=\"M8 2l-2 2\"><\/path><path d=\"M16 2l2 2\"><\/path><\/svg>\n          <span><strong>Aperto h24<\/strong> con sistema automatizzato di entrata e uscita.<\/span>\n        <\/div>\n        <a href=\"https:\/\/www.parkingmycar.it\/parcheggio-stazione-caserta\/quick-mercato\" target=\"_blank\" rel=\"noopener\" class=\"pmc-fm-04-btn\">Verifica disponibilit&agrave;<\/a>\n      <\/div>\n      <div class=\"pmc-fm-04-option\">\n        <h3 class=\"pmc-fm-04-opt-title\"><a href=\"https:\/\/www.parkingmycar.it\/parcheggio-caserta-centro\/ezio-garage\" class=\"pmc-fm-04-opt-title-link\">Ezio Garage<\/a><\/h3>\n        <div class=\"pmc-fm-04-tag\">Coperto<\/div>\n        <div class=\"pmc-fm-04-feature\">\n          <svg viewbox=\"0 0 24 24\" fill=\"none\" stroke=\"currentColor\" stroke-width=\"2\" stroke-linecap=\"round\" stroke-linejoin=\"round\"><circle cx=\"12\" cy=\"12\" r=\"10\"><\/circle><polyline points=\"12 6 12 12 16 14\"><\/polyline><\/svg>\n          <span>Nelle serate dei concerti, <strong>apertura estesa fino alle 01:30<\/strong>; ammessi metano e GPL.<\/span>\n        <\/div>\n        <a href=\"https:\/\/www.parkingmycar.it\/parcheggio-caserta-centro\/ezio-garage\" class=\"pmc-fm-04-btn\">Verifica disponibilit&agrave;<\/a>\n      <\/div>\n    <\/div>\n  <\/div>\n<\/div>\n\n\n\n<div style=\"height:50px\" aria-hidden=\"true\" class=\"wp-block-spacer\"><\/div>\n\n\n\n<h2 id=\"domande-frequenti\" class=\"wp-block-heading\"><strong>Domande frequenti<\/strong><\/h2>\n\n\n<div id=\"rank-math-faq\" class=\"rank-math-block\">\n<div class=\"rank-math-list \">\n<div id=\"faq-question-1788531050729\" class=\"rank-math-list-item\">\n<h3 class=\"rank-math-question \"><strong>Dove posso parcheggiare per il concerto di Fiorella Mannoia alla Reggia di Caserta?<\/strong><\/h3>\n<div class=\"rank-math-answer \">\n\n<p>La Reggia non ha un parcheggio dedicato. Su <a href=\"https:\/\/www.parkingmycar.it\/parcheggio-reggia-caserta\" target=\"_blank\" rel=\"noopener\">ParkingMyCar<\/a> puoi prenotare online un posto in struttura vicino a Piazza Carlo di Borbone: tra le opzioni Park-In (coperto, apertura estesa fino all&#8217;01:30), Quick Mercato (scoperto, aperto h24) ed Ezio Garage (coperto, apertura estesa fino all&#8217;01:30 nelle serate dei concerti). Tutte e tre si trovano fuori dal perimetro dei varchi ZTL.<\/p>\n\n<\/div>\n<\/div>\n<div id=\"faq-question-1788531821040\" class=\"rank-math-list-item\">\n<h3 class=\"rank-math-question \"><strong>A che ora inizia il concerto di Fiorella Mannoia alla Reggia di Caserta?<\/strong><\/h3>\n<div class=\"rank-math-answer \">\n\n<p>Lo spettacolo \u00e8 previsto per le ore 21:00 di luned\u00ec 7 settembre 2026, in Piazza Carlo di Borbone. L&#8217;orario di accesso \u00e8 indicato sul biglietto: controllalo prima di partire.<\/p>\n\n<\/div>\n<\/div>\n<div id=\"faq-question-1788531821821\" class=\"rank-math-list-item\">\n<h3 class=\"rank-math-question \"><strong>Quanto costano i biglietti per Fiorella Mannoia alla Reggia di Caserta?<\/strong><\/h3>\n<div class=\"rank-math-answer \">\n\n<p>I biglietti sono disponibili su TicketOne a partire da 49,00 \u20ac, dove puoi verificare settori e disponibilit\u00e0 in tempo reale. L&#8217;acquisto \u00e8 limitato a un massimo di 4 biglietti per cliente.<\/p>\n\n<\/div>\n<\/div>\n<div id=\"faq-question-1788531822735\" class=\"rank-math-list-item\">\n<h3 class=\"rank-math-question \"><strong>Ci sono limitazioni al traffico la sera del concerto?<\/strong><\/h3>\n<div class=\"rank-math-answer \">\n\n<p>S\u00ec. Nelle serate della Reggia Session il Comune di Caserta attiva la ZTL in modo continuativo ai varchi di via Gasparri e corso Trieste e istituisce il divieto di sosta e fermata su corso Trieste tra piazza Gramsci e piazza Dante, in genere dalle 12:00 alle 3:00 del mattino successivo. Trattandosi di un luned\u00ec, la limitazione serale \u00e8 straordinaria e non coincide con l&#8217;orario ordinario dei varchi: meglio arrivare con un posto gi\u00e0 prenotato in una struttura fuori dal perimetro ZTL.<\/p>\n\n<\/div>\n<\/div>\n<\/div>\n<\/div>\n\n\n<div style=\"height:30px\" aria-hidden=\"true\" class=\"wp-block-spacer\"><\/div>\n\n\n\n<h2 id=\"fiorella-mannoia-live-alla-reggia-di-caserta-conclusioni\" class=\"wp-block-heading\"><strong>Fiorella Mannoia live alla Reggia di Caserta: conclusioni<\/strong><\/h2>\n\n\n\n<p class=\"wp-block-paragraph\">Il concerto di Fiorella Mannoia alla Reggia di Caserta \u00e8 una di quelle serate da vivere fino all&#8217;ultima nota: le canzoni di De Andr\u00e9 e Fossati, una voce che le ha attraversate per una carriera intera e la facciata vanvitelliana illuminata alle spalle del palco. E il posto auto? Puoi riservarlo subito dal nostro sito o dall&#8217;<strong>app ParkingMyCar<\/strong> (<a href=\"https:\/\/play.google.com\/store\/apps\/details?id=it.parkingmycar.parkingmyapp&amp;referrer=utm_source=pmc&amp;utm_medium=blog&amp;utm_content=post&amp;utm_campaign=IT-IT_PMC_C_APP_Android_Blog-post\" target=\"_blank\" rel=\"noreferrer noopener\"><strong>Android<\/strong><\/a>, <strong><a href=\"https:\/\/apps.apple.com\/app\/apple-store\/id1613368206?pt=123732674&amp;ct=IT-IT_PMC_C_APP_iOS_Blog-post&amp;mt=8\" target=\"_blank\" rel=\"noreferrer noopener\">iOS<\/a><\/strong>).<\/p>\n\n\n\n<div style=\"height:30px\" aria-hidden=\"true\" class=\"wp-block-spacer\"><\/div>\n\n\n\n<style>\n.pmc-fm-07-wrap{max-width:100%;font-family:inherit;color:#2e2e2e;margin:28px 0 24px;}\n.pmc-fm-07-box{background:#f8fafc;border:1px solid #cbd5e1;border-radius:12px;padding:22px 24px;display:flex;align-items:center;gap:20px;}\n.pmc-fm-07-icon{width:52px;height:52px;background:#fc8031;border-radius:50%;display:flex;align-items:center;justify-content:center;color:#ffffff;flex-shrink:0;}\n.pmc-fm-07-icon svg{width:26px;height:26px;}\n.pmc-fm-07-content{flex:1;min-width:0;}\n.pmc-fm-07-title{font-size:17px;font-weight:600;margin:0 0 4px;color:#2e2e2e;}\n.pmc-fm-07-text{font-size:14px;line-height:1.55;color:#475569;margin:0;}\n.pmc-fm-07-btn{display:inline-block !important;font-size:14px !important;color:#ffffff !important;background:#fc8031 !important;padding:11px 20px !important;border-radius:6px !important;text-decoration:none !important;font-weight:600 !important;white-space:nowrap;flex-shrink:0;}\n.pmc-fm-07-btn:hover,.pmc-fm-07-btn:focus,.pmc-fm-07-btn:visited{color:#ffffff !important;background:#e36e1f !important;text-decoration:none !important;}\n@media (max-width:600px){.pmc-fm-07-box{flex-direction:column;align-items:flex-start;padding:20px;gap:14px;}.pmc-fm-07-btn{width:100%;text-align:center;}}\n<\/style>\n<div class=\"pmc-fm-07-wrap\">\n  <div class=\"pmc-fm-07-box\">\n    <div class=\"pmc-fm-07-icon\">\n      <svg viewbox=\"0 0 24 24\" fill=\"none\" stroke=\"currentColor\" stroke-width=\"2\" stroke-linecap=\"round\" stroke-linejoin=\"round\"><rect x=\"3\" y=\"3\" width=\"18\" height=\"18\" rx=\"2\"><\/rect><path d=\"M9 17V7h4a3 3 0 010 6H9\"><\/path><\/svg>\n    <\/div>\n    <div class=\"pmc-fm-07-content\">\n      <p class=\"pmc-fm-07-title\">Goditi il concerto, al parcheggio pensiamo noi<\/p>\n      <p class=\"pmc-fm-07-text\">Prenota in pochi clic il tuo posto vicino alla Reggia di Caserta e vivi la serata senza pensieri.<\/p>\n    <\/div>\n    <a href=\"https:\/\/www.parkingmycar.it\/parcheggio-reggia-caserta\" target=\"_blank\" rel=\"noopener\" class=\"pmc-fm-07-btn\">Prenota il parcheggio<\/a>\n  <\/div>\n<\/div>\n\n\n\n<div style=\"height:50px\" aria-hidden=\"true\" class=\"wp-block-spacer\"><\/div>\n\n\n\n<p class=\"wp-block-paragraph\"><\/p>\n","protected":false},"excerpt":{"rendered":"<p>Trent&#8217;anni fa usciva Anime Salve, ultimo lavoro in studio di Fabrizio De Andr\u00e9, scritto insieme a Ivano Fossati. Fiorella Mannoia lo riporta dal vivo con \u00abFiorella canta Fabrizio e Ivano: Anime Salve\u00bb<\/p>\n","protected":false},"author":3,"featured_media":15022,"comment_status":"closed","ping_status":"closed","sticky":false,"template":"","format":"standard","meta":{"footnotes":""},"categories":[6],"tags":[130,131,127,41,60],"class_list":["post-15018","post","type-post","status-publish","format-standard","has-post-thumbnail","hentry","category-eventi-esperienze","tag-ai-act","tag-ai-act-2","tag-caserta","tag-musica-live","tag-parcheggi-citta","infinite-scroll-item","generate-columns","tablet-grid-50","mobile-grid-100","grid-parent","grid-50"],"_links":{"self":[{"href":"https:\/\/www.parkingmycar.it\/blog\/wp-json\/wp\/v2\/posts\/15018","targetHints":{"allow":["GET"]}}],"collection":[{"href":"https:\/\/www.parkingmycar.it\/blog\/wp-json\/wp\/v2\/posts"}],"about":[{"href":"https:\/\/www.parkingmycar.it\/blog\/wp-json\/wp\/v2\/types\/post"}],"author":[{"embeddable":true,"href":"https:\/\/www.parkingmycar.it\/blog\/wp-json\/wp\/v2\/users\/3"}],"replies":[{"embeddable":true,"href":"https:\/\/www.parkingmycar.it\/blog\/wp-json\/wp\/v2\/comments?post=15018"}],"version-history":[{"count":4,"href":"https:\/\/www.parkingmycar.it\/blog\/wp-json\/wp\/v2\/posts\/15018\/revisions"}],"predecessor-version":[{"id":15028,"href":"https:\/\/www.parkingmycar.it\/blog\/wp-json\/wp\/v2\/posts\/15018\/revisions\/15028"}],"wp:featuredmedia":[{"embeddable":true,"href":"https:\/\/www.parkingmycar.it\/blog\/wp-json\/wp\/v2\/media\/15022"}],"wp:attachment":[{"href":"https:\/\/www.parkingmycar.it\/blog\/wp-json\/wp\/v2\/media?parent=15018"}],"wp:term":[{"taxonomy":"category","embeddable":true,"href":"https:\/\/www.parkingmycar.it\/blog\/wp-json\/wp\/v2\/categories?post=15018"},{"taxonomy":"post_tag","embeddable":true,"href":"https:\/\/www.parkingmycar.it\/blog\/wp-json\/wp\/v2\/tags?post=15018"}],"curies":[{"name":"wp","href":"https:\/\/api.w.org\/{rel}","templated":true}]}}