{"id":3760,"date":"2024-08-05T09:00:00","date_gmt":"2024-08-05T07:00:00","guid":{"rendered":"https:\/\/www.parkingmycar.it\/blog\/?p=3760"},"modified":"2026-02-24T11:37:09","modified_gmt":"2026-02-24T10:37:09","slug":"vacanze-in-treno-mete-consigli","status":"publish","type":"post","link":"https:\/\/www.parkingmycar.it\/blog\/vacanze-in-treno-mete-consigli\/","title":{"rendered":"Vacanze in treno verso le capitali europee: mete e consigli di viaggio"},"content":{"rendered":"\n<div class=\"wp-block-rank-math-toc-block\" id=\"rank-math-toc\"><p><strong>In questo articolo:<\/strong><\/p><nav><ul><li class=\"\"><a href=\"#vacanza-in-treno-l-europa-a-due-passi-da-casa\">Vacanza in treno: l\u2019Europa a due passi da casa<\/a><ul><li class=\"\"><a href=\"#1-treno-milano-parigi-parigi-milano-un-viaggio-romantico-vivace-emozionante\">1) Treno Milano Parigi, Parigi Milano: un viaggio romantico, vivace, emozionante<\/a><ul><\/ul><\/li><li class=\"\"><a href=\"#2-treno-milano-zurigo-zurigo-milano-scopri-la-svizzera-con-il-collegamento-diretto\">2) Treno Milano Zurigo, Zurigo Milano: scopri la Svizzera con il collegamento diretto<\/a><ul><\/ul><\/li><li class=\"\"><a href=\"#3-treno-milano-monaco-monaco-milano-viaggio-al-centro-della-baviera\">3) Treno Milano Monaco, Monaco Milano: viaggio al centro della Baviera<\/a><ul><\/ul><\/li><li class=\"\"><a href=\"#4-viaggio-breve-emozioni-indelebili-treno-milano-vienna\">4) Viaggio breve, emozioni indelebili: treno Milano Vienna<\/a><ul><\/ul><\/li><li class=\"\"><a href=\"#5-viaggio-con-il-treno-in-direzione-slovenia-tempo-libero-cultura-natura\">5) Viaggio con il treno in direzione Slovenia: tempo libero, cultura, natura<\/a><ul><\/ul><\/li><\/ul><\/li><li class=\"\"><a href=\"#vacanze-treno-il-fascino-del-viaggio-lento\">Vacanze treno: il fascino del viaggio lento<\/a><\/li><li class=\"\"><a href=\"#sostenibilita-e-comfort-il-treno-come-mezzo-del-futuro\">Sostenibilit\u00e0 e comfort: il treno come mezzo del futuro<\/a><\/li><li class=\"\"><a href=\"#vacanze-in-treno-per-tutti-scegli-la-meta-e-organizza-un-viaggio-su-misura\">Vacanze in treno per tutti, scegli la meta e organizza un viaggio su misura<\/a><\/li><\/ul><\/nav><\/div>\n\n\n\n<div style=\"height:50px\" aria-hidden=\"true\" class=\"wp-block-spacer\"><\/div>\n\n\n\n<p>Le vacanze in treno sono sempre pi\u00f9 apprezzate in Italia, vuoi per la possibilit\u00e0 che offrono di spostarsi senza stress, godendosi il viaggio, vuoi per l\u2019ecosostenibilit\u00e0 della scelta. Con linee veloci e treni come <em>Eurocity <\/em>ed <em>Euronight <\/em>di Trenitalia \u00e8 possibile visitare le pi\u00f9 belle Capitali d\u2019Europa in maniera conveniente, in totale comodit\u00e0, ammirando il panorama e rivivendo il fascino senza tempo del trasporto su rotaia.&nbsp;<\/p>\n\n\n\n<div style=\"height:30px\" aria-hidden=\"true\" class=\"wp-block-spacer\"><\/div>\n\n\n\n<h2 class=\"wp-block-heading\" id=\"vacanza-in-treno-l-europa-a-due-passi-da-casa\"><strong>Vacanza in treno: l\u2019Europa a due passi da casa<\/strong><\/h2>\n\n\n\n<div style=\"height:10px\" aria-hidden=\"true\" class=\"wp-block-spacer\"><\/div>\n\n\n\n<p>Vuoi sapere <strong>dove andare in vacanza in treno in Europa?<\/strong> Ci sono numerose opzioni per viaggiare in treno dall&#8217;Italia verso varie destinazioni europee, tra cui Vienna, Parigi, Monaco, Zurigo, Amsterdam e altre ancora. Scopriamo pi\u00f9 dettagli.&nbsp;<\/p>\n\n\n\n<div style=\"height:30px\" aria-hidden=\"true\" class=\"wp-block-spacer\"><\/div>\n\n\n\n<h3 class=\"wp-block-heading\" id=\"1-treno-milano-parigi-parigi-milano-un-viaggio-romantico-vivace-emozionante\">1) <strong>Treno Milano Parigi, Parigi Milano: un viaggio romantico, vivace, emozionante<\/strong><\/h3>\n\n\n\n<div style=\"height:10px\" aria-hidden=\"true\" class=\"wp-block-spacer\"><\/div>\n\n\n\n<p>Capolavoro di arte, storia e cultura, ogni angolo di <strong>Parigi<\/strong> racconta una storia piena di incanto. La Capitale francese offre esperienze di ogni genere; tra musei di fama internazionale, come il <em>Louvre<\/em>,e pause ristoro negli splendidi caff\u00e8 lungo la Senna, questa destinazione ti regaler\u00e0 emozioni indimenticabili. Mentre ti avvicinerai a Parigi, il paesaggio che cambia fuori dal finestrino, trasformer\u00e0 i tuoi attimi di relax in stupore.<\/p>\n\n\n\n<div style=\"height:30px\" aria-hidden=\"true\" class=\"wp-block-spacer\"><\/div>\n\n\n\n<h4 class=\"wp-block-heading\" id=\"raggiungi-parigi-con-trenitalia-e-snfc\"><strong>Raggiungi Parigi con Trenitalia e SNFC<\/strong><\/h4>\n\n\n\n<div style=\"height:10px\" aria-hidden=\"true\" class=\"wp-block-spacer\"><\/div>\n\n\n<div class=\"wp-block-image\">\n<figure class=\"alignleft size-full\"><img decoding=\"async\" width=\"600\" height=\"338\" src=\"https:\/\/www.parkingmycar.it\/blog\/wp-content\/uploads\/2024\/08\/Parigi-dal-treno.jpg\" alt=\"Vacanze in treno destinazione Parigi\" class=\"wp-image-3772\" srcset=\"https:\/\/www.parkingmycar.it\/blog\/wp-content\/uploads\/2024\/08\/Parigi-dal-treno.jpg 600w, https:\/\/www.parkingmycar.it\/blog\/wp-content\/uploads\/2024\/08\/Parigi-dal-treno-300x169.jpg 300w\" sizes=\"(max-width: 600px) 100vw, 600px\" \/><\/figure>\n<\/div>\n\n\n<p>Puoi raggiungere Parigi usufruendo di uno dei collegamenti per<strong> Parigi Gare de Lyon da Milano Centrale<\/strong>, puntando direttamente alla Capitale, oppure approfittare per programmare delle tappe intermedie in Svizzera, in citt\u00e0 come Zurigo, Lugano, Losanna, Ginevra<em>.&nbsp;<\/em><\/p>\n\n\n\n<p>Negli ultimi tempi ci sono state delle modifiche alla visibilit\u00e0 ferroviaria. Sei sul punto di partire? Scopri come arrivare a Parigi in treno e prendi visione delle opzioni e degli ultimi aggiornamenti di viaggio cliccando sui seguenti link:<\/p>\n\n\n\n<ul class=\"wp-block-list\">\n<li><a href=\"https:\/\/www.trenitalia.com\/it\/frecciarossa\/collegamenti-frecciarossa\/il-frecciarossa-arriva-a-parigi.html\" target=\"_blank\" rel=\"noreferrer noopener\">Frecciarossa Milano &#8211; Parigi<\/a><\/li>\n\n\n\n<li><a href=\"https:\/\/www.sncf-connect.com\/it-it\/\" target=\"_blank\" title=\"Sito SNCF Connect\" rel=\"noreferrer noopener\">Biglietti treno per Francia e Europa sul sito di SNCF Connect<\/a><\/li>\n<\/ul>\n\n\n\n<p>Parigi \u00e8 solo una delle tante tappe del tuo viaggio in treno lungo l&#8217;Europa? Allora ti interesser\u00e0 sapere che da qui potrai salire a bordo di uno dei collegamenti diretti verso la Spagna, sfruttando le tratte<strong>&nbsp;Parigi &#8211; Madrid<\/strong>, <strong>Parigi &#8211; Barcellona<\/strong> o <strong>Parigi &#8211; Valencia.<\/strong><\/p>\n\n\n\n<div style=\"height:30px\" aria-hidden=\"true\" class=\"wp-block-spacer\"><\/div>\n\n\n\n<h3 class=\"wp-block-heading\" id=\"2-treno-milano-zurigo-zurigo-milano-scopri-la-svizzera-con-il-collegamento-diretto\">2) <strong>Treno Milano Zurigo, Zurigo Milano: scopri la Svizzera con il collegamento diretto<\/strong><\/h3>\n\n\n\n<div style=\"height:10px\" aria-hidden=\"true\" class=\"wp-block-spacer\"><\/div>\n\n\n<div class=\"wp-block-image\">\n<figure class=\"alignleft size-full\"><img decoding=\"async\" width=\"600\" height=\"338\" src=\"https:\/\/www.parkingmycar.it\/blog\/wp-content\/uploads\/2024\/08\/Zurigo.jpg\" alt=\"Zurigo vista dall'alto\" class=\"wp-image-3774\" srcset=\"https:\/\/www.parkingmycar.it\/blog\/wp-content\/uploads\/2024\/08\/Zurigo.jpg 600w, https:\/\/www.parkingmycar.it\/blog\/wp-content\/uploads\/2024\/08\/Zurigo-300x169.jpg 300w\" sizes=\"(max-width: 600px) 100vw, 600px\" \/><figcaption class=\"wp-element-caption\"><em>Zurigo<\/em><\/figcaption><\/figure>\n<\/div>\n\n\n<p>Chiudi gli occhi e immagina di esplorare strade, edifici storici, chiese e caff\u00e8. Di immergerti nell\u2019arte, nella natura, nella storia e nella quotidianit\u00e0 di una citt\u00e0 a misura d\u2019uomo&#8230; <em>anche solo per un weekend!<\/em> <strong>Zurigo<\/strong> ha davvero tanto da dare a chi la visita: eventi, gastronomia, vita notturna, relax. Per esplorare tutte le meraviglie che questa destinazione riserva ti consigliamo di visitare il sito web di <a href=\"https:\/\/www.myswitzerland.com\/it-it\/\" target=\"_blank\" title=\"Sito Svizzera Turismo\" rel=\"noreferrer noopener\">Svizzera Turismo<\/a>. &nbsp;<\/p>\n\n\n\n<div style=\"height:30px\" aria-hidden=\"true\" class=\"wp-block-spacer\"><\/div>\n\n\n\n<h4 class=\"wp-block-heading\" id=\"eurocity-italia-svizzera\"><strong>Eurocity Italia &#8211; Svizzera<\/strong><\/h4>\n\n\n\n<div style=\"height:10px\" aria-hidden=\"true\" class=\"wp-block-spacer\"><\/div>\n\n\n\n<p>Grazie all\u2019<a href=\"https:\/\/www.trenitalia.com\/it\/eurocity\/eurocity-per-la-svizzera.html\" target=\"_blank\" rel=\"noreferrer noopener\">Eurocity che collega l\u2019Italia alla Svizzera<\/a> e viceversa&nbsp;hai la possibilit\u00e0 di recarti in questa meravigliosa localit\u00e0 in<strong>sole 4 &#8211; 5 ore di viaggio<\/strong>.<\/p>\n\n\n\n<p>Puoi raggiungere questa e altre destinazioni elvetiche come <em>Lugano<\/em>,<em> Basilea<\/em>,<em> Ginevra <\/em>in treno non solo da Milano centrale ma anche da altre stazioni d\u2019Italia, come:&nbsp;<\/p>\n\n\n\n<ul class=\"wp-block-list\">\n<li><em>Venezia S.Lucia<\/em>&nbsp;<\/li>\n\n\n\n<li><em>Bologna Centrale<\/em>&nbsp;<\/li>\n\n\n\n<li><em>Genova Piazza Principe<\/em>&nbsp;<\/li>\n\n\n\n<li><em>Firenze S.Maria Novella<\/em>&nbsp;<\/li>\n\n\n\n<li><em>Roma Termini<\/em>&nbsp;<\/li>\n<\/ul>\n\n\n\n<p>Nei pressi dei tuoi luoghi di partenza troverai, grazie al sito e <em><strong>app<\/strong><\/em><strong><em> di <\/em><\/strong><em><strong>ParkingMyCar<\/strong><\/em> <em>(<a href=\"https:\/\/apps.apple.com\/app\/apple-store\/id1613368206?pt=123732674&amp;ct=IT-IT_PMC_C_APP_iOS_Blog-post&amp;mt=8\" data-type=\"link\" data-id=\"https:\/\/apps.apple.com\/app\/apple-store\/id1613368206?pt=123732674&amp;ct=IT-IT_PMC_C_APP_iOS_Blog-post&amp;mt=8\" target=\"_blank\" rel=\"noopener\"><strong>iOS<\/strong><\/a>, <a href=\"https:\/\/play.google.com\/store\/apps\/details?id=it.parkingmycar.parkingmyapp&amp;referrer=utm_source%3Dpmc%26utm_medium%3Dblog%26utm_content%3Dpost%26utm_campaign%3DIT-IT_PMC_C_APP_Android_Blog-post\" data-type=\"link\" data-id=\"https:\/\/play.google.com\/store\/apps\/details?id=it.parkingmycar.parkingmyapp&amp;referrer=utm_source%3Dpmc%26utm_medium%3Dblog%26utm_content%3Dpost%26utm_campaign%3DIT-IT_PMC_C_APP_Android_Blog-post\" target=\"_blank\" rel=\"noopener\"><strong>Android<\/strong><\/a>)<\/em>, <strong>parcheggi comodi, sicuri ed economici<\/strong>, adatti a custodire la tua auto per tutto il tempo che ti serve.<\/p>\n\n\n\n<p>Se hai pi\u00f9 giorni a disposizione e hai gi\u00e0 visitato in lungo e in largo la Svizzera, ti consigliamo di partire per <strong>scoprire in treno Amsterdam<\/strong>. Il tuo itinerario sia allungher\u00e0 ma ne varr\u00e0 senz\u2019altro la pena! <em>V<\/em><em>iaggio in vista?<\/em>&nbsp;<\/p>\n\n\n\n<div style=\"height:50px\" aria-hidden=\"true\" class=\"wp-block-spacer\"><\/div>\n\n\n<div class=\"gb-container gb-container-2b8e0d74\">\n<div class=\"gb-container gb-container-7daf7699\">\n\n<h3 class=\"gb-headline gb-headline-ebeceb19 gb-headline-text\"><a href=\"\/parcheggio-stazione-centrale-milano\" target=\"_blank\" title=\"Parcheggi stazione Centrale Milano\" rel=\"noreferrer noopener\">Trova parcheggio a Milano centrale e sali a bordo<\/a><\/h3>\n\n\n\n<div style=\"height:5px\" aria-hidden=\"true\" class=\"wp-block-spacer\"><\/div>\n\n\n\n<div class=\"gb-headline gb-headline-2b4a5cdc gb-headline-text\">Zero perdite di tempo! Risparmia sul parcheggio e parti per il tuo prossimo viaggio in treno.<\/div>\n\n\n\n<div style=\"height:5px\" aria-hidden=\"true\" class=\"wp-block-spacer\"><\/div>\n\n\n<div class=\"gb-container gb-container-738197b1\">\n\n<a class=\"gb-button gb-button-892f9791\" href=\"\/parcheggio-stazione-centrale-milano\" target=\"_blank\" rel=\"noopener noreferrer\"><span class=\"gb-button-text\">Cerca parcheggio<\/span><span class=\"gb-icon\"><svg aria-hidden=\"true\" role=\"img\" height=\"1em\" width=\"1em\" viewBox=\"0 0 256 512\" xmlns=\"http:\/\/www.w3.org\/2000\/svg\"><path fill=\"currentColor\" d=\"M224.3 273l-136 136c-9.4 9.4-24.6 9.4-33.9 0l-22.6-22.6c-9.4-9.4-9.4-24.6 0-33.9l96.4-96.4-96.4-96.4c-9.4-9.4-9.4-24.6 0-33.9L54.3 103c9.4-9.4 24.6-9.4 33.9 0l136 136c9.5 9.4 9.5 24.6.1 34z\"><\/path><\/svg><\/span><\/a>\n\n<\/div>\n<\/div>\n<\/div>\n\n\n<div style=\"height:50px\" aria-hidden=\"true\" class=\"wp-block-spacer\"><\/div>\n\n\n\n<h3 class=\"wp-block-heading\" id=\"3-treno-milano-monaco-monaco-milano-viaggio-al-centro-della-baviera\">3) <strong>Treno Milano Monaco, Monaco Milano: viaggio al centro della Baviera<\/strong><\/h3>\n\n\n\n<div style=\"height:10px\" aria-hidden=\"true\" class=\"wp-block-spacer\"><\/div>\n\n\n\n<p>La capitale della Baviera ha la virt\u00f9 di incantare i suoi visitatori grazie a un mix di cultura, storia, modernit\u00e0. A Monaco potrai passeggiare per <em>Marienplatz<\/em>, ammirare l\u2019architettura gotica, conoscere di pi\u00f9 su sport, innovazione, design e, non ultimo, immergerti nella tradizione in occasione dell&#8217;<em>Oktoberfest <\/em>edei suggestivi <em>Mercatini di Natale<\/em>.&nbsp;<\/p>\n\n\n\n<div style=\"height:30px\" aria-hidden=\"true\" class=\"wp-block-spacer\"><\/div>\n\n\n\n<h4 class=\"wp-block-heading\" id=\"euronight-di-trenitalia-per-monaco\"><strong>Euronight di Trenitalia per Monaco<\/strong><\/h4>\n\n\n\n<div style=\"height:10px\" aria-hidden=\"true\" class=\"wp-block-spacer\"><\/div>\n\n\n\n<p>Puoi fare tutto questo e molto altro, partendo in treno dall\u2019Italia con l\u2019<a href=\"https:\/\/www.trenitalia.com\/it\/euronight.html\" target=\"_blank\" rel=\"noreferrer noopener\">Euronight di Trenitalia<\/a>. \u00c8 comodissimo: sali a bordo la sera e ti risvegli a Monaco, nel cuore della Baviera!<\/p>\n\n\n<div class=\"wp-block-image is-style-default\">\n<figure class=\"alignright size-full\"><img decoding=\"async\" width=\"600\" height=\"338\" src=\"https:\/\/www.parkingmycar.it\/blog\/wp-content\/uploads\/2024\/08\/Monaco.jpg\" alt=\"Monaci vista dall'alto\" class=\"wp-image-3775\" srcset=\"https:\/\/www.parkingmycar.it\/blog\/wp-content\/uploads\/2024\/08\/Monaco.jpg 600w, https:\/\/www.parkingmycar.it\/blog\/wp-content\/uploads\/2024\/08\/Monaco-300x169.jpg 300w\" sizes=\"(max-width: 600px) 100vw, 600px\" \/><figcaption class=\"wp-element-caption\"><em>Monaco<\/em><\/figcaption><\/figure>\n<\/div>\n\n\n<p>I collegamenti per Monaco di Baviera sono in partenza \/ arrivo da:<\/p>\n\n\n\n<ul class=\"wp-block-list\">\n<li><em>Roma Termini<\/em>&nbsp;<\/li>\n\n\n\n<li><em>Milano Centrale<\/em>&nbsp;<\/li>\n\n\n\n<li><em>Firenze S.M. Novella<\/em>&nbsp;<\/li>\n\n\n\n<li><em>Bologna Centrale<\/em>&nbsp;<\/li>\n\n\n\n<li><em>Genova Piazza Principe<\/em>&nbsp;<\/li>\n\n\n\n<li><em>Milano Centrale<\/em>&nbsp;<\/li>\n\n\n\n<li><em>Verona Centrale<\/em>&nbsp;<\/li>\n<\/ul>\n\n\n\n<p>e altre stazioni italiane.<\/p>\n\n\n\n<p>Se parti da Venezia, puoi salire a bordo del collegamento <strong>Nightjet Venezia \u2013 Monaco<\/strong>, gestito dalle ferrovie austriache \u00d6BB. Scopri maggiori dettagli sulla pagina dedicata ad <a href=\"https:\/\/www.trenitalia.com\/it\/eurocity\/altri-collegamenti-internazionali.html\" target=\"_blank\" rel=\"noreferrer noopener\">altri treni internazionali sul sito di Trenitalia<\/a>.&nbsp;<\/p>\n\n\n\n<div style=\"height:30px\" aria-hidden=\"true\" class=\"wp-block-spacer\"><\/div>\n\n\n\n<h4 class=\"wp-block-heading\" id=\"capatina-a-francoforte-d\"><strong>&#8230; Capatina a Francoforte? \ud83d\ude00<\/strong><\/h4>\n\n\n\n<div style=\"height:10px\" aria-hidden=\"true\" class=\"wp-block-spacer\"><\/div>\n\n\n\n<p>Il treno ti consente di raggiungere anche citt\u00e0 pi\u00f9 a nord della Germania, come Francoforte sul Meno, o Francoforte (denominazione locale: Frankfurt). Da Milano, impiegherai in media<strong> 10 ore di viaggio<\/strong>. Prenotando in anticipo puoi trovare tariffe davvero convenienti!<\/p>\n\n\n\n<p>Vuoi farti un\u2019idea del costo di viaggio complessivo? Per farlo, puoi provare a comparare prezzi e orari dell\u2019intero percorso su un aggregatore come <em>Trainline.<\/em> Ecco il link:&nbsp;<a href=\"https:\/\/www.thetrainline.com\/it\/orari-treni\/milano-centrale-a-francoforte-sul-meno\" target=\"_blank\" title=\"Treni Milano Francoforte\" rel=\"noreferrer noopener\">treni da Milano Centrale a Francoforte sul Meno<\/a>.&nbsp;<\/p>\n\n\n\n<div style=\"height:30px\" aria-hidden=\"true\" class=\"wp-block-spacer\"><\/div>\n\n\n\n<h3 class=\"wp-block-heading\" id=\"4-viaggio-breve-emozioni-indelebili-treno-milano-vienna\">4) <strong>Viaggio breve, emozioni indelebili: treno Milano Vienna<\/strong><\/h3>\n\n\n\n<div style=\"height:10px\" aria-hidden=\"true\" class=\"wp-block-spacer\"><\/div>\n\n\n<div class=\"wp-block-image\">\n<figure class=\"alignleft size-full\"><img decoding=\"async\" width=\"600\" height=\"338\" src=\"https:\/\/www.parkingmycar.it\/blog\/wp-content\/uploads\/2024\/08\/Vienna.jpg\" alt=\"\" class=\"wp-image-3776\" srcset=\"https:\/\/www.parkingmycar.it\/blog\/wp-content\/uploads\/2024\/08\/Vienna.jpg 600w, https:\/\/www.parkingmycar.it\/blog\/wp-content\/uploads\/2024\/08\/Vienna-300x169.jpg 300w\" sizes=\"(max-width: 600px) 100vw, 600px\" \/><figcaption class=\"wp-element-caption\"><em>Vienna<\/em><\/figcaption><\/figure>\n<\/div>\n\n\n<p>La capitale asburgica \u00e8 pronta ad accoglierti al tuo arrivo in treno! Tra viali maestosi, arte, cultura, eleganza e deliziose <em>Sachertorten<\/em>, Vienna ti offrir\u00e0 un\u2019esperienza indimenticabile, qualsiasi sia la tua aspirazione&nbsp;di viaggio: piaceri per il palato, musica, divertimento, relax al <em>Prater <\/em>e, infine, uno sguardo al celebre <em>Bacio <\/em>di Gustav Klimt. <em>Cosa desiderare di pi\u00f9 da una vacanza?<\/em><\/p>\n\n\n\n<div style=\"height:30px\" aria-hidden=\"true\" class=\"wp-block-spacer\"><\/div>\n\n\n\n<h4 class=\"wp-block-heading\" id=\"viaggi-con-il-treno-per-l-austria\"><strong>Viaggi con il treno per l&#8217;Austria<\/strong><\/h4>\n\n\n\n<div style=\"height:10px\" aria-hidden=\"true\" class=\"wp-block-spacer\"><\/div>\n\n\n\n<p>\u00d6BB offre diversi <strong>collegamenti diretti da Trieste, Bolzano, Venezia<\/strong> e altri punti di partenza in Italia, operando con i suoi Railjet \u00d6BB, Nightjet \u00d6BB, Eurocity \u00d6BB e MICROTRA. Scopri tutti i collegamenti sul sito di \u00d6BB: <a href=\"https:\/\/www.obb-italia.com\/it\/ab-italien\/verbindungen\" target=\"_blank\" rel=\"noreferrer noopener\">collegamenti Italia \u2013 Austria<\/a>.&nbsp;<\/p>\n\n\n\n<div style=\"height:50px\" aria-hidden=\"true\" class=\"wp-block-spacer\"><\/div>\n\n\n<div class=\"gb-container gb-container-716bbc65\">\n<div class=\"gb-container gb-container-82187306\">\n\n<h3 class=\"gb-headline gb-headline-af3d851c gb-headline-text\"><a href=\"https:\/\/www.parkingmycar.it\/\" target=\"_blank\" title=\"Prenota il tuo parcheggio con ParkingMyCar\" rel=\"noreferrer noopener\">Parti in treno? Prenota il parcheggio e vai!&nbsp;<\/a><\/h3>\n\n\n\n<div style=\"height:5px\" aria-hidden=\"true\" class=\"wp-block-spacer\"><\/div>\n\n\n\n<div class=\"gb-headline gb-headline-7c2cb632 gb-headline-text\">Prenota in anticipo un posto auto custodito vicino alla stazione di partenza.<\/div>\n\n\n\n<div style=\"height:5px\" aria-hidden=\"true\" class=\"wp-block-spacer\"><\/div>\n\n\n<div class=\"gb-container gb-container-fbb37157\">\n\n<a class=\"gb-button gb-button-61cf13f1\" href=\"https:\/\/www.parkingmycar.it\/\" target=\"_blank\" rel=\"noopener noreferrer\"><span class=\"gb-button-text\">Cerca parcheggio<\/span><span class=\"gb-icon\"><svg aria-hidden=\"true\" role=\"img\" height=\"1em\" width=\"1em\" viewBox=\"0 0 256 512\" xmlns=\"http:\/\/www.w3.org\/2000\/svg\"><path fill=\"currentColor\" d=\"M224.3 273l-136 136c-9.4 9.4-24.6 9.4-33.9 0l-22.6-22.6c-9.4-9.4-9.4-24.6 0-33.9l96.4-96.4-96.4-96.4c-9.4-9.4-9.4-24.6 0-33.9L54.3 103c9.4-9.4 24.6-9.4 33.9 0l136 136c9.5 9.4 9.5 24.6.1 34z\"><\/path><\/svg><\/span><\/a>\n\n<\/div>\n<\/div>\n<\/div>\n\n\n<div style=\"height:50px\" aria-hidden=\"true\" class=\"wp-block-spacer\"><\/div>\n\n\n\n<h3 class=\"wp-block-heading\" id=\"5-viaggio-con-il-treno-in-direzione-slovenia-tempo-libero-cultura-natura\">5) <strong>Viaggio con il treno in direzione Slovenia: tempo libero, cultura, natura<\/strong><\/h3>\n\n\n\n<div style=\"height:10px\" aria-hidden=\"true\" class=\"wp-block-spacer\"><\/div>\n\n\n\n<p>Negli ultimi anni la Slovenia \u00e8 sempre pi\u00f9 vicina, grazie a un capillare servizio di trasporto ferroviario regionale che ogni giorno collega il Friuli &#8211; Venezia Giulia, nelle citt\u00e0 di <strong>Trieste e Udine<\/strong>, alla vibrante Capitale della Slovenia, <strong>Lubiana<\/strong> (denominazione locale: Ljubljana). Grazie alla cooperazione con <em>Slovenske \u017eeleznice<\/em>, \u00e8 possibile recarsi oltre confine su base quotidiana, a <strong>tariffe che partono da pochi euro a tratta<\/strong>. <\/p>\n\n\n<div class=\"wp-block-image\">\n<figure class=\"alignleft size-full\"><img decoding=\"async\" width=\"600\" height=\"338\" src=\"https:\/\/www.parkingmycar.it\/blog\/wp-content\/uploads\/2024\/08\/Bled-Lake-Slovenia.jpg\" alt=\"\" class=\"wp-image-3777\" srcset=\"https:\/\/www.parkingmycar.it\/blog\/wp-content\/uploads\/2024\/08\/Bled-Lake-Slovenia.jpg 600w, https:\/\/www.parkingmycar.it\/blog\/wp-content\/uploads\/2024\/08\/Bled-Lake-Slovenia-300x169.jpg 300w\" sizes=\"(max-width: 600px) 100vw, 600px\" \/><figcaption class=\"wp-element-caption\"><em>Bled lake, Slovenia<\/em><\/figcaption><\/figure>\n<\/div>\n\n\n<p>La soluzione ferroviaria \u00e8 ideale non solo per i lavoratori frontalieri che si recano quotidianamente <em>al di l\u00e0 del confine<\/em> ma anche e soprattutto per chi desidera desidera accorrere dal FVG e dalle regioni limitrofe per una<strong>&nbsp;vacanza tra natura, cultura e relax<\/strong>.<\/p>\n\n\n\n<p>Scopri fermate e tariffe dei treni Italia &#8211; Slovenia nella <a href=\"https:\/\/www.trenitalia.com\/it\/regionale\/collegamenti-regionale\/scopri-la-slovenia-con-regionale.html\" target=\"_blank\" rel=\"noreferrer noopener\">sezione dedicata sul sito di Trenitalia<\/a>. Se vuoi prolungare il tuo viaggio, puoi raggiungere anche <strong>Zagabria <\/strong>(Croazia) comodamente in treno, effettuando un cambio a Lubiana.<\/p>\n\n\n\n<div style=\"height:30px\" aria-hidden=\"true\" class=\"wp-block-spacer\"><\/div>\n\n\n\n<h4 class=\"wp-block-heading\" id=\"il-frecciarossa-milano-lubiana-e-alle-porte\"><strong>Il Frecciarossa Milano Lubiana \u00e8 alle porte<\/strong><\/h4>\n\n\n\n<div style=\"height:10px\" aria-hidden=\"true\" class=\"wp-block-spacer\"><\/div>\n\n\n\n<p>In arrivo prossimamente per chi viaggia, c\u2019\u00e8 anche il Frecciarossa che collegher\u00e0 <strong>Milano a Lubiana e viceversa in sole 7 ore<\/strong>. Si tratta di una fantastica novit\u00e0 per chi desidera partire in treno dall\u2019Italia per visitare attrazioni della Slovenia come il<em> Lago di Bled<\/em>, le <em>Grotte di Postumia<\/em> o&nbsp;<em>Lipica<\/em>, verde dimora dei cavalli <em>Lipizzani<\/em>.&nbsp;<\/p>\n\n\n\n<div style=\"height:30px\" aria-hidden=\"true\" class=\"wp-block-spacer\"><\/div>\n\n\n\n<h2 class=\"wp-block-heading\" id=\"vacanze-treno-il-fascino-del-viaggio-lento\"><strong>Vacanze treno: il fascino del viaggio lento<\/strong><\/h2>\n\n\n\n<div style=\"height:10px\" aria-hidden=\"true\" class=\"wp-block-spacer\"><\/div>\n\n\n\n<p>Tra i principali vantaggi di viaggiare in treno vi \u00e8 la possibilit\u00e0 di godere del paesaggio, di un buon libro e di tutto ci\u00f2 che ci circonda. Attraversare valli, montagne e citt\u00e0, cullati dal ritmo del treno \u00e8 un invito a <strong>lasciare a casa la frenesia del quotidiano<\/strong> e assaporare l\u2019unicit\u00e0 di ogni momento di viaggio&#8230; <em>lento<\/em>. Le vacanze in treno sono adatte a singoli viaggiatori, a coppie, a gruppi di amici e famiglie. Insomma, a tutti coloro i quali desiderano tastare un\u2019esperienza di viaggio diversa dal solito, a contatto con s\u00e9 stessi, con altri passeggeri, con il proprio tempo.<\/p>\n\n\n\n<div style=\"height:30px\" aria-hidden=\"true\" class=\"wp-block-spacer\"><\/div>\n\n\n\n<h2 class=\"wp-block-heading\" id=\"sostenibilita-e-comfort-il-treno-come-mezzo-del-futuro\"><strong>Sostenibilit\u00e0 e comfort: il treno come mezzo del <em>futuro<\/em><\/strong><\/h2>\n\n\n\n<div style=\"height:10px\" aria-hidden=\"true\" class=\"wp-block-spacer\"><\/div>\n\n\n\n<p>Lo sapevi che il treno \u00e8 uno dei mezzi di trasporto pi\u00f9 ecologici? Con emissioni di gran lunga inferiori rispetto a quelle degli aerei, il viaggio su rotaia \u00e8 una scelta consapevole e parte integrante della <strong>mobilit\u00e0 del futuro<\/strong>. Sempre pi\u00f9 Paesi stanno adottando tecnologie all\u2019avanguardia, sfruttando energie rinnovabili e impiegando convogli elettrici, per un trasporto che sia allo stesso tempo green e tecnologico. Connessioni Wi-Fi, ristorazione a bordo, ampi spazi e servizi aggiuntivi stanno gi\u00e0 rendendo l\u2019<strong>esperienza di viaggio in treno via via pi\u00f9 moderna ed esclusiva<\/strong>.<\/p>\n\n\n\n<div style=\"height:30px\" aria-hidden=\"true\" class=\"wp-block-spacer\"><\/div>\n\n\n\n<h2 class=\"wp-block-heading\" id=\"vacanze-in-treno-per-tutti-scegli-la-meta-e-organizza-un-viaggio-su-misura\"><strong>Vacanze in treno per tutti, scegli la meta e organizza un viaggio su misura<\/strong><\/h2>\n\n\n\n<div style=\"height:10px\" aria-hidden=\"true\" class=\"wp-block-spacer\"><\/div>\n\n\n\n<p>Il treno \u00e8 un\u2019opzione adatta a tutti, anche ai bambini. Avventura, comodit\u00e0, socializzazione e risparmio sono le parole chiave di questa scelta, che ti consentir\u00e0 di scoprire nuovi luoghi. Potrai personalizzare il viaggio e unire il piacere del viaggio, il comfort, la sostenibilit\u00e0 e la convenienza, <strong>riscoprendo e collezionando emozioni da raccontare e imprimere nella memoria<\/strong>. <em>Buon viaggio!<\/em> \ud83d\ude09<\/p>\n\n\n\n<div style=\"height:50px\" aria-hidden=\"true\" class=\"wp-block-spacer\"><\/div>\n","protected":false},"excerpt":{"rendered":"<p>Preparati a partire! Le vacanze in treno stanno diventando sempre pi\u00f9 popolari per la loro comodit\u00e0 e sostenibilit\u00e0. Con treni ad alta velocit\u00e0 come Eurocity ed Euronight di Trenitalia, \u00e8 possibile raggiungere in un batter d&#8217;occhio capitali europee come Parigi e Vienna ma anche Zurigo, Lubiana, e non solo. Questi viaggi offrono l&#8217;opportunit\u00e0 di godersi il panorama e il fascino del trasporto su rotaia, trasformando l&#8217;avventura in viaggio&#8230; e viceversa.<\/p>\n","protected":false},"author":4,"featured_media":3773,"comment_status":"closed","ping_status":"closed","sticky":false,"template":"","format":"standard","meta":{"footnotes":""},"categories":[7],"tags":[111,35,66],"class_list":["post-3760","post","type-post","status-publish","format-standard","has-post-thumbnail","hentry","category-viaggi","tag-consigli-viaggio","tag-destinazioni-di-viaggio","tag-viaggi-in-treno","infinite-scroll-item","generate-columns","tablet-grid-50","mobile-grid-100","grid-parent","grid-50"],"_links":{"self":[{"href":"https:\/\/www.parkingmycar.it\/blog\/wp-json\/wp\/v2\/posts\/3760","targetHints":{"allow":["GET"]}}],"collection":[{"href":"https:\/\/www.parkingmycar.it\/blog\/wp-json\/wp\/v2\/posts"}],"about":[{"href":"https:\/\/www.parkingmycar.it\/blog\/wp-json\/wp\/v2\/types\/post"}],"author":[{"embeddable":true,"href":"https:\/\/www.parkingmycar.it\/blog\/wp-json\/wp\/v2\/users\/4"}],"replies":[{"embeddable":true,"href":"https:\/\/www.parkingmycar.it\/blog\/wp-json\/wp\/v2\/comments?post=3760"}],"version-history":[{"count":15,"href":"https:\/\/www.parkingmycar.it\/blog\/wp-json\/wp\/v2\/posts\/3760\/revisions"}],"predecessor-version":[{"id":12725,"href":"https:\/\/www.parkingmycar.it\/blog\/wp-json\/wp\/v2\/posts\/3760\/revisions\/12725"}],"wp:featuredmedia":[{"embeddable":true,"href":"https:\/\/www.parkingmycar.it\/blog\/wp-json\/wp\/v2\/media\/3773"}],"wp:attachment":[{"href":"https:\/\/www.parkingmycar.it\/blog\/wp-json\/wp\/v2\/media?parent=3760"}],"wp:term":[{"taxonomy":"category","embeddable":true,"href":"https:\/\/www.parkingmycar.it\/blog\/wp-json\/wp\/v2\/categories?post=3760"},{"taxonomy":"post_tag","embeddable":true,"href":"https:\/\/www.parkingmycar.it\/blog\/wp-json\/wp\/v2\/tags?post=3760"}],"curies":[{"name":"wp","href":"https:\/\/api.w.org\/{rel}","templated":true}]}}