{"id":3815,"date":"2025-04-09T09:00:10","date_gmt":"2025-04-09T07:00:10","guid":{"rendered":"https:\/\/www.parkingmycar.it\/blog\/?p=3815"},"modified":"2026-02-24T10:10:46","modified_gmt":"2026-02-24T09:10:46","slug":"biennale-venezia","status":"publish","type":"post","link":"https:\/\/www.parkingmycar.it\/blog\/biennale-venezia\/","title":{"rendered":"Biennale Venezia 2025: guida completa e low cost"},"content":{"rendered":"\n<div class=\"wp-block-rank-math-toc-block\" id=\"rank-math-toc\"><p><strong>In questo articolo:<\/strong><\/p><nav><ul><li class=\"\"><a href=\"#biennale-di-architettura-2025\">Biennale di ARCHITETTURA 2025<\/a><ul><li class=\"\"><a href=\"#i\">Il tema della Biennale Venezia 2025 di architettura: il rapporto tra intelligenza artificiale e naturale<\/a><\/li><\/ul><\/li><li class=\"\"><a href=\"#le-atre-sezioni-della-biennale-2025\">Le atre sezioni della Biennale Venezia 2025<\/a><ul><li class=\"\"><a href=\"#biennale-cinema-2025\">Biennale CINEMA 2025<\/a><\/li><li class=\"\"><a href=\"#biennale-danza-2025\">Biennale DANZA 2025<\/a><\/li><li class=\"\"><a href=\"#biennale-musica-2025\">Biennale MUSICA 2025<\/a><\/li><li class=\"\"><a href=\"#biennale-teatro-2025\">Biennale TEATRO 2025<\/a><\/li><\/ul><\/li><li class=\"\"><a href=\"#la-biennale-info-utili-e-mobilita\">La Biennale: info utili e mobilit\u00e0<\/a><\/li><li class=\"\"><a href=\"#consigli-pratici-per-vivere-al-meglio-biennale-venezia-2024\">Consigli pratici per vivere al meglio Biennale Venezia 2025<\/a><\/li><\/ul><\/nav><\/div>\n\n\n\n<div style=\"height:50px\" aria-hidden=\"true\" class=\"wp-block-spacer\"><\/div>\n\n\n\n<p>Fondata nel 1895, La <strong>Biennale di Venezia<\/strong> \u00e8 una delle pi\u00f9 rinomate e prestigiose istituzioni culturali a livello globale. Pioniera nella scoperta e promozione delle nuove tendenze artistiche contemporanee, La Biennale Venezia si dedica all&#8217;organizzazione di eventi espositivi, performativi, e alla ricerca e formazione nei campi dell&#8217;<strong>Arte<\/strong>, dell&#8217;<strong>Architettura<\/strong>, del <strong>Cinema<\/strong>, della <strong>Danza<\/strong>, della <strong>Musica<\/strong> e del <strong>Teatro<\/strong>.<\/p>\n\n\n\n<p>Bench\u00e9 la Biennale d\u2019Arte sia l&#8217;aspetto pi\u00f9 riconosciuto dell&#8217;intero evento, attirando artisti, critici e appassionati da ogni angolo del mondo, <strong>nel 2025, l&#8217;attenzione sar\u00e0 rivolta alla 19\u00aa Mostra Internazionale di Architettura <\/strong>a cura di Carlo Ratti.<\/p>\n\n\n\n<div style=\"height:30px\" aria-hidden=\"true\" class=\"wp-block-spacer\"><\/div>\n\n\n\n<h2 class=\"wp-block-heading\" id=\"biennale-di-architettura-2025\"><strong><mark style=\"background-color:#2700ca\" class=\"has-inline-color has-base-3-color\">Biennale di ARCHITETTURA 2025<\/mark><\/strong><\/h2>\n\n\n\n<div style=\"height:10px\" aria-hidden=\"true\" class=\"wp-block-spacer\"><\/div>\n\n\n\n<p><strong>&#8220;Intelligens. Natural. Artificial. Collective.&#8221;<\/strong>, questo il titolo della 19\u00aa Mostra Internazionale di Architettura, che si terr\u00e0 dal <strong>10 maggio al 23 novembre 2025<\/strong> nei tradizionali spazi dei <strong>Giardini<\/strong> e dell\u2019<strong>Arsenale<\/strong>, oltre che in vari punti della citt\u00e0.<\/p>\n\n\n\n<div style=\"height:30px\" aria-hidden=\"true\" class=\"wp-block-spacer\"><\/div>\n\n\n\n<h3 class=\"wp-block-heading\" id=\"i\"><strong>Il tema della Biennale Venezia 2025 di architettura: il rapporto tra intelligenza artificiale e naturale<\/strong><\/h3>\n\n\n\n<div style=\"height:10px\" aria-hidden=\"true\" class=\"wp-block-spacer\"><\/div>\n\n\n<div class=\"wp-block-image\">\n<figure class=\"alignleft size-full is-resized\"><img decoding=\"async\" width=\"600\" height=\"338\" src=\"https:\/\/www.parkingmycar.it\/blog\/wp-content\/uploads\/2025\/04\/biennale-venezia-2.jpg\" alt=\"Architettura di Carlo Ratti\" class=\"wp-image-6743\" style=\"width:600px\" srcset=\"https:\/\/www.parkingmycar.it\/blog\/wp-content\/uploads\/2025\/04\/biennale-venezia-2.jpg 600w, https:\/\/www.parkingmycar.it\/blog\/wp-content\/uploads\/2025\/04\/biennale-venezia-2-300x169.jpg 300w\" sizes=\"(max-width: 600px) 100vw, 600px\" \/><\/figure>\n<\/div>\n\n\n<p>L\u2019edizione 2025 della Biennale di Architettura, curata dall\u2019architetto e urbanista <strong>Carlo Ratti<\/strong>, esplorer\u00e0, infatti, il rapporto tra intelligenza naturale, artificiale e collettiva, analizzando come queste possano ridefinire l\u2019architettura e le citt\u00e0 del futuro.&nbsp;<\/p>\n\n\n\n<p>L\u2019obiettivo di questa edizione \u00e8 <strong>superare la dicotomia tra naturale e artificiale<\/strong>, esplorando un nuovo modello di progettazione che unisca intelligenza umana, tecnologia avanzata e processi collettivi. In un\u2019epoca in cui l\u2019IA sta rivoluzionando ogni settore, la Biennale di Architettura 2025 si interroga su come queste innovazioni possano migliorare gli spazi urbani e la qualit\u00e0 della vita, senza perdere di vista la sostenibilit\u00e0 e il rispetto per l\u2019ambiente.<\/p>\n\n\n\n<div style=\"height:30px\" aria-hidden=\"true\" class=\"wp-block-spacer\"><\/div>\n\n\n\n<h3 class=\"wp-block-heading\" id=\"i-1\"><strong>Il Manifesto di Economia Circolare<\/strong><\/h3>\n\n\n\n<div style=\"height:10px\" aria-hidden=\"true\" class=\"wp-block-spacer\"><\/div>\n\n\n\n<p>Uno degli elementi chiave di questa edizione \u00e8 il <strong>Manifesto di Economia Circolare<\/strong>, un\u2019iniziativa promossa da Ratti in collaborazione con <strong>Arup<\/strong> e con il contributo della <strong>Ellen MacArthur Foundation<\/strong>. Questo manifesto invita gli espositori a progettare padiglioni <strong>sostenibili e rigenerativi<\/strong>, minimizzando gli sprechi e integrando materiali riutilizzabili. L\u2019obiettivo \u00e8 rendere la Biennale stessa un esempio concreto di come l\u2019architettura possa essere pi\u00f9 responsabile e in armonia con il pianeta.<\/p>\n\n\n\n<div style=\"height:30px\" aria-hidden=\"true\" class=\"wp-block-spacer\"><\/div>\n\n\n\n<h4 class=\"wp-block-heading\" id=\"i-1-1\"><strong>Il progetto <em>Terr\u00e6 Aqu\u00e6<\/em><\/strong><\/h4>\n\n\n\n<div style=\"height:10px\" aria-hidden=\"true\" class=\"wp-block-spacer\"><\/div>\n\n\n\n<p>Grande attesa anche per il <strong>Padiglione Italia<\/strong>, curato da <strong>Guendalina Salimei<\/strong>, che presenter\u00e0 il progetto <strong>&#8220;Terr\u00e6 Aqu\u00e6. L\u2019Italia e l\u2019Intelligenza del Mare&#8221;<\/strong>. Il tema si concentra sulla relazione tra <strong>terra e acqua<\/strong>, indagando il ruolo dell\u2019architettura nella rigenerazione delle coste italiane e nella gestione sostenibile degli ecosistemi marini. Il progetto propone soluzioni innovative per affrontare il cambiamento climatico e la crisi ambientale, mettendo in evidenza il valore delle risorse naturali e della loro gestione consapevole.<\/p>\n\n\n\n<p>La Biennale di Architettura 2025 si preannuncia, quindi, <strong>un laboratorio globale sul futuro del costruito<\/strong>, in cui le sfide ambientali e tecnologiche verranno affrontate con uno sguardo interdisciplinare e visionario.<\/p>\n\n\n\n<div style=\"height:30px\" aria-hidden=\"true\" class=\"wp-block-spacer\"><\/div>\n\n\n\n<h3 class=\"wp-block-heading\" id=\"informazioni-pratiche\"><strong>Informazioni utili<\/strong><\/h3>\n\n\n\n<div style=\"height:10px\" aria-hidden=\"true\" class=\"wp-block-spacer\"><\/div>\n\n\n\n<p><strong>Orario estivo:<\/strong> 11 &#8211; 19 (dal 10 maggio al 28 settembre &#8211; ultimo ingresso 18.45). Fino al 28 settembre, solo sede Arsenale: venerd\u00ec e sabato apertura prolungata fino alle ore 20.00 (ultimo ingresso ore 19.45)<\/p>\n\n\n\n<p><strong>Orario autunnale:<\/strong> 10 &#8211; 18 (dal 30 settembre al 23 novembre &#8211; ultimo ingresso 17.45)<\/p>\n\n\n\n<p><strong>Chiuso il luned\u00ec<\/strong>&nbsp;(tranne 12 maggio, 2 giugno, 21 luglio, 1 settembre, 20 ottobre, 17 novembre)<\/p>\n\n\n\n<p>La vendita dei biglietti e delle visite guidate avviene esclusivamente online sul <a href=\"https:\/\/www.labiennale.org\/it\/architettura\/2025\/informazioni#tickets\" target=\"_blank\" rel=\"noreferrer noopener\">sito ufficiale<\/a>, con una commissione di prevendita di \u20ac0,50.<\/p>\n\n\n\n<p>Sono disponibili diverse tipologie di biglietti: ingresso singolo, pluringresso, di gruppo, accrediti e visite guidate. <strong>L&#8217;ingresso \u00e8 gratuito per bambini fino a 6 anni, studenti delle scuole primarie e secondarie di primo grado <\/strong>che partecipano ai servizi educational e per l&#8217;accompagnatore di persone con invalidit\u00e0 certificata, se specificato nella documentazione.<\/p>\n\n\n\n<p>Leggi le informazioni sul <strong><a href=\"\/blog\/ticket-per-entrare-a-venezia\/\" target=\"_blank\" data-type=\"post\" data-id=\"2913\" rel=\"noreferrer noopener\">ticket per entrare a Venezia<\/a><\/strong>.<\/p>\n\n\n\n<div style=\"height:30px\" aria-hidden=\"true\" class=\"wp-block-spacer\"><\/div>\n\n\n\n<h2 class=\"wp-block-heading\" id=\"le-atre-sezioni-della-biennale-2025\"><strong>Le atre sezioni della Biennale Venezia 2025<\/strong><\/h2>\n\n\n\n<div style=\"height:30px\" aria-hidden=\"true\" class=\"wp-block-spacer\"><\/div>\n\n\n\n<h3 class=\"wp-block-heading\" id=\"biennale-cinema-2025\"><strong><mark style=\"background-color:#db0096\" class=\"has-inline-color has-base-3-color\">Biennale CINEMA 2025<\/mark><\/strong><\/h3>\n\n\n\n<div style=\"height:10px\" aria-hidden=\"true\" class=\"wp-block-spacer\"><\/div>\n\n\n\n<p>La <strong>82\u00aa Mostra Internazionale d&#8217;Arte Cinematografica<\/strong> si svolger\u00e0 dal <strong>27 agosto al 6 settembre 2025<\/strong>. Questo festival, riconosciuto come uno dei pi\u00f9 antichi e prestigiosi al mondo, continua a celebrare il cinema internazionale, offrendo una piattaforma per registi affermati ed emergenti. La selezione ufficiale comprender\u00e0 una vasta gamma di film, dai lungometraggi alle opere sperimentali, con l&#8217;assegnazione del celebre <strong>Leone d&#8217;Oro<\/strong> al miglior film.\u200b<\/p>\n\n\n\n<div style=\"height:30px\" aria-hidden=\"true\" class=\"wp-block-spacer\"><\/div>\n\n\n\n<h3 class=\"wp-block-heading\" id=\"biennale-danza-2025\"><strong><mark style=\"background-color:#e6cc00\" class=\"has-inline-color has-base-3-color\">Biennale DANZA 2025<\/mark><\/strong><\/h3>\n\n\n\n<div style=\"height:10px\" aria-hidden=\"true\" class=\"wp-block-spacer\"><\/div>\n\n\n\n<p>Il <strong>19\u00ba Festival Internazionale di Danza Contemporanea<\/strong> si terr\u00e0 dal <strong>20 al 29 giugno 2025<\/strong>, sotto la direzione artistica di <strong>Sidi Larbi Cherkaoui<\/strong>. Il festival presenter\u00e0 una serie di performance innovative che esplorano le frontiere della danza contemporanea, coinvolgendo coreografi e danzatori di fama internazionale. Inoltre, il <strong>Biennale College Danza<\/strong> offrir\u00e0 opportunit\u00e0 formative per giovani talenti, integrando nuovi progetti nel programma del festival.\u200b<\/p>\n\n\n\n<div style=\"height:30px\" aria-hidden=\"true\" class=\"wp-block-spacer\"><\/div>\n\n\n\n<h3 class=\"wp-block-heading\" id=\"biennale-musica-2025\"><strong><mark style=\"background-color:#12cb00\" class=\"has-inline-color has-base-3-color\">Biennale MUSICA 2025<\/mark><\/strong><\/h3>\n\n\n\n<div style=\"height:10px\" aria-hidden=\"true\" class=\"wp-block-spacer\"><\/div>\n\n\n<div class=\"wp-block-image\">\n<figure class=\"alignleft size-full\"><img decoding=\"async\" width=\"600\" height=\"300\" src=\"https:\/\/www.parkingmycar.it\/blog\/wp-content\/uploads\/2025\/04\/biennale-venezia-1.jpg\" alt=\"Biennale Venezia, sala installazioni\" class=\"wp-image-6736\" srcset=\"https:\/\/www.parkingmycar.it\/blog\/wp-content\/uploads\/2025\/04\/biennale-venezia-1.jpg 600w, https:\/\/www.parkingmycar.it\/blog\/wp-content\/uploads\/2025\/04\/biennale-venezia-1-300x150.jpg 300w\" sizes=\"(max-width: 600px) 100vw, 600px\" \/><\/figure>\n<\/div>\n\n\n<p>Il <strong>69\u00ba Festival Internazionale di Musica Contemporanea<\/strong> si svolger\u00e0 dall&#8217;<strong>11 al 25 ottobre 2025<\/strong>, diretto da <strong>Caterina Barbieri<\/strong>. Il festival proporr\u00e0 numerosi appuntamenti quotidiani con solisti ed ensemble internazionali, esplorando le nuove tendenze della musica contemporanea. Il <strong>Biennale College Musica<\/strong> selezioner\u00e0 e presenter\u00e0 nuovi progetti, offrendo una piattaforma per compositori e musicisti emergenti.<\/p>\n\n\n\n<div style=\"height:30px\" aria-hidden=\"true\" class=\"wp-block-spacer\"><\/div>\n\n\n\n<h3 class=\"wp-block-heading\" id=\"biennale-teatro-2025\"><strong><mark style=\"background-color:#d70000\" class=\"has-inline-color has-base-3-color\">Biennale TEATRO 2025<\/mark><\/strong><\/h3>\n\n\n\n<div style=\"height:10px\" aria-hidden=\"true\" class=\"wp-block-spacer\"><\/div>\n\n\n\n<p>Il <strong>53\u00ba Festival Internazionale del Teatro<\/strong> si terr\u00e0 dal <strong>31 maggio al 15 giugno 2025<\/strong>, sotto la direzione di <strong>Willem Dafoe<\/strong>. Il festival includer\u00e0 spettacoli e incontri con protagonisti della scena teatrale contemporanea, oltre alle produzioni realizzate nell&#8217;ambito del <strong>Biennale College Teatro<\/strong>, un progetto formativo dedicato ai giovani artisti. Dafoe, co-fondatore del Wooster Group, porta la sua vasta esperienza teatrale e cinematografica alla guida di questa edizione.<\/p>\n\n\n\n<div style=\"height:30px\" aria-hidden=\"true\" class=\"wp-block-spacer\"><\/div>\n\n\n\n<h2 class=\"wp-block-heading\" id=\"la-biennale-info-utili-e-mobilita\"><strong>La Biennale: info utili e mobilit\u00e0<\/strong><\/h2>\n\n\n\n<div style=\"height:10px\" aria-hidden=\"true\" class=\"wp-block-spacer\"><\/div>\n\n\n\n<p>Venezia \u00e8 comodamente accessibile via aereo, treno o auto.<\/p>\n\n\n\n<p>L&#8217;aeroporto pi\u00f9 vicino alla citt\u00e0 \u00e8 il Marco Polo, mentre la stazione ferroviaria Venezia Santa Lucia fornisce collegamenti diretti con le principali citt\u00e0 italiane ed europee.<\/p>\n\n\n\n<p>Dalla stazione ferroviaria o dalla fermata del bus, il modo migliore per raggiungere l\u2019Arsenale e i Giardini \u00e8 utilizzare il vaporetto (il servizio di trasporto pubblico acqueo di Venezia).<\/p>\n\n\n\n<p><strong>Le linee 1, 4.1, e 5.1 offrono collegamenti diretti.<\/strong><\/p>\n\n\n\n<p>Se viaggi in auto, puoi parcheggiare in uno dei parcheggi situati all&#8217;ingresso della citt\u00e0 e continuare il percorso con i mezzi pubblici.<\/p>\n\n\n\n<p>Noi consigliamo il <strong><a href=\"\/parcheggio-venezia-centro\/marive-parking\" target=\"_blank\" rel=\"noreferrer noopener\">Marive Parking<\/a>, <\/strong>a pochi passi dal Parco di San Giuliano, che mette a disposizione anche un rapido servizio ferry di andata e ritorno per il centro di Venezia (20 minuti di percorrenza). Altra opzione valida \u00e8 il <strong><a href=\"\/parcheggio-stazione-venezia-mestre\/ca-marcello-parking\" target=\"_blank\" rel=\"noreferrer noopener\">Ca&#8217; Marcello Parking<\/a>, <\/strong>a 3 minuti dalla stazione di Mestre, ottimamente collegato con i mezzi pubblici per raggiungere La Biennale. Un\u2019altra soluzione \u00e8 la struttura <strong><a href=\"\/parcheggio-stazione-venezia-mestre\/saba-stazione-mestre\" target=\"_blank\" rel=\"noreferrer noopener\">Saba di Mestre<\/a>. <\/strong>Il parcheggio \u00e8 situato di fronte alla stazione ferroviaria, da cui partono treni a tutte le ore che ti porteranno in pochi minuti al centro di Venezia.<\/p>\n\n\n\n<p>Tutti questi, e molti altri, come il <a href=\"\/parcheggio-venezia-centro\/terminal-fusina-venezia\" target=\"_blank\" rel=\"noreferrer noopener\"><strong>Terminal Fusina Venezia<\/strong><\/a> o il <a href=\"\/parcheggio-venezia-centro\/venice-utility-park\" target=\"_blank\" rel=\"noreferrer noopener\"><strong>Venice Utility Park<\/strong><\/a>, sono prenotabili attraverso il sito di <strong><a href=\"\/\" target=\"_blank\" rel=\"noreferrer noopener\">ParkingMyCar <\/a><\/strong>o scaricando l&#8217;<strong>app gratuita<\/strong> da <a href=\"https:\/\/play.google.com\/store\/apps\/details?id=it.parkingmycar.parkingmyapp&amp;referrer=utm_source%3Dpmc%26utm_medium%3Dblog%26utm_content%3Dpost%26utm_campaign%3DIT-IT_PMC_C_APP_Android_Blog-post\" data-type=\"link\" data-id=\"https:\/\/play.google.com\/store\/apps\/details?id=it.parkingmycar.parkingmyapp&amp;referrer=utm_source%3Dpmc%26utm_medium%3Dblog%26utm_content%3Dpost%26utm_campaign%3DIT-IT_PMC_C_APP_Android_Blog-post\" target=\"_blank\" rel=\"noopener\">Google Play<\/a> o dall&#8217;<a href=\"https:\/\/apps.apple.com\/app\/apple-store\/id1613368206?pt=123732674&amp;ct=IT-IT_PMC_C_APP_iOS_Blog-post&amp;mt=8\" data-type=\"link\" data-id=\"https:\/\/apps.apple.com\/app\/apple-store\/id1613368206?pt=123732674&amp;ct=IT-IT_PMC_C_APP_iOS_Blog-post&amp;mt=8\" target=\"_blank\" rel=\"noopener\">App Store<\/a>.<\/p>\n\n\n\n<div style=\"height:30px\" aria-hidden=\"true\" class=\"wp-block-spacer\"><\/div>\n\n\n\n<div class=\"wp-block-media-text is-stacked-on-mobile\" style=\"grid-template-columns:40% auto\"><figure class=\"wp-block-media-text__media\"><img decoding=\"async\" width=\"650\" height=\"400\" src=\"https:\/\/www.parkingmycar.it\/blog\/wp-content\/uploads\/2024\/06\/PMC-Banner-App-Install-Blog-1.jpg\" alt=\"Qr code app ParkingMyCar\" class=\"wp-image-6901 size-full\" srcset=\"https:\/\/www.parkingmycar.it\/blog\/wp-content\/uploads\/2024\/06\/PMC-Banner-App-Install-Blog-1.jpg 650w, https:\/\/www.parkingmycar.it\/blog\/wp-content\/uploads\/2024\/06\/PMC-Banner-App-Install-Blog-1-300x185.jpg 300w\" sizes=\"(max-width: 650px) 100vw, 650px\" \/><\/figure><div class=\"wp-block-media-text__content\">\n<div style=\"height:30px\" aria-hidden=\"true\" class=\"wp-block-spacer\"><\/div>\n\n\n\n<p class=\"has-text-align-left\"><strong>Libera il movimento, ritrova il tuo tempo<\/strong>.<\/p>\n\n\n\n<p class=\"has-text-align-left\" style=\"font-size:26px\"><strong><a href=\"\/app\" target=\"_blank\" rel=\"noreferrer noopener\">Scarica l&#8217;app di ParkingMyCar!<\/a><\/strong><\/p>\n\n\n\n<div class=\"wp-block-columns is-not-stacked-on-mobile is-layout-flex wp-container-core-columns-is-layout-9d6595d7 wp-block-columns-is-layout-flex\">\n<div class=\"wp-block-column is-layout-flow wp-block-column-is-layout-flow\" style=\"flex-basis:150px\"><div class=\"wp-block-image\">\n<figure class=\"aligncenter size-full is-resized\"><a href=\"https:\/\/apps.apple.com\/app\/apple-store\/id1613368206?pt=123732674&amp;ct=IT-IT_PMC_C_APP_iOS_Blog-bann&amp;mt=8\" target=\"_blank\" rel=\" noreferrer noopener\"><img decoding=\"async\" width=\"180\" height=\"53\" src=\"https:\/\/www.parkingmycar.it\/blog\/wp-content\/uploads\/2024\/04\/downloadapp_appstore.png\" alt=\"banner ios app store\" class=\"wp-image-1641\" style=\"width:150px\"\/><\/a><\/figure>\n<\/div><\/div>\n\n\n\n<div class=\"wp-block-column is-layout-flow wp-block-column-is-layout-flow\" style=\"flex-basis:150px\"><div class=\"wp-block-image\">\n<figure class=\"aligncenter size-full is-resized\"><a href=\"https:\/\/play.google.com\/store\/apps\/details?id=it.parkingmycar.parkingmyapp&amp;referrer=utm_source%3Dpmc%26utm_medium%3Dblog%26utm_content%3Dbanner%26utm_campaign%3DIT-IT_PMC_C_APP_Android_Blog-bann\" target=\"_blank\" rel=\" noreferrer noopener\"><img decoding=\"async\" width=\"180\" height=\"53\" src=\"https:\/\/www.parkingmycar.it\/blog\/wp-content\/uploads\/2024\/04\/downloadapp_playstore.png\" alt=\"banner google play store\" class=\"wp-image-1643\" style=\"width:150px\"\/><\/a><\/figure>\n<\/div><\/div>\n<\/div>\n<\/div><\/div>\n\n\n\n<div style=\"height:50px\" aria-hidden=\"true\" class=\"wp-block-spacer\"><\/div>\n\n\n\n<h2 class=\"wp-block-heading\" id=\"consigli-pratici-per-vivere-al-meglio-biennale-venezia-2024\"><strong>Consigli pratici per vivere al meglio Biennale Venezia 2025<\/strong><\/h2>\n\n\n\n<div style=\"height:10px\" aria-hidden=\"true\" class=\"wp-block-spacer\"><\/div>\n\n\n\n<p>Per rendere la tua esperienza a Venezia pi\u00f9 piacevole e senza intoppi, ecco alcuni consigli pratici:<\/p>\n\n\n\n<p><strong>Prenota in anticipo: <\/strong>che sia per voli, alloggi, biglietti d\u2019ingresso o parcheggi, prenotare con largo anticipo ti garantisce le migliori tariffe.<\/p>\n\n\n\n<p><strong>Sii flessibile: <\/strong>visita La Biennale e la citt\u00e0 in bassa stagione o durante i giorni feriali per evitare le folle e trovare prezzi pi\u00f9 bassi.<\/p>\n\n\n\n<p><strong>Vesti comodo<\/strong>: poich\u00e9 Venezia richiede molto camminare; indossare scarpe comode \u00e8 essenziale per godersi la citt\u00e0 senza affaticarsi.<\/p>\n\n\n\n<p>Infine, <strong>pianifica la tua visita<\/strong>: con cos\u00ec tanto da vedere, \u00e8 utile avere un piano per ottimizzare il tempo e non perdere le tappe pi\u00f9 importanti.<\/p>\n\n\n\n<p>Venezia \u00e8 una citt\u00e0 unica al mondo, e la Biennale \u00e8 un\u2019occasione imperdibile per immergersi nell\u2019arte contemporanea. Seguendo questi consigli, potrai vivere un\u2019esperienza indimenticabile senza spendere una fortuna. Buona Biennale!<\/p>\n\n\n\n<div style=\"height:50px\" aria-hidden=\"true\" class=\"wp-block-spacer\"><\/div>\n","protected":false},"excerpt":{"rendered":"<p>Immergiti nell&#8217;arte contemporanea con la Biennale Venezia 2025! Organizza la tua visita con anticipo, prenota i biglietti online e riserva un parcheggio strategico, potrai cos\u00ec vivere al meglio questa esperienza unica. <\/p>\n","protected":false},"author":6,"featured_media":6733,"comment_status":"closed","ping_status":"closed","sticky":false,"template":"","format":"standard","meta":{"footnotes":""},"categories":[6],"tags":[72,39],"class_list":["post-3815","post","type-post","status-publish","format-standard","has-post-thumbnail","hentry","category-eventi-esperienze","tag-fiere","tag-venezia","infinite-scroll-item","generate-columns","tablet-grid-50","mobile-grid-100","grid-parent","grid-50"],"_links":{"self":[{"href":"https:\/\/www.parkingmycar.it\/blog\/wp-json\/wp\/v2\/posts\/3815","targetHints":{"allow":["GET"]}}],"collection":[{"href":"https:\/\/www.parkingmycar.it\/blog\/wp-json\/wp\/v2\/posts"}],"about":[{"href":"https:\/\/www.parkingmycar.it\/blog\/wp-json\/wp\/v2\/types\/post"}],"author":[{"embeddable":true,"href":"https:\/\/www.parkingmycar.it\/blog\/wp-json\/wp\/v2\/users\/6"}],"replies":[{"embeddable":true,"href":"https:\/\/www.parkingmycar.it\/blog\/wp-json\/wp\/v2\/comments?post=3815"}],"version-history":[{"count":37,"href":"https:\/\/www.parkingmycar.it\/blog\/wp-json\/wp\/v2\/posts\/3815\/revisions"}],"predecessor-version":[{"id":12645,"href":"https:\/\/www.parkingmycar.it\/blog\/wp-json\/wp\/v2\/posts\/3815\/revisions\/12645"}],"wp:featuredmedia":[{"embeddable":true,"href":"https:\/\/www.parkingmycar.it\/blog\/wp-json\/wp\/v2\/media\/6733"}],"wp:attachment":[{"href":"https:\/\/www.parkingmycar.it\/blog\/wp-json\/wp\/v2\/media?parent=3815"}],"wp:term":[{"taxonomy":"category","embeddable":true,"href":"https:\/\/www.parkingmycar.it\/blog\/wp-json\/wp\/v2\/categories?post=3815"},{"taxonomy":"post_tag","embeddable":true,"href":"https:\/\/www.parkingmycar.it\/blog\/wp-json\/wp\/v2\/tags?post=3815"}],"curies":[{"name":"wp","href":"https:\/\/api.w.org\/{rel}","templated":true}]}}