{"id":3847,"date":"2025-08-08T09:00:00","date_gmt":"2025-08-08T07:00:00","guid":{"rendered":"https:\/\/www.parkingmycar.it\/blog\/?p=3847"},"modified":"2026-03-31T18:23:53","modified_gmt":"2026-03-31T16:23:53","slug":"regata-storica-veneziana","status":"publish","type":"post","link":"https:\/\/www.parkingmycar.it\/blog\/regata-storica-veneziana\/","title":{"rendered":"Regata Storica veneziana 2025: parcheggi e info"},"content":{"rendered":"\n<div class=\"wp-block-rank-math-toc-block\" id=\"rank-math-toc\"><p><strong>Indice dei contenuti<\/strong><\/p><nav><ul><li class=\"\"><a href=\"#venezia-regata-storica-come-si-arriva-e-consigli-per-il-parcheggio\">Regata Storica veneziana: come arrivare e dove parcheggiare<\/a><ul><\/ul><\/li><li class=\"\"><a href=\"#regate-storiche-venezia-le-origini\">Regate Storiche Venezia: le origini<\/a><\/li><li class=\"\"><a href=\"#come-vedere-la-regata-storica-a-venezia\">Come vedere la Regata Storica di Venezia<\/a><\/li><li class=\"\"><a href=\"#regata-storica-venezia-ultimi-consigli-prima-dellevento\">Regata Storica a Venezia: ultimi consigli prima dell\u2019evento<\/a><\/li><\/ul><\/nav><\/div>\n\n\n\n<div style=\"height:50px\" aria-hidden=\"true\" class=\"wp-block-spacer\"><\/div>\n\n\n\n<p>La Regata Storica di Venezia \u00e8, insieme al <a href=\"\/blog\/festa-del-redentore-venezia\/\" target=\"_blank\" rel=\"noreferrer noopener\"><strong>Redentore Venezia<\/strong><\/a> e alla Festa dell\u2019Immacolata, uno degli eventi pi\u00f9 pittoreschi e attesi della citt\u00e0 lagunare. Un tripudio di colori riporta in vita l&#8217;epoca marinara della <em>Serenissima<\/em>, tra sfilate di barche storiche e competizioni tra imbarcazioni della tradizione veneziana. Scopri i dettagli dell&#8217;evento e dove parcheggiare.<\/p>\n\n\n\n<div style=\"height:30px\" aria-hidden=\"true\" class=\"wp-block-spacer\"><\/div>\n\n\n\n<h2 class=\"wp-block-heading\" id=\"venezia-regata-storica-come-si-arriva-e-consigli-per-il-parcheggio\"><strong>Regata Storica di Venezia: come arrivare e dove parcheggiare<\/strong><\/h2>\n\n\n\n<div style=\"height:10px\" aria-hidden=\"true\" class=\"wp-block-spacer\"><\/div>\n\n\n\n<p>Venezia \u00e8 comodamente raggiungibile sia in auto che in treno. Se viaggi il treno, puoi scendere alla Stazione di Santa Lucia, per poi raggiungere a piedi le vie centrali della citt\u00e0. Se ti muovi in auto, invece, ti occorrer\u00e0 un posto auto facile da raggiungere. Il nostro consiglio per evitare il caos della laguna \u00e8 quello di <strong>pensare al parcheggio prima di arrivare a Venezia<\/strong>.<\/p>\n\n\n\n<div style=\"height:30px\" aria-hidden=\"true\" class=\"wp-block-spacer\"><\/div>\n\n\n\n<h3 class=\"wp-block-heading\" id=\"parcheggi-per-la-regata-storica-di-venezia\"><strong>Parcheggi per la Regata Storica di Venezia<\/strong> con <mark style=\"background-color:#eed3b6\" class=\"has-inline-color\"><strong>ferry o vaporetto<\/strong><\/mark><\/h3>\n\n\n\n<div style=\"height:10px\" aria-hidden=\"true\" class=\"wp-block-spacer\"><\/div>\n\n\n\n<p>Alcuni parcheggi come <a href=\"\/parcheggio-venezia-centro\/marive-parking\" target=\"_blank\" rel=\"noreferrer noopener\"><strong>Marive Parking<\/strong><\/a> e <a href=\"\/parcheggio-venezia-centro\/terminal-fusina-venezia\" target=\"_blank\" rel=\"noreferrer noopener\"><strong>Terminal Fusina Venezia<\/strong><\/a>, situati nelle localit\u00e0 su terraferma limitrofe, includono o consentono di recarsi in centro sfruttando il comodo servizio di trasporto via <strong>ferry o vaporetto<\/strong>.\u00a0<\/p>\n\n\n\n<p>Puoi acquistare il biglietto per l\u2019imbarco direttamente in loco. Nel caso di <em>Marive Parking<\/em>, la prenotazione del parcheggio a tariffa agevolata \u00e8 vincolata all\u2019acquisto contestuale del ticket ferry.<\/p>\n\n\n\n<p><em>Ti consigliamo di monitorare eventuali limitazioni al traffico in occasione della Regata Storica sui siti ufficiali delle compagnie di trasporto marittimo, come  <a href=\"https:\/\/actv.avmspa.it\/it\" target=\"_blank\" rel=\"noreferrer noopener\">ACTV<\/a>. Ti ricordiamo, inoltre, di prendere visione delle informazioni riportate nella descrizione del parcheggio<\/em> <em>scelto<\/em>.<\/p>\n\n\n\n<div style=\"height:30px\" aria-hidden=\"true\" class=\"wp-block-spacer\"><\/div>\n\n\n\n<h3 class=\"wp-block-heading\" id=\"parcheggio-e-in-treno-a-venezia-in-10-minuti\"><strong>Parcheggio e in <mark style=\"background-color:#eed3b6\" class=\"has-inline-color\">treno<\/mark> a Venezia (<em>10 minuti<\/em>)<\/strong><\/h3>\n\n\n\n<div style=\"height:10px\" aria-hidden=\"true\" class=\"wp-block-spacer\"><\/div>\n\n\n\n<p>Un\u2019alternativa agli spostamenti con ferry consiste nel parcheggiare <strong>nei pressi della stazione di Venezia &#8211; Mestre<\/strong> e salire a bordo di un treno, regionale o regionale veloce, diretto a Venezia Santa Lucia. In questo caso lascerai su terraferma il tuo mezzo e aggirerai ogni tipo di ostacolo, qualsiasi sia il tuo orario di rientro e di partenza.<\/p>\n\n\n\n<p>Su ParkingMyCar trovi<strong> <a href=\"\/parcheggio-venezia-centro\" target=\"_blank\" data-type=\"link\" data-id=\"https:\/\/www.parkingmycar.it\/parcheggio-venezia-centro\" rel=\"noreferrer noopener\">parcheggi a Venezia<\/a><\/strong> e <a href=\"\/parcheggio-stazione-venezia-mestre\" data-type=\"link\" data-id=\"https:\/\/www.parkingmycar.it\/parcheggio-stazione-venezia-mestre\" target=\"_blank\" rel=\"noreferrer noopener\"><strong>parcheggi alla stazione di Mestre<\/strong><\/a> adatti a ogni tua necessit\u00e0, come:<\/p>\n\n\n\n<div style=\"height:30px\" aria-hidden=\"true\" class=\"wp-block-spacer\"><\/div>\n\n\n\n<p class=\"has-medium-font-size\"><strong><a href=\"\/parcheggio-stazione-venezia-mestre\/saba-stazione-mestre\" target=\"_blank\" data-type=\"link\" data-id=\"https:\/\/www.parkingmycar.it\/parcheggio-stazione-venezia-mestre\/saba-stazione-mestre\" rel=\"noreferrer noopener\">Saba Stazione Mestre<\/a><\/strong><\/p>\n\n\n\n<div style=\"height:10px\" aria-hidden=\"true\" class=\"wp-block-spacer\"><\/div>\n\n\n\n<p>Di fronte alla stazione dei treni, questo parcheggio coperto consente di prendere uno dei numerosi treni diretti a Venezia. Sarai l\u00ec in pochi minuti! Goditi la Regata Storica veneziana in totale libert\u00e0, con la tua auto parcheggiata al sicuro.<\/p>\n\n\n\n<a class=\"gb-button gb-button-a5e4dcb1 gb-button-text\" href=\"\/parcheggio-stazione-venezia-mestre\/saba-stazione-mestre\" target=\"_blank\" rel=\"noopener noreferrer\">VERIFICA DISPONIBILIT\u00c0<\/a>\n\n\n\n<div style=\"height:70px\" aria-hidden=\"true\" class=\"wp-block-spacer\"><\/div>\n\n\n\n<p class=\"has-medium-font-size\"><strong><a href=\"\/parcheggio-stazione-venezia-mestre\/ca-marcello-parking\" target=\"_blank\" rel=\"noreferrer noopener\">Ca&#8217; Marcello Parking<\/a><\/strong><\/p>\n\n\n\n<p>Questo parcheggio multipiano si trova a 3 min a piedi dalla stazione di Venezia \u2013 Mestre. \u00c8 il punto di sosta 7\/7 ideale per chi desidera raggiungere il centro di Venezia in pochi minuti in bus o treno.<\/p>\n\n\n\n<a class=\"gb-button gb-button-bd7db52c gb-button-text\" href=\"\/parcheggio-stazione-venezia-mestre\/ca-marcello-parking\" target=\"_blank\" rel=\"noopener noreferrer\">VERIFICA DISPONIBILIT\u00c0<\/a>\n\n\n\n<div style=\"height:70px\" aria-hidden=\"true\" class=\"wp-block-spacer\"><\/div>\n\n\n\n<h3 class=\"wp-block-heading\" id=\"parcheggio-e-navetta-gratuita-per-venezia\"><strong>Parcheggio e <mark style=\"background-color:#eed3b6\" class=\"has-inline-color\">navetta gratuita<\/mark> per Venezia<\/strong><\/h3>\n\n\n\n<div style=\"height:10px\" aria-hidden=\"true\" class=\"wp-block-spacer\"><\/div>\n\n\n\n<p><strong>Venice Utility Parking <\/strong>dispone di posti auto coperti o scoperti e garantisce <strong>trasferimento gratuito per Piazzale Roma<\/strong>. La navetta inclusa nel prezzo del parcheggio \u00e8 disponibile per un massimo di 8 passeggeri per prenotazione, con servizio attivo sia all&#8217;andata che al ritorno.<\/p>\n\n\n\n<a class=\"gb-button gb-button-24a8a035 gb-button-text\" href=\"\/parcheggio-venezia-centro\/venice-utility-park\" target=\"_blank\" rel=\"noopener noreferrer\">VERIFICA DISPONIBILIT\u00c0<\/a>\n\n\n\n<div style=\"height:70px\" aria-hidden=\"true\" class=\"wp-block-spacer\"><\/div>\n\n\n\n<h2 class=\"wp-block-heading\" id=\"regate-storiche-venezia-le-origini\"><strong>Regate Storiche Venezia: le origini<\/strong><\/h2>\n\n\n\n<div style=\"height:10px\" aria-hidden=\"true\" class=\"wp-block-spacer\"><\/div>\n\n\n\n<p>La Regata Storica di Venezia ha origini risalenti al XIII secolo con le prime documentazioni ufficiali riportate in un decreto del 1315 del doge Giovanni Soranzo. La prima vera \u201cregata\u201d si colloca nel 1500. Da quel momento in poi, l\u2019evento si \u00e8 evoluto nel corso dei secoli, diventando non solo una manifestazione simbolo della presenza navale, ma anche <strong>rappresentazione della cultura e della tradizione della citt\u00e0<\/strong>.&nbsp;<\/p>\n\n\n\n<p>Da sempre catalizzatore dell\u2019interesse di cittadini e curiosi, la Regata Storica \u00e8 un\u2019occasione per <strong>festeggiare<\/strong>, <strong>gareggiare <\/strong>e, soprattutto, per divertirsi insieme.<\/p>\n\n\n\n<div style=\"height:30px\" aria-hidden=\"true\" class=\"wp-block-spacer\"><\/div>\n\n\n\n<h2 class=\"wp-block-heading\" id=\"regata-di-venezia-date-e-programma\"><strong>Regata di Venezia 2025: date e programma<\/strong><\/h2>\n\n\n\n<div style=\"height:10px\" aria-hidden=\"true\" class=\"wp-block-spacer\"><\/div>\n\n\n\n<p>La Regata Storica di Venezia 2025 si svolger\u00e0 <strong>domenica 7 settembre<\/strong>, confermando il tradizionale appuntamento previsto per la &#8220;prima domenica del mese&#8221;.<\/p>\n\n\n<div class=\"wp-block-image\">\n<figure class=\"alignleft size-full\"><img decoding=\"async\" width=\"600\" height=\"338\" src=\"https:\/\/www.parkingmycar.it\/blog\/wp-content\/uploads\/2024\/08\/regata-storica-veneziana-1.jpg\" alt=\"Dettaglio imbarcazione durante la regata storica veneziana\" class=\"wp-image-3886\" srcset=\"https:\/\/www.parkingmycar.it\/blog\/wp-content\/uploads\/2024\/08\/regata-storica-veneziana-1.jpg 600w, https:\/\/www.parkingmycar.it\/blog\/wp-content\/uploads\/2024\/08\/regata-storica-veneziana-1-300x169.jpg 300w\" sizes=\"(max-width: 600px) 100vw, 600px\" \/><\/figure>\n<\/div>\n\n\n<p>L&#8217;evento si aprir\u00e0 con un <strong>corteo storico<\/strong> &#8211; sportivo animato da imbarcazioni tradizionali e da figuranti in costume (doge, dogaresse e altre alte cariche locali).  Percorrer\u00e0 il tradizionale itinerario che dal <em>Bacino di San Marco<\/em> attraversa il <strong>Canal Grande<\/strong>, passando per <em>Rialto<\/em> e <em>Ferrovia<\/em>, per poi risalire fino a <em>Ca\u2019 Foscari<\/em>.<\/p>\n\n\n\n<p>Seguiranno, quindi, la <strong>Regata<\/strong> <strong>delle Maciarele e delle Schie<\/strong>:<strong> <\/strong><em>Maciarele Senior<\/em>, <em>Schie<\/em> e <em>Maciarele Junior<\/em> e le categorie <strong>giovani<\/strong>: Giovanissime (mascarete), Giovanissimi (pupparini) e la <em>Regata delle Caroline a sei remi<\/em>.<\/p>\n\n\n\n<p>La giornata proseguir\u00e0 con la <em>Sfida Remiera Internazionale delle Universit\u00e0<\/em> su galeoni a otto remi, seguita dalle mascarete femminili e dalla finale <strong>Regata dei Gondolini a due remi<\/strong>, a partire dalle ore 18:10 circa.<\/p>\n\n\n\n<p>*<em>Il programma riportato in questo articolo potrebbe subire variazioni: consulta il sito ufficiale della <a href=\"https:\/\/www.regatastoricavenezia.it\/\" data-type=\"link\" data-id=\"https:\/\/www.regatastoricavenezia.it\/\" target=\"_blank\" rel=\"noreferrer noopener\">Regata Storica Venezia<\/a> all&#8217;approssimarsi della data dell&#8217;evento<\/em>.<\/p>\n\n\n\n<div style=\"height:30px\" aria-hidden=\"true\" class=\"wp-block-spacer\"><\/div>\n\n\n\n<h3 class=\"wp-block-heading\" id=\"disnar-per-la-storica-e-benedizione-dei-gondolini\"><strong>Disnar per la Storica e Benedizione dei Gondolini<\/strong><\/h3>\n\n\n\n<div style=\"height:10px\" aria-hidden=\"true\" class=\"wp-block-spacer\"><\/div>\n\n\n\n<p>Se vuoi immergerti nella particolare atmosfera che anticipa questo evento, potresti raggiungere Venezia gi\u00e0 da <strong>venerd\u00ec 29 agosto<\/strong>; cos\u00ec facendo, apprezzerai il <strong>Disnar per la Storica<\/strong>: ogni cittadino porter\u00e0 cibo e bevande da condividere in tavolate libere nei luoghi simbolo della citt\u00e0, con prove di voga dal pomeriggio e una serata dedicata alla promozione della voga veneta, tra presentazioni, racconti e proiezioni. Anche gioved\u00ec 4 settembre c\u2019\u00e8 un avvenimento da non perdere: la cerimonia di presentazione degli equipaggi, con la benedizione di fasce e imbarcazioni; la cosiddetta, <strong>Benedizione dei Gondolini<\/strong>.<\/p>\n\n\n\n<div style=\"height:30px\" aria-hidden=\"true\" class=\"wp-block-spacer\"><\/div>\n\n\n\n<h2 class=\"wp-block-heading\" id=\"come-vedere-la-regata-storica-a-venezia\"><strong>Come vedere la Regata Storica di Venezia<\/strong><\/h2>\n\n\n\n<div style=\"height:10px\" aria-hidden=\"true\" class=\"wp-block-spacer\"><\/div>\n\n\n\n<p>Per vivere al massimo l&#8217;esperienza della Regata Storica veneziana, il consiglio \u00e8 di trovare posto lungo le rive del <strong>Canal Grande<\/strong>, ad esempio in zona Rialto, o nei pressi di Riva degli Schiavoni. In alternativa, puoi scegliere una tribuna o prenotare un tavolo in hotel o ristoranti con vista privilegiata, perfetti per fotografare ogni momento della regata. Ricordati di muoverti in anticipo per conquistare il tuo <em>angolo<\/em> <em>ideale<\/em>!<\/p>\n\n\n\n<p><strong>Quest&#8217;anno seguirai la Regata solo con il pensiero?<\/strong><\/p>\n\n\n\n<p>Non preoccuparti: potrai sentire addosso l&#8217;emozione dell&#8217;evento anche da casa, sintonizzandoti su <strong>Rai 2<\/strong> a partire dalle ore 17:15 o seguendo la diretta social sui canali del <a href=\"https:\/\/www.comune.venezia.it\/\" target=\"_blank\" rel=\"noreferrer noopener\">Comune di Venezia<\/a> e sulla pagina<strong> Facebook<\/strong>: <a href=\"https:\/\/www.facebook.com\/RegataStoricaVenezia\" data-type=\"link\" data-id=\"https:\/\/www.facebook.com\/RegataStoricaVenezia\" target=\"_blank\" rel=\"noreferrer noopener\">Regata Storica<\/a>.<\/p>\n\n\n\n<div style=\"height:30px\" aria-hidden=\"true\" class=\"wp-block-spacer\"><\/div>\n\n\n\n<h2 class=\"wp-block-heading\" id=\"regata-storica-venezia-ultimi-consigli-prima-dellevento\"><strong>Regata Storica a Venezia: ultimi consigli prima dell\u2019evento<\/strong><\/h2>\n\n\n\n<div style=\"height:10px\" aria-hidden=\"true\" class=\"wp-block-spacer\"><\/div>\n\n\n\n<p>La Regata Storica di Venezia non \u00e8 solo una gara: \u00e8 un tuffo nel passato, cultura e tradizioni<strong> <\/strong>di una delle citt\u00e0 pi\u00f9 affascinanti al mondo. Per goderti l&#8217;atmosfera unica di questo evento basta un tocco di pianificazione: stabilisci in anticipo le <strong>date<\/strong> del tuo arrivo, prenota il <strong>parcheggio<\/strong> e pensa all&#8217; eventuale <strong>pernottamento<\/strong> in laguna. Prima di partire, dai un&#8217;occhiata alle ultime <strong>notizie<\/strong> sui canali ufficiali. Prepara un abbigliamento comodo, leggero e all\u2019occorrenza impermeabile. E non dimenticare l&#8217;essenziale: <strong>cappellino in testa <\/strong>e una bottiglia d&#8217;acqua sempre con te.<\/p>\n\n\n\n<p>Un ultimo consiglio: scarica l\u2019<strong>app ParkingMyCar<\/strong> (<strong><a href=\"https:\/\/apps.apple.com\/app\/apple-store\/id1613368206?pt=123732674&amp;ct=IT-IT_PMC_C_APP_iOS_Blog-post&amp;mt=8\" data-type=\"link\" data-id=\"https:\/\/apps.apple.com\/app\/apple-store\/id1613368206?pt=123732674&amp;ct=IT-IT_PMC_C_APP_iOS_Blog-post&amp;mt=8\" target=\"_blank\" rel=\"noopener\">iOS<\/a><\/strong>, <strong><a href=\"https:\/\/play.google.com\/store\/apps\/details?id=it.parkingmycar.parkingmyapp&amp;referrer=utm_source%3Dpmc%26utm_medium%3Dblog%26utm_content%3Dpost%26utm_campaign%3DIT-IT_PMC_C_APP_Android_Blog-post\" data-type=\"link\" data-id=\"https:\/\/play.google.com\/store\/apps\/details?id=it.parkingmycar.parkingmyapp&amp;referrer=utm_source%3Dpmc%26utm_medium%3Dblog%26utm_content%3Dpost%26utm_campaign%3DIT-IT_PMC_C_APP_Android_Blog-post\" target=\"_blank\" rel=\"noopener\">Android<\/a><\/strong>) per gestire il parcheggio in modo semplice e veloce. <em>Tutto pronto? Goditi la Regata Storica veneziana!<\/em><\/p>\n\n\n\n<div style=\"height:50px\" aria-hidden=\"true\" class=\"wp-block-spacer\"><\/div>\n","protected":false},"excerpt":{"rendered":"<p>La Regata Storica di Venezia nel 2025 si svolger\u00e0, come da tradizione, la prima domenica di settembre. Scopri dove parcheggiare.<\/p>\n","protected":false},"author":4,"featured_media":3896,"comment_status":"closed","ping_status":"closed","sticky":false,"template":"","format":"standard","meta":{"footnotes":""},"categories":[6],"tags":[60,39],"class_list":["post-3847","post","type-post","status-publish","format-standard","has-post-thumbnail","hentry","category-eventi-esperienze","tag-parcheggi-citta","tag-venezia","infinite-scroll-item","generate-columns","tablet-grid-50","mobile-grid-100","grid-parent","grid-50"],"_links":{"self":[{"href":"https:\/\/www.parkingmycar.it\/blog\/wp-json\/wp\/v2\/posts\/3847","targetHints":{"allow":["GET"]}}],"collection":[{"href":"https:\/\/www.parkingmycar.it\/blog\/wp-json\/wp\/v2\/posts"}],"about":[{"href":"https:\/\/www.parkingmycar.it\/blog\/wp-json\/wp\/v2\/types\/post"}],"author":[{"embeddable":true,"href":"https:\/\/www.parkingmycar.it\/blog\/wp-json\/wp\/v2\/users\/4"}],"replies":[{"embeddable":true,"href":"https:\/\/www.parkingmycar.it\/blog\/wp-json\/wp\/v2\/comments?post=3847"}],"version-history":[{"count":56,"href":"https:\/\/www.parkingmycar.it\/blog\/wp-json\/wp\/v2\/posts\/3847\/revisions"}],"predecessor-version":[{"id":13363,"href":"https:\/\/www.parkingmycar.it\/blog\/wp-json\/wp\/v2\/posts\/3847\/revisions\/13363"}],"wp:featuredmedia":[{"embeddable":true,"href":"https:\/\/www.parkingmycar.it\/blog\/wp-json\/wp\/v2\/media\/3896"}],"wp:attachment":[{"href":"https:\/\/www.parkingmycar.it\/blog\/wp-json\/wp\/v2\/media?parent=3847"}],"wp:term":[{"taxonomy":"category","embeddable":true,"href":"https:\/\/www.parkingmycar.it\/blog\/wp-json\/wp\/v2\/categories?post=3847"},{"taxonomy":"post_tag","embeddable":true,"href":"https:\/\/www.parkingmycar.it\/blog\/wp-json\/wp\/v2\/tags?post=3847"}],"curies":[{"name":"wp","href":"https:\/\/api.w.org\/{rel}","templated":true}]}}