{"id":5608,"date":"2025-02-05T09:00:00","date_gmt":"2025-02-05T08:00:00","guid":{"rendered":"https:\/\/www.parkingmycar.it\/blog\/?p=5608"},"modified":"2026-02-24T10:56:21","modified_gmt":"2026-02-24T09:56:21","slug":"carnevale-venezia-programma","status":"publish","type":"post","link":"https:\/\/www.parkingmycar.it\/blog\/carnevale-venezia-programma\/","title":{"rendered":"Carnevale Venezia 2025: date, programma e dove parcheggiare"},"content":{"rendered":"\n<div class=\"wp-block-rank-math-toc-block\" id=\"rank-math-toc\"><p><strong>In questo articolo:<\/strong><\/p><nav><ul><li class=\"\"><a href=\"#carnevale-venezia-date\">Date Carnevale Venezia 2025<\/a><ul><\/ul><\/li><li class=\"\"><a href=\"#carnevale-venezia-tanti-imperdibili-eventi-in-programma\">Eventi in programma:<\/a><ul><li class=\"\"><a href=\"#carnival-official-dinner-show-2025\">1) Carnival Official Dinner Show 2025<\/a><\/li><li class=\"\"><a href=\"#venice-carnival-street-show-2025\">2) Venice Carnival Street Show 2025<\/a><\/li><li class=\"\"><a href=\"#festa-veneziana-sullacqua-corteo-acqueo-carnevale-venezia-2025\">3) Festa veneziana sull\u2019acqua (Corteo acqueo Carnevale Venezia 2025)<\/a><\/li><li class=\"\"><a href=\"#arsenale-water-show-2025\">4) Arsenale Water Show 2025<\/a><\/li><li class=\"\"><a href=\"#5-venice-carnival-forte-marghera\">5) Venice Carnival @ Forte Marghera<\/a><\/li><\/ul><\/li><li class=\"\"><a href=\"#dove-sfilano-i-carri-allegorici-a-venezia\">Dove sfilano i carri allegorici a Venezia:<\/a><ul><li class=\"\"><a href=\"#sfilata-di-carri-allegorici-a-pallestrina\">Sfilata a Pellestrina<\/a><\/li><li class=\"\"><a href=\"#sfilata-di-carri-allegorici-lido-di-venezia\">Sfilata al Lido di Venezia<\/a><\/li><li class=\"\"><a href=\"#sfilata-di-carri-allegorici-a-campalto\">Sfilata a Marghera<\/a><\/li><li class=\"\"><a href=\"#sfilata-di-carri-allegorici-a-campalto-1\">Sfilata a Campalto<\/a><\/li><li class=\"\"><a href=\"#sfilata-di-carri-allegorici-a-mestre-ve\">Sfilata a Mestre<\/a><\/li><li class=\"\"><a href=\"#sfilata-di-carri-allegorici-a-zellarino\">Sfilata a Zelarino<\/a><\/li><\/ul><\/li><li class=\"\"><a href=\"#come-arrivare-e-dove-parcheggiare-per-il-carnevale-venezia-2025\">Come arrivare e dove parcheggiare per il Carnevale Venezia 2025\u00a0<\/a><ul><\/ul><\/li><li class=\"\"><a href=\"#consigli-utili-per-il-carnevale-di-venezia-2025\">Consigli utili per il Carnevale di Venezia 2025\u00a0<\/a><\/li><\/ul><\/nav><\/div>\n\n\n\n<div style=\"height:50px\" aria-hidden=\"true\" class=\"wp-block-spacer\"><\/div>\n\n\n\n<p>Ed ecco <strong>Venezia a Carnevale&#8230; scherzosa, goliardica, colorata, divertente<\/strong>. Questa festa ha origine in tempi lontani, pi\u00f9 precisamente nell\u2019epoca della Serenissima. Sin da allora offre a residenti e forestieri, l\u2019occasione per svagarsi in un clima di leggerezza e anonimato; ebbene s\u00ec: all\u2019epoca, l\u2019utilizzo di maschere e costumi garantiva un livellamento tra i ceti sociali. Sebbene ai giorni nostri questi concetti siano superati, il Carnevale resta un\u2019occasione per indossare una maschera e vestire i panni di re, regine, dame, cavalieri, <em>Pantaloni <\/em>e <em>Arlecchini<\/em>. Quando inizia e come si svolge il <strong>Carnevale 2025 a Venezia<\/strong>? Scopriamo questo e molto altro nell\u2019articolo di oggi.<\/p>\n\n\n\n<div style=\"height:30px\" aria-hidden=\"true\" class=\"wp-block-spacer\"><\/div>\n\n\n\n<h2 class=\"wp-block-heading\" id=\"carnevale-venezia-date\"><strong>Date Carnevale Venezia 2025<\/strong><\/h2>\n\n\n\n<div style=\"height:10px\" aria-hidden=\"true\" class=\"wp-block-spacer\"><\/div>\n\n\n\n<p>Venezia e il Carnevale sono un binomio famoso in tutto il mondo.&nbsp;Ma&#8230;<em> quando inizia il Carnevale di Venezia? Quali eventi ci sono in programma?<\/em><\/p>\n\n\n\n<p>Quest\u2019anno, l\u2019inizio Carnevale Venezia \u00e8 previsto per <strong>domenica 16 febbraio<\/strong>. La citt\u00e0, per\u00f2, si prepara ai festeggiamenti in anticipo, con eventi a partire gi\u00e0 dal venerd\u00ec prima, il <strong>14 febbraio<\/strong>.&nbsp;<\/p>\n\n\n\n<div style=\"height:30px\" aria-hidden=\"true\" class=\"wp-block-spacer\"><\/div>\n\n\n\n<h3 class=\"wp-block-heading\" id=\"quanto-dura-il-carnevale-di-venezia\"><strong><em>Quanto dura il Carnevale di Venezia?<\/em><\/strong><\/h3>\n\n\n\n<div style=\"height:10px\" aria-hidden=\"true\" class=\"wp-block-spacer\"><\/div>\n\n\n\n<p>La festa si protrarr\u00e0 per oltre 15 giorni, con la chiusura stabilita per <strong>marted\u00ec 4 marzo<\/strong>.<\/p>\n\n\n\n<div style=\"height:30px\" aria-hidden=\"true\" class=\"wp-block-spacer\"><\/div>\n\n\n\n<h3 class=\"wp-block-heading\" id=\"quando-andare-a-venezia-per-il-carnevale\"><strong><em>Quando andare a Venezia per il Carnevale?&nbsp;<\/em><\/strong><\/h3>\n\n\n\n<div style=\"height:10px\" aria-hidden=\"true\" class=\"wp-block-spacer\"><\/div>\n\n\n<div class=\"wp-block-image\">\n<figure class=\"alignright size-full\"><img decoding=\"async\" width=\"600\" height=\"400\" src=\"https:\/\/www.parkingmycar.it\/blog\/wp-content\/uploads\/2025\/01\/carnevale-venezia-1.jpg\" alt=\"Maschere di Carnevale in Piazza San Marco Venezia\" class=\"wp-image-5618\" srcset=\"https:\/\/www.parkingmycar.it\/blog\/wp-content\/uploads\/2025\/01\/carnevale-venezia-1.jpg 600w, https:\/\/www.parkingmycar.it\/blog\/wp-content\/uploads\/2025\/01\/carnevale-venezia-1-300x200.jpg 300w\" sizes=\"(max-width: 600px) 100vw, 600px\" \/><\/figure>\n<\/div>\n\n\n<p>Vorremmo scegliere noi per te, ma purtroppo non c\u2019\u00e8 una risposta univoca. Potresti stabilire di recarti in laguna per l\u2019apertura del Carnevale o per il <em>Marted\u00ec Grasso<\/em>, che precede l&#8217;inizio della Quaresima; sta a te decidere in quale\/i data\/e preferisci presenziare, in base agli appuntamenti in cartellone e alle rappresentazioni alle quali vuoi assistere. In linea generale, l\u2019evento \u00e8 articolato in 3 momenti cardine, che sono:<\/p>\n\n\n\n<ul class=\"wp-block-list\">\n<li><strong>Inaugurazione Carnevale Venezia \u2013&nbsp; <\/strong><strong>14 febbraio<\/strong>: oltre a San Valentino, \u00e8 il giorno di apertura del Carnevale; \u00e8 prevista una serata \u201cspeciale\u201d per celebrare l&#8217;amore e gli innamorati.<\/li>\n\n\n\n<li><strong>I 3 weekend<\/strong> <strong>\u2013 <em>15\/16,  22\/23 febbraio e 1\/2 marzo<\/em><\/strong>: i fine settimana accoglieranno il maggior numero di eventi e partecipanti, non mancheranno numerosi spettacoli e feste. Se vuoi sapere quando si terra il <em>Volo dell&#8217;Angelo<\/em>, ti informiamo che questo evento non \u00e8 pi\u00f9 in auge dal 2020: non preoccuparti, ci sono tantissimi altri emozionanti appuntamenti in programma. Scoprili tutti sul sito ufficiale: <a href=\"https:\/\/carnevale.venezia.it\/\" target=\"_blank\" rel=\"noreferrer noopener\">Carnevale Venezia sito ufficiale<\/a>.<\/li>\n\n\n\n<li><strong>Fine del Carnevale \u2013 <em>4 marzo<\/em>:<\/strong> \u00e8 il momento del Gran Finale; l&#8217;ultima sfilata dichiarer\u00e0 ufficialmente chiuso il Carnevale.<\/li>\n<\/ul>\n\n\n\n<div style=\"height:30px\" aria-hidden=\"true\" class=\"wp-block-spacer\"><\/div>\n\n\n\n<h2 class=\"wp-block-heading\" id=\"carnevale-venezia-tanti-imperdibili-eventi-in-programma\"><strong>Eventi in programma al Carnevale Venezia 2025<\/strong><\/h2>\n\n\n\n<div style=\"height:10px\" aria-hidden=\"true\" class=\"wp-block-spacer\"><\/div>\n\n\n\n<p>Il Carnevale di Venezia 2025, dedicato al <strong>\u201cTempo di Casanova<\/strong>\u201d, ovvero alla figura del personaggio storico veneziano Giacomo Girolamo Casanova, si svolger\u00e0 sotto la direzione artistica di Massimo Cecchetto.<\/p>\n\n\n\n<p><strong>Come si festeggia il Carnevale a Venezia nel 2025?&nbsp;<\/strong>&nbsp;<\/p>\n\n\n\n<p>Tra i principali eventi da non perdere, oltre all\u2019inaugurazione e alla chiusura del periodo festoso, ci sono:&nbsp;<\/p>\n\n\n\n<div style=\"height:30px\" aria-hidden=\"true\" class=\"wp-block-spacer\"><\/div>\n\n\n\n<h3 class=\"wp-block-heading\" id=\"carnival-official-dinner-show-2025\"><strong>1) Carnival Official Dinner Show 2025<\/strong><\/h3>\n\n\n\n<div style=\"height:10px\" aria-hidden=\"true\" class=\"wp-block-spacer\"><\/div>\n\n\n\n<p>Un evento che \u00e8 un viaggio nel tempo, tra passione, intrighi e seduzione in vero stile \u201cCasanova\u201d. Un salto nel cuore del XVIII secolo, per rivivere il fascino e i misteri dell\u2019epoca.&nbsp;By <em>Anton\u00eda Sautter<\/em>.<\/p>\n\n\n\n<ul class=\"wp-block-list\">\n<li><strong>Date: <\/strong>22 \u2013 24 febbraio e dal 27 febbraio al 4 marzo&nbsp;<\/li>\n\n\n\n<li><strong>Orario:<\/strong> 21:00 \u2013 2:00<\/li>\n\n\n\n<li><strong>Location: <\/strong>presso Ca\u2019 Vendramin Calergi&nbsp;<\/li>\n\n\n\n<li><strong>Travestimento<\/strong>: obbligatorio costume d\u2019epoca o a tema&nbsp;<\/li>\n\n\n\n<li><strong>Ticket:<\/strong> puoi acquistare i tuoi biglietti online <a href=\"https:\/\/biglietteriaonline.tm.vivaticket.com\/biglietteria\/listaEventiPub.do?idOwner=279018&amp;codice=offdinn25\" target=\"_blank\" rel=\"noreferrer noopener\">qui<\/a> o presso i punti vendita autorizzati sul territorio&nbsp;<\/li>\n<\/ul>\n\n\n\n<div style=\"height:30px\" aria-hidden=\"true\" class=\"wp-block-spacer\"><\/div>\n\n\n\n<h3 class=\"wp-block-heading\" id=\"venice-carnival-street-show-2025\"><strong>2) Venice Carnival Street Show 2025<\/strong><\/h3>\n\n\n\n<div style=\"height:10px\" aria-hidden=\"true\" class=\"wp-block-spacer\"><\/div>\n\n\n\n<p>Il carnevale di Venezia si espande e popola le calli e i campi della citt\u00e0. Scopri artisti nazionali e internazionali, musica ed eventi sui canali ufficiali.&nbsp;<\/p>\n\n\n\n<ul class=\"wp-block-list\">\n<li><strong>Date:<\/strong> dal 21 al 23 febbraio e dal 27 febbraio al 4 marzo 2025<\/li>\n\n\n\n<li><strong>Location: <\/strong>in giro per la citt\u00e0<\/li>\n\n\n\n<li><strong>Travestimento<\/strong>: costume a scelta&nbsp;<\/li>\n\n\n\n<li><strong>Ticket:<\/strong> libero; inoltre, non \u00e8 necessario il <a href=\"\/blog\/ticket-per-entrare-a-venezia\/\" target=\"_blank\" rel=\"noreferrer noopener\"><strong>ticket per entrare a Venezia<\/strong><\/a>.<\/li>\n<\/ul>\n\n\n\n<div style=\"height:30px\" aria-hidden=\"true\" class=\"wp-block-spacer\"><\/div>\n\n\n\n<h3 class=\"wp-block-heading\" id=\"festa-veneziana-sullacqua-corteo-acqueo-carnevale-venezia-2025\"><strong>3) Festa veneziana sull\u2019acqua (Corteo acqueo Carnevale Venezia 2025)<\/strong><\/h3>\n\n\n\n<div style=\"height:10px\" aria-hidden=\"true\" class=\"wp-block-spacer\"><\/div>\n\n\n\n<p>La <em>Festa veneziana<\/em> si snoda sull\u2019acqua con la sfilata di imbarcazioni tradizionali, capitanata dalla celebre \u201cPantegana\u201d di cartapesta. Coriandoli, barche e travestimenti fantasiosi, trasformeranno il Canal Grande in uno spettacolo a cielo aperto con un\u2019atmosfera colma di sorrisi e allegria.<\/p>\n\n\n\n<ul class=\"wp-block-list\">\n<li><strong>Date:<\/strong> domenica 16 febbraio&nbsp;<\/li>\n\n\n\n<li><strong>Location:<\/strong> si parte da Punta della Dogana e si prosegue fino a Rialto&nbsp;<\/li>\n\n\n\n<li><strong>Dress Code<\/strong>: libero&nbsp;<\/li>\n\n\n\n<li><strong>Ticket<\/strong>: il programma dell\u2019evento \u00e8 in corso di aggiornamento<\/li>\n<\/ul>\n\n\n\n<p>Sempre sull&#8217;acqua avr\u00e0 luogo l&#8217;attesa<strong> Festa delle Marie<\/strong>, durante la quale sfileranno le 12 fanciulle selezionate; l&#8217;appuntamento per questo evento \u00e8 fissato per sabato 22 febbraio 2025 dalle ore 15:30 alle 17:00.<\/p>\n\n\n\n<div style=\"height:30px\" aria-hidden=\"true\" class=\"wp-block-spacer\"><\/div>\n\n\n\n<h3 class=\"wp-block-heading\" id=\"arsenale-water-show-2025\"><strong>4) Arsenale Water Show 2025<\/strong><\/h3>\n\n\n\n<div style=\"height:10px\" aria-hidden=\"true\" class=\"wp-block-spacer\"><\/div>\n\n\n\n<p>L\u2019Arsenale di Venezia, sulla scia del successo delle precedenti edizioni, torner\u00e0 a incantare il pubblico con un <strong>suggestivo spettacolo narrativo sull\u2019acqua<\/strong> tra fontane danzanti, effetti scenici, musica e parole.&nbsp;<\/p>\n\n\n\n<ul class=\"wp-block-list\">\n<li><strong>Data: <\/strong>dal 21 al 23 febbraio e dal 27 febbraio al 4 marzo 2025<\/li>\n\n\n\n<li><strong>Orario:<\/strong> dalle ore 18:45 \u2013 21:00<\/li>\n\n\n\n<li><strong>Location:<\/strong> Arsenale Darsena Grande (Arsenale Nord &#8211; Accesso Bacini)<\/li>\n\n\n\n<li><strong>Dress Code<\/strong>: libero&nbsp;<\/li>\n\n\n\n<li><strong>Ticket<\/strong>: puoi acquistarlo <a href=\"https:\/\/biglietteriaonline.tm.vivaticket.com\/biglietteria\/listaEventiPub.do?idOwner=279017&amp;codice=giacomoinlove\" data-type=\"link\" data-id=\"https:\/\/biglietteriaonline.tm.vivaticket.com\/biglietteria\/listaEventiPub.do?idOwner=279017&amp;codice=giacomoinlove\" target=\"_blank\" rel=\"noreferrer noopener\">qui<\/a>; <em>attenzione! Per sabato 1 marzo i biglietti sono gi\u00e0 in esaurimento<\/em>.<\/li>\n<\/ul>\n\n\n\n<p>A seguire, nelle giornate del 21 &#8211; 22 febbraio e del 2 &#8211; 4 marzo, l&#8217;evento che anima la notte veneziana: l&#8217;<strong>Arsenale Carnival Experience<\/strong>.<\/p>\n\n\n\n<div style=\"height:30px\" aria-hidden=\"true\" class=\"wp-block-spacer\"><\/div>\n\n\n\n<h3 class=\"wp-block-heading\" id=\"5-venice-carnival-forte-marghera\"><strong>5) Venice Carnival @ Forte Marghera<\/strong><\/h3>\n\n\n\n<div style=\"height:10px\" aria-hidden=\"true\" class=\"wp-block-spacer\"><\/div>\n\n\n\n<p>Tre serate di musica per ballare e cantare sulle hit pi\u00f9 in voga. Il Carnevale in festa \u00e8 qui!<\/p>\n\n\n\n<ul class=\"wp-block-list\">\n<li><strong>Data: <\/strong>sabato 22 febbraio \u2013  venerd\u00ec 28 febbraio \u2013 sabato 1 marzo<\/li>\n\n\n\n<li><strong>Orario:<\/strong> dalle ore 23:00<\/li>\n\n\n\n<li><strong>Location:<\/strong> via Forte Marghera 30, Forte Marghera (VE)<\/li>\n\n\n\n<li><strong>Dress Code<\/strong>: audace<\/li>\n\n\n\n<li><strong>Ticket<\/strong>: puoi acquistare i ticket <a href=\"https:\/\/www.ticketsms.it\/event\/Madre-Terra-W-Ale-De-Tuglie-Venezia-Dock-29-Forte-Marghera-22-02-2025\" data-type=\"link\" data-id=\"https:\/\/www.ticketsms.it\/event\/Madre-Terra-W-Ale-De-Tuglie-Venezia-Dock-29-Forte-Marghera-22-02-2025\" target=\"_blank\" rel=\"noreferrer noopener\">qui<\/a>, scegliendo la serata \u2013 evento che preferisci<\/li>\n<\/ul>\n\n\n\n<p>Non vuoi perderti tutti gli eventi pi\u00f9 cool del Carnevale 2025? Ricordati che sabato 1 marzo puoi fare un salto anche al <strong>Perplex Carnival Party 2025<\/strong>.<\/p>\n\n\n\n<div style=\"height:30px\" aria-hidden=\"true\" class=\"wp-block-spacer\"><\/div>\n\n\n\n<h2 class=\"wp-block-heading\" id=\"feste-di-carnevale-a-venezia-il-divertimento-e-per-tutti\"><strong>Feste di Carnevale a Venezia<\/strong><strong>: il divertimento \u00e8 per tutti<\/strong><\/h2>\n\n\n\n<div style=\"height:10px\" aria-hidden=\"true\" class=\"wp-block-spacer\"><\/div>\n\n\n<div class=\"wp-block-image\">\n<figure class=\"alignleft size-full\"><img decoding=\"async\" width=\"600\" height=\"338\" src=\"https:\/\/www.parkingmycar.it\/blog\/wp-content\/uploads\/2025\/01\/carnevale-venezia-2.jpg\" alt=\"Bimbo mascherato al Carnevale di Venezia\" class=\"wp-image-5617\" srcset=\"https:\/\/www.parkingmycar.it\/blog\/wp-content\/uploads\/2025\/01\/carnevale-venezia-2.jpg 600w, https:\/\/www.parkingmycar.it\/blog\/wp-content\/uploads\/2025\/01\/carnevale-venezia-2-300x169.jpg 300w\" sizes=\"(max-width: 600px) 100vw, 600px\" \/><\/figure>\n<\/div>\n\n\n<p>Dalla laguna, a Mestre, fino alla terraferma veneziana: durante l\u2019intera durata del Carnevale hanno luogo ovunque sul territorio rievocazioni storiche, visite guidate, carri allegorici, spettacoli teatrali al <em>Teatro La Fenice<\/em> e il celebre <em>Concorso delle Maschere<\/em> di Venezia, che premia il travestimento pi\u00f9 originale dell\u2019anno. Anche i palazzi storici aprono le porte a rappresentazioni teatrali, appuntamenti culturali e ad eleganti balli a tema, come il famoso <a href=\"https:\/\/ilballodeldoge.com\/it\/\" target=\"_blank\" rel=\"noreferrer noopener\">Ballo del Doge<\/a>, un evento esclusivo che proietta direttamente nell\u2019anima avita della citt\u00e0. Non mancano, infine, numerosi <strong>eventi per famiglie e bambini<\/strong>, con laboratori, spettacoli, acrobazie e sfilate dedicate ai pi\u00f9 piccini. A Carnevale, Venezia si trasforma in un luogo di incanto, tutto da scoprire.<\/p>\n\n\n\n<div style=\"height:30px\" aria-hidden=\"true\" class=\"wp-block-spacer\"><\/div>\n\n\n\n<h2 class=\"wp-block-heading\" id=\"dove-sfilano-i-carri-allegorici-a-venezia\"><strong>Dove sfilano i carri allegorici a Venezia?<\/strong><\/h2>\n\n\n\n<div style=\"height:10px\" aria-hidden=\"true\" class=\"wp-block-spacer\"><\/div>\n\n\n\n<p>I carri allegorici sono una delle presenze pi\u00f9 attese del Carnevale. Scopri la lista delle sfilate di carri a Venezia e provincia e mettiti in prima fila per lanciare le stelle filanti a maschere e mascherine.<\/p>\n\n\n\n<div style=\"height:10px\" aria-hidden=\"true\" class=\"wp-block-spacer\"><\/div>\n\n\n\n<h3 class=\"wp-block-heading\" id=\"sfilata-di-carri-allegorici-a-pallestrina\"><strong>Sfilata di carri allegorici a Pellestrina<\/strong><\/h3>\n\n\n\n<ul class=\"wp-block-list\">\n<li><strong>Data: <\/strong>gioved\u00ec 27 febbraio 2025<\/li>\n\n\n\n<li><strong>Orario:<\/strong> ore 15:00 \u2013 18:30<\/li>\n\n\n\n<li><strong>Luogo: <\/strong>Sestier Scarpa 952, Venezia<\/li>\n<\/ul>\n\n\n\n<div style=\"height:10px\" aria-hidden=\"true\" class=\"wp-block-spacer\"><\/div>\n\n\n\n<h3 class=\"wp-block-heading\" id=\"sfilata-di-carri-allegorici-lido-di-venezia\"><strong>Sfilata di carri allegorici Lido di Venezia<\/strong><\/h3>\n\n\n\n<ul class=\"wp-block-list\">\n<li><strong>Data: <\/strong>venerd\u00ec 28 febbraio 2025<\/li>\n\n\n\n<li><strong>Orario:<\/strong> ore 15:00 \u2013 19:00<\/li>\n\n\n\n<li><strong>Luogo: <\/strong>Riviera Santa Maria Elisabetta, Lido di Venezia<\/li>\n<\/ul>\n\n\n\n<div style=\"height:10px\" aria-hidden=\"true\" class=\"wp-block-spacer\"><\/div>\n\n\n\n<h3 class=\"wp-block-heading\" id=\"sfilata-di-carri-allegorici-a-campalto\"><strong>Sfilata di carri allegorici a Marghera<\/strong><\/h3>\n\n\n\n<ul class=\"wp-block-list\">\n<li><strong>Data: <\/strong>sabato 1 marzo 2025<\/li>\n\n\n\n<li><strong>Orario:<\/strong> ore 15:00 \u2013 18:00<\/li>\n\n\n\n<li><strong>Luogo: <\/strong>Piazza Mercato, Marghera (VE)<\/li>\n<\/ul>\n\n\n\n<div style=\"height:10px\" aria-hidden=\"true\" class=\"wp-block-spacer\"><\/div>\n\n\n\n<h3 class=\"wp-block-heading\" id=\"sfilata-di-carri-allegorici-a-campalto-1\"><strong>Sfilata di carri allegorici a Campalto<\/strong><\/h3>\n\n\n\n<ul class=\"wp-block-list\">\n<li><strong>Data: <\/strong>domenica 2 marzo 2025<\/li>\n\n\n\n<li><strong>Orario:<\/strong> ore 14:00 \u2013 20:00<\/li>\n\n\n\n<li><strong>Luogo: <\/strong>Campalto (VE)<\/li>\n<\/ul>\n\n\n\n<div style=\"height:10px\" aria-hidden=\"true\" class=\"wp-block-spacer\"><\/div>\n\n\n\n<h3 class=\"wp-block-heading\" id=\"sfilata-di-carri-allegorici-a-mestre-ve\"><strong>Sfilata di carri allegorici a Mestre<\/strong><\/h3>\n\n\n\n<ul class=\"wp-block-list\">\n<li><strong>Data: <\/strong>luned\u00ec 3 marzo 2025<\/li>\n\n\n\n<li><strong>Orario:<\/strong> ore 15:30 \u2013 17:00<\/li>\n\n\n\n<li><strong>Luogo: <\/strong>via San Pio X, Mestre (VE)<\/li>\n<\/ul>\n\n\n\n<div style=\"height:10px\" aria-hidden=\"true\" class=\"wp-block-spacer\"><\/div>\n\n\n\n<h3 class=\"wp-block-heading\" id=\"sfilata-di-carri-allegorici-a-zellarino\"><strong>Sfilata di carri allegorici a Zelarino<\/strong><\/h3>\n\n\n\n<ul class=\"wp-block-list\">\n<li><strong>Data: <\/strong>marted\u00ec 4 marzo 2025<\/li>\n\n\n\n<li><strong>Orario:<\/strong> ore 14:30 \u2013 17:00<\/li>\n\n\n\n<li><strong>Luogo: <\/strong>Zelarino (VE)<\/li>\n<\/ul>\n\n\n\n<div style=\"height:30px\" aria-hidden=\"true\" class=\"wp-block-spacer\"><\/div>\n\n\n\n<h2 class=\"wp-block-heading\" id=\"come-arrivare-e-dove-parcheggiare-per-il-carnevale-venezia-2025\"><strong>Come arrivare e dove parcheggiare per il Carnevale Venezia 2025<\/strong>&nbsp;<\/h2>\n\n\n\n<div style=\"height:10px\" aria-hidden=\"true\" class=\"wp-block-spacer\"><\/div>\n\n\n\n<p>Venezia \u00e8 una destinazione unica al mondo, per questo occorre proteggerla, limitando il carico turistico e adottando comportamenti atti a limitare eccessivi aggravi sul suo delicato ecosistema. Un\u2019attenta <strong>pianificazione degli spostamenti<\/strong> fa parte delle <em>best pratice <\/em>per chi arriva da fuori citt\u00e0. In un momento dell\u2019anno intenso come il Carnevale \u00e8 consigliabile utilizzare i mezzi pubblici, come i vaporetti, per muoversi in comodit\u00e0 e senza stress. <\/p>\n\n\n\n<p>Un altro suggerimento \u00e8 quello di <strong>organizzare in anticipo le tappe che si desidera effettuare<\/strong>, per evitare code e affollamenti nei principali punti di interesse, o fuori dai locali. Prenotare in anticipo il parcheggio, inoltre, potrebbe essere un\u2019ottima idea per chi arriva in Laguna da altre zone della regione e d\u2019Italia.<\/p>\n\n\n\n<div style=\"height:30px\" aria-hidden=\"true\" class=\"wp-block-spacer\"><\/div>\n\n\n\n<h3 class=\"wp-block-heading\" id=\"parcheggi-a-venezia\"><a href=\"\/parcheggio-venezia-centro\" target=\"_blank\" rel=\"noreferrer noopener\"><strong>Parcheggi a Venezia<\/strong>&nbsp;<\/a><\/h3>\n\n\n\n<div style=\"height:10px\" aria-hidden=\"true\" class=\"wp-block-spacer\"><\/div>\n\n\n\n<p>Il punto pi\u00f9 vicino al centro di Venezia adibito al parcheggio \u00e8 il Tronchetto. In tutti i casi, \u00e8 possibile posteggiare il proprio mezzo in zone limitrofe e raggiungere il centro in pochi attimi con i mezzi pubblici. Ecco alcuni esempi:&nbsp;<\/p>\n\n\n\n<ul class=\"wp-block-list\">\n<li><a href=\"\/parcheggio-stazione-venezia-mestre\/ca-marcello-parking\" target=\"_blank\" rel=\"noreferrer noopener\"><strong>Ca<\/strong>&#8216;<strong> Marcello Parking<\/strong><\/a> \u2013 arrivi da Venezia&nbsp;\u2013&nbsp;Mestre a&nbsp;Venezia in <strong>10 minuti con autobus o treno.&nbsp;<\/strong><\/li>\n\n\n\n<li><strong><a href=\"\/parcheggio-venezia-centro\/terminal-fusina-venezia\" target=\"_blank\" rel=\"noreferrer noopener\">Terminal Fusina Venezia<\/a><\/strong> \u2013 sei in centro in<strong> pochi attimi con il vaporetto<\/strong>, che circola ogni 30&#8242;.&nbsp;<\/li>\n\n\n\n<li><strong><a href=\"\/parcheggio-venezia-centro\/marive-parking\" target=\"_blank\" rel=\"noreferrer noopener\">Marive Parking<\/a><\/strong> \u2013 con incluso il ticket in loco per il <strong>traghetto per Venezia<\/strong>, attivo tutti i giorni con orario 9:00 \u2013 18:00.<\/li>\n\n\n\n<li><a href=\"\/parcheggio-venezia-centro\/venice-utility-park\" data-type=\"link\" data-id=\"https:\/\/www.parkingmycar.it\/parcheggio-venezia-centro\/venice-utility-park\" target=\"_blank\" rel=\"noreferrer noopener\"><strong>Venice Utility Parking<\/strong><\/a> \u2013 con <strong>navetta gratuita da e per Piazzale Roma<\/strong>, per raggiungere il centro in pochi minuti.<\/li>\n<\/ul>\n\n\n\n<div style=\"height:30px\" aria-hidden=\"true\" class=\"wp-block-spacer\"><\/div>\n\n\n\n<h3 class=\"wp-block-heading\" id=\"la-convenienza-dei-parcheggi-a-venezia-mestre\"><strong>La convenienza dei parcheggi a Venezia \u2013 Mestre<\/strong>&nbsp;<\/h3>\n\n\n\n<div style=\"height:10px\" aria-hidden=\"true\" class=\"wp-block-spacer\"><\/div>\n\n\n\n<p>Un\u2019alternativa comoda, pratica e vantaggiosa, consiste nel parcheggiare immediatamente nei paraggi della stazione di Venezia \u2013 Mestre, ad esempio al <a href=\"\/parcheggio-stazione-venezia-mestre\/saba-stazione-mestre\" target=\"_blank\" rel=\"noreferrer noopener\"><strong>Saba Stazione Mestre<\/strong><\/a>, e raggiungere, a qualsiasi ora del giorno ma anche in orario serale, <strong>Venezia in treno<\/strong>. Il costo del biglietto \u00e8 davvero esiguo, e la comodit\u00e0 superiore alla stra grande maggioranza delle soluzioni di sosta. Scopri di pi\u00f9 cliccando sul link qui sotto.&nbsp;<\/p>\n\n\n\n<div style=\"height:50px\" aria-hidden=\"true\" class=\"wp-block-spacer\"><\/div>\n\n\n<div class=\"gb-container gb-container-2b8e0d74\">\n<div class=\"gb-container gb-container-7daf7699\">\n\n<div class=\"gb-headline gb-headline-ebeceb19 gb-headline-text\"><strong><strong><a href=\"\/parcheggio-stazione-venezia-mestre\" target=\"_blank\" rel=\"noreferrer noopener\">Parcheggi per il Carnevale Venezia 2025<\/a><\/strong><\/strong><\/div>\n\n\n\n<div style=\"height:10px\" aria-hidden=\"true\" class=\"wp-block-spacer\"><\/div>\n\n\n\n<div class=\"gb-headline gb-headline-2b4a5cdc gb-headline-text\"><em><mark style=\"background-color:#c8c8c8\" class=\"has-inline-color\">Parcheggia il tuo mezzo e in pochi istanti sei a Venezia, senza pensieri.<\/mark><\/em><\/div>\n\n\n\n<div style=\"height:10px\" aria-hidden=\"true\" class=\"wp-block-spacer\"><\/div>\n\n\n<div class=\"gb-container gb-container-738197b1\">\n\n<a class=\"gb-button gb-button-892f9791\" href=\"\/parcheggio-stazione-venezia-mestre\" target=\"_blank\" rel=\"noopener noreferrer\"><span class=\"gb-button-text\">Cerca parcheggio<\/span><span class=\"gb-icon\"><svg aria-hidden=\"true\" role=\"img\" height=\"1em\" width=\"1em\" viewBox=\"0 0 256 512\" xmlns=\"http:\/\/www.w3.org\/2000\/svg\"><path fill=\"currentColor\" d=\"M224.3 273l-136 136c-9.4 9.4-24.6 9.4-33.9 0l-22.6-22.6c-9.4-9.4-9.4-24.6 0-33.9l96.4-96.4-96.4-96.4c-9.4-9.4-9.4-24.6 0-33.9L54.3 103c9.4-9.4 24.6-9.4 33.9 0l136 136c9.5 9.4 9.5 24.6.1 34z\"><\/path><\/svg><\/span><\/a>\n\n<\/div>\n<\/div>\n<\/div>\n\n\n<div style=\"height:70px\" aria-hidden=\"true\" class=\"wp-block-spacer\"><\/div>\n\n\n\n<h2 class=\"wp-block-heading\" id=\"consigli-utili-per-il-carnevale-di-venezia-2025\"><strong>Consigli utili per il Carnevale di Venezia 2025<\/strong>&nbsp;<\/h2>\n\n\n\n<p>Hai appena scoperto i dettagli utili per vivere <strong>uno degli eventi artistici pi\u00f9 suggestivi al mondo<\/strong>. Con la sua atmosfera, dove il tempo sembra fermarsi e avvolgere la citt\u00e0 in un&#8217;aura senza tempo, questa edizione del Carnevale si prospetta ricca di sorprese ed esperienze straordinarie. Sei in perfetto orario per organizzarti al meglio e immergerti in questa festa indimenticabile! Prenota in anticipo il tuo alloggio, eventuali accessi agli eventi e il parcheggio. <\/p>\n\n\n\n<p>Hai gi\u00e0 scaricato la nostra app per la sosta per <strong><a href=\"https:\/\/apps.apple.com\/app\/apple-store\/id1613368206?pt=123732674&amp;ct=IT-IT_PMC_C_APP_iOS_Blog-post&amp;mt=8\" data-type=\"link\" data-id=\"https:\/\/apps.apple.com\/app\/apple-store\/id1613368206?pt=123732674&amp;ct=IT-IT_PMC_C_APP_iOS_Blog-post&amp;mt=8\" target=\"_blank\" rel=\"noopener\">iOS<\/a><\/strong> o <strong><a href=\"https:\/\/play.google.com\/store\/apps\/details?id=it.parkingmycar.parkingmyapp&amp;referrer=utm_source%3Dpmc%26utm_medium%3Dblog%26utm_content%3Dpost%26utm_campaign%3DIT-IT_PMC_C_APP_Android_Blog-post\" data-type=\"link\" data-id=\"https:\/\/play.google.com\/store\/apps\/details?id=it.parkingmycar.parkingmyapp&amp;referrer=utm_source%3Dpmc%26utm_medium%3Dblog%26utm_content%3Dpost%26utm_campaign%3DIT-IT_PMC_C_APP_Android_Blog-post\" target=\"_blank\" rel=\"noopener\">Android<\/a><\/strong> che ti consente di spostarti e parcheggiare in modo facile e rapido? Liberati dalla routine e lascia che la tua creativit\u00e0 ti guidi nella scelta o nella realizzazione della maschera che pi\u00f9 ti rappresenta. <strong>Buon divertimento con il Carnevale di Venezia 2025<\/strong>.\u00a0<\/p>\n\n\n\n<div style=\"height:50px\" aria-hidden=\"true\" class=\"wp-block-spacer\"><\/div>\n","protected":false},"excerpt":{"rendered":"<p>Venezia ti aspetta per il Carnevale 2025. Dal 14 febbraio al 4 marzo, immergiti nel \u201cTempo di Casanova\u201d con spettacoli mozzafiato, feste e balli in maschera per tutti i gusti e le et\u00e0.<\/p>\n","protected":false},"author":4,"featured_media":5619,"comment_status":"closed","ping_status":"closed","sticky":false,"template":"","format":"standard","meta":{"footnotes":""},"categories":[6],"tags":[51,79,60,39],"class_list":["post-5608","post","type-post","status-publish","format-standard","has-post-thumbnail","hentry","category-eventi-esperienze","tag-consigli-utili","tag-feste-e-ricorrenze","tag-parcheggi-citta","tag-venezia","infinite-scroll-item","generate-columns","tablet-grid-50","mobile-grid-100","grid-parent","grid-50"],"_links":{"self":[{"href":"https:\/\/www.parkingmycar.it\/blog\/wp-json\/wp\/v2\/posts\/5608","targetHints":{"allow":["GET"]}}],"collection":[{"href":"https:\/\/www.parkingmycar.it\/blog\/wp-json\/wp\/v2\/posts"}],"about":[{"href":"https:\/\/www.parkingmycar.it\/blog\/wp-json\/wp\/v2\/types\/post"}],"author":[{"embeddable":true,"href":"https:\/\/www.parkingmycar.it\/blog\/wp-json\/wp\/v2\/users\/4"}],"replies":[{"embeddable":true,"href":"https:\/\/www.parkingmycar.it\/blog\/wp-json\/wp\/v2\/comments?post=5608"}],"version-history":[{"count":36,"href":"https:\/\/www.parkingmycar.it\/blog\/wp-json\/wp\/v2\/posts\/5608\/revisions"}],"predecessor-version":[{"id":12686,"href":"https:\/\/www.parkingmycar.it\/blog\/wp-json\/wp\/v2\/posts\/5608\/revisions\/12686"}],"wp:featuredmedia":[{"embeddable":true,"href":"https:\/\/www.parkingmycar.it\/blog\/wp-json\/wp\/v2\/media\/5619"}],"wp:attachment":[{"href":"https:\/\/www.parkingmycar.it\/blog\/wp-json\/wp\/v2\/media?parent=5608"}],"wp:term":[{"taxonomy":"category","embeddable":true,"href":"https:\/\/www.parkingmycar.it\/blog\/wp-json\/wp\/v2\/categories?post=5608"},{"taxonomy":"post_tag","embeddable":true,"href":"https:\/\/www.parkingmycar.it\/blog\/wp-json\/wp\/v2\/tags?post=5608"}],"curies":[{"name":"wp","href":"https:\/\/api.w.org\/{rel}","templated":true}]}}