{"id":5671,"date":"2025-01-29T09:00:00","date_gmt":"2025-01-29T08:00:00","guid":{"rendered":"https:\/\/www.parkingmycar.it\/blog\/?p=5671"},"modified":"2026-03-16T17:25:20","modified_gmt":"2026-03-16T16:25:20","slug":"eventi-venezia","status":"publish","type":"post","link":"https:\/\/www.parkingmycar.it\/blog\/eventi-venezia\/","title":{"rendered":"Eventi Venezia 2025 da non perdere\u00a0"},"content":{"rendered":"\n<div class=\"wp-block-rank-math-toc-block\" id=\"rank-math-toc\"><h2><strong>Calendario Eventi Venezia 2025:<\/strong><\/h2><nav><ul><li class=\"\"><a href=\"#1-liconico-carnevale-di-venezia\">Carnevale di Venezia<\/a><\/li><li class=\"\"><a href=\"#2-biennale-architettura-di-carlo-ratti\">Biennale Architettura<\/a><\/li><li class=\"\"><a href=\"#3-salone-nautico-di-venezia\">Salone Nautico\u00a0<\/a><\/li><li class=\"\"><a href=\"#4-la-sportiva-vogalonga\">Vogalonga\u00a0<\/a><\/li><li class=\"\"><a href=\"#5-i-fuochi-della-festa-del-redentore\">Festa del Redentore\u00a0<\/a><\/li><li class=\"\"><a href=\"#6-il-festival-del-cinema-di-venezia\">Festival del Cinema<\/a><\/li><li class=\"\"><a href=\"#7-regata-storica-di-venezia-e-veleziana-2025\">Regata storica e Veleziana<\/a><\/li><li class=\"\"><a href=\"#8-venice-marathon-la-super-maratona\">Venice Marathon<\/a><\/li><li class=\"\"><a href=\"#9-la-spirituale-madonna-della-salute\">Madonna della Salute\u00a0<\/a><\/li><li class=\"\"><a href=\"#10-mercatini-di-natale-a-venezia-e-dintorni\">Mercatini di Natale<\/a><\/li><li class=\"\"><a href=\"#consigli-utili-per-un-2025-di-eventi-e-divertimento\">Consigli utili per un 2025 di eventi e divertimento\u00a0<\/a><\/li><\/ul><\/nav><\/div>\n\n\n\n<div style=\"height:50px\" aria-hidden=\"true\" class=\"wp-block-spacer\"><\/div>\n\n\n\n<p>Ogni anno, Venezia, citt\u00e0 d\u2019arte, cultura e tradizioni secolari, presenta il suo <strong>fitto calendario di eventi<\/strong>: mostre, esposizioni, rievocazioni storiche, appuntamenti culturali, e molto altro ancora. Il 2025 non sar\u00e0 da meno, grazie a imperdibili appuntamenti che consentiranno di cogliere la palla al balzo per visitare la laguna, se \u00e8 la tua prima volta, o per rispolverare il fascino di canali, palazzi, di Piazza San Marco insieme a migliaia di visitatori, che ogni giorno scelgono questa destinazione per trascorrere un fine settimana o l\u2019intera vacanza. Sai quali sono i 10 eventi a Venezia che nel 2025 \u00e8 assolutamente sconsigliato perdere? Te li sveliamo noi, <strong>mese per mese<\/strong>!<\/p>\n\n\n\n<div style=\"height:30px\" aria-hidden=\"true\" class=\"wp-block-spacer\"><\/div>\n\n\n\n<h2 class=\"wp-block-heading\" id=\"1-liconico-carnevale-di-venezia\"><strong>1) L&#8217;iconico Carnevale di Venezia<\/strong><\/h2>\n\n\n\n<div style=\"height:10px\" aria-hidden=\"true\" class=\"wp-block-spacer\"><\/div>\n\n\n\n<p>Questo \u00e8 il primo <em>must \u2013 visit<\/em> da segnare sulla tua agenda 2025 \u2013 2026. Il Carnevale di Venezia \u00e8 una delle manifestazioni pi\u00f9 famose al mondo: tra spettacoli, costumi, scenografie mozzafiato e maschere eleganti, piazze e canali si animeranno a festa. \u00c8 una celebrazione a cui ti consigliamo di partecipare, tutti gli anni o <em>minimo minimo<\/em> una volta nella vita!<\/p>\n\n\n\n<p><strong><a href=\"\/blog\/carnevale-venezia-programma\/\" target=\"_blank\" rel=\"noreferrer noopener\">Scopri date e programma del Carnevale Venezia 2025<\/a><\/strong>&nbsp;<\/p>\n\n\n\n<ul class=\"wp-block-list\">\n<li><strong>Dove: <\/strong>in centro a Venezia, tra canali, strade e palazzi.<\/li>\n\n\n\n<li><strong>Quando:<\/strong> <em>dal 14 febbraio al 4 marzo<\/em>.<\/li>\n<\/ul>\n\n\n\n<div style=\"height:50px\" aria-hidden=\"true\" class=\"wp-block-spacer\"><\/div>\n\n\n\n<div class=\"wp-block-media-text is-stacked-on-mobile\" style=\"grid-template-columns:20% auto\"><figure class=\"wp-block-media-text__media\"><img decoding=\"async\" width=\"1024\" height=\"1024\" src=\"https:\/\/www.parkingmycar.it\/blog\/wp-content\/uploads\/2024\/04\/e9fpe1ie_qr_code-1024x1024.png\" alt=\"QR code app ParkingMyCar\" class=\"wp-image-4513 size-full\" srcset=\"https:\/\/www.parkingmycar.it\/blog\/wp-content\/uploads\/2024\/04\/e9fpe1ie_qr_code-1024x1024.png 1024w, https:\/\/www.parkingmycar.it\/blog\/wp-content\/uploads\/2024\/04\/e9fpe1ie_qr_code-300x300.png 300w, https:\/\/www.parkingmycar.it\/blog\/wp-content\/uploads\/2024\/04\/e9fpe1ie_qr_code-150x150.png 150w, https:\/\/www.parkingmycar.it\/blog\/wp-content\/uploads\/2024\/04\/e9fpe1ie_qr_code-768x768.png 768w, https:\/\/www.parkingmycar.it\/blog\/wp-content\/uploads\/2024\/04\/e9fpe1ie_qr_code.png 1130w\" sizes=\"(max-width: 1024px) 100vw, 1024px\" \/><\/figure><div class=\"wp-block-media-text__content\">\n<div style=\"height:30px\" aria-hidden=\"true\" class=\"wp-block-spacer\"><\/div>\n\n\n\n<p class=\"has-text-align-left\" style=\"font-size:24px\"><a href=\"\/app\"><strong>Scarica l&#8217;app e parcheggia a Venezia con ParkingMyCar! <\/strong><\/a><\/p>\n\n\n\n<p class=\"has-text-align-left\"><strong>pi\u00f9 veloce, ovunque con te.<\/strong><\/p>\n\n\n\n<div class=\"wp-block-columns is-not-stacked-on-mobile is-layout-flex wp-container-core-columns-is-layout-9d6595d7 wp-block-columns-is-layout-flex\">\n<div class=\"wp-block-column is-layout-flow wp-block-column-is-layout-flow\" style=\"flex-basis:150px\"><div class=\"wp-block-image\">\n<figure class=\"aligncenter size-full is-resized\"><a href=\"https:\/\/apps.apple.com\/it\/app\/parkingmycar\/id1613368206\" target=\"_blank\" rel=\" noreferrer noopener\"><img decoding=\"async\" width=\"180\" height=\"53\" src=\"https:\/\/www.parkingmycar.it\/blog\/wp-content\/uploads\/2024\/04\/downloadapp_appstore.png\" alt=\"banner ios app store\" class=\"wp-image-1641\" style=\"width:150px\"\/><\/a><\/figure>\n<\/div><\/div>\n\n\n\n<div class=\"wp-block-column is-layout-flow wp-block-column-is-layout-flow\" style=\"flex-basis:150px\"><div class=\"wp-block-image\">\n<figure class=\"aligncenter size-full is-resized\"><a href=\"https:\/\/play.google.com\/store\/apps\/details?id=it.parkingmycar.parkingmyapp\" target=\"_blank\" rel=\" noreferrer noopener\"><img decoding=\"async\" width=\"180\" height=\"53\" src=\"https:\/\/www.parkingmycar.it\/blog\/wp-content\/uploads\/2024\/04\/downloadapp_playstore.png\" alt=\"banner google play store\" class=\"wp-image-1643\" style=\"width:150px\"\/><\/a><\/figure>\n<\/div><\/div>\n<\/div>\n<\/div><\/div>\n\n\n\n<div style=\"height:70px\" aria-hidden=\"true\" class=\"wp-block-spacer\"><\/div>\n\n\n\n<h2 class=\"wp-block-heading\" id=\"2-biennale-architettura-di-carlo-ratti\"><strong>2) Biennale Architettura di Carlo Ratti<\/strong><\/h2>\n\n\n\n<div style=\"height:10px\" aria-hidden=\"true\" class=\"wp-block-spacer\"><\/div>\n\n\n\n<p>La Mostra Internazionale di Architettura giunge oggi alla sua diciannovesima edizione. Curata dal celebre architetto e ingegnere Carlo Ratti, il titolo dell\u2019evento \u201c<strong>Intelligens. Naturale. Artificiale. Collettiva<\/strong>.\u201d racchiude la natura dei contenuti, delle idee e dei progetti che verranno proposti al pubblico.&nbsp;<\/p>\n\n\n\n<ul class=\"wp-block-list\">\n<li><strong>Dove: <\/strong>Giardini della Biennale, Arsenale e altri luoghi di Venezia.<\/li>\n\n\n\n<li><strong>Quando:<\/strong> <em>dal 10 maggio al 23 novembre<\/em>.<\/li>\n<\/ul>\n\n\n\n<p><strong><a href=\"\/blog\/biennale-venezia\/\" target=\"_blank\" rel=\"noreferrer noopener\">Scopri tutto sulla Biennale Venezia 2025<\/a><\/strong>.<\/p>\n\n\n\n<div style=\"height:30px\" aria-hidden=\"true\" class=\"wp-block-spacer\"><\/div>\n\n\n\n<h2 class=\"wp-block-heading\" id=\"3-salone-nautico-di-venezia\"><strong>3) Salone Nautico di Venezia<\/strong><\/h2>\n\n\n\n<div style=\"height:10px\" aria-hidden=\"true\" class=\"wp-block-spacer\"><\/div>\n\n\n\n<p>Il Salone Nautico torna a Venezia, nello storico Arsenale, per un imperdibile evento dedicato agli appassionati del mondo del mare e della navigazione. La fiera, una delle pi\u00f9 importanti del settore, ospiter\u00e0 oltre 200 espositori e 300 imbarcazioni su un bacino acqueo di 55.000 metri quadri. Sar\u00e0 un\u2019esperienza oltremodo coinvolgente e immersiva; hai preso nota? Per approfondimenti puoi visitare il sito ufficiale dell&#8217;evento: <a href=\"https:\/\/salonenautico.venezia.it\/\" target=\"_blank\" rel=\"noreferrer noopener\">Salone Nautico Venezia<\/a>.<\/p>\n\n\n\n<ul class=\"wp-block-list\">\n<li><strong>Dove:<\/strong> Arsenale di Venezia.<\/li>\n\n\n\n<li><strong>Quando:<\/strong> <em>dal 29 maggio al 2 giugno<\/em>.<\/li>\n<\/ul>\n\n\n\n<div style=\"height:30px\" aria-hidden=\"true\" class=\"wp-block-spacer\"><\/div>\n\n\n\n<h2 class=\"wp-block-heading\" id=\"4-la-sportiva-vogalonga\"><strong>4) La sportiva Vogalonga<\/strong><\/h2>\n\n\n\n<div style=\"height:10px\" aria-hidden=\"true\" class=\"wp-block-spacer\"><\/div>\n\n\n\n<p>La Vogalonga veneziana celebra l\u2019amore per la laguna, per l\u2019acqua e per la voga con un percorso sportivo non competitivo&nbsp;lungo&nbsp;ben 30 chilometri. Rematori da tutto il mondo convergeranno a Venezia per completare lo storico itinerario, accompagnati dal supporto e sotto lo sguardo meravigliato di turisti e visitatori. Scopri tutti i dettagli sul sito ufficiale: <a href=\"https:\/\/vogalonga.com\/it\/\" target=\"_blank\" rel=\"noreferrer noopener\">Vogalonga<\/a>.&nbsp;<\/p>\n\n\n\n<ul class=\"wp-block-list\">\n<li><strong>Dove: <\/strong>il percorso si estendeattraverso i canali delle Vignole, di Sant\u2019Erasmo, San Francesco del Deserto, le isole di Burano e Murano, fino al Canal Grande.<\/li>\n\n\n\n<li><strong>Quando:<\/strong> <em>8 giugno<\/em>.<\/li>\n<\/ul>\n\n\n\n<div style=\"height:30px\" aria-hidden=\"true\" class=\"wp-block-spacer\"><\/div>\n\n\n\n<h2 class=\"wp-block-heading\" id=\"5-i-fuochi-della-festa-del-redentore\"><strong>5) I fuochi della Festa del Redentore<\/strong><\/h2>\n\n\n\n<div style=\"height:10px\" aria-hidden=\"true\" class=\"wp-block-spacer\"><\/div>\n\n\n<div class=\"wp-block-image\">\n<figure class=\"alignright size-full\"><img decoding=\"async\" width=\"600\" height=\"400\" src=\"https:\/\/www.parkingmycar.it\/blog\/wp-content\/uploads\/2025\/01\/eventi-venezia-1.jpg\" alt=\"Eventi Venezia: coppia in Piazza San Marco\" class=\"wp-image-5700\" srcset=\"https:\/\/www.parkingmycar.it\/blog\/wp-content\/uploads\/2025\/01\/eventi-venezia-1.jpg 600w, https:\/\/www.parkingmycar.it\/blog\/wp-content\/uploads\/2025\/01\/eventi-venezia-1-300x200.jpg 300w\" sizes=\"(max-width: 600px) 100vw, 600px\" \/><\/figure>\n<\/div>\n\n\n<p>Il terzo fine settimana di luglio ha luogo, a Venezia, la Festa del Redentore, uno tra gli avvenimenti pi\u00f9 sentiti dai residenti e da chi accorre da ogni dove per ammirare giochi di luce, riflessi sull\u2019acqua e il magico spettacolo pirotecnico che illumina il cielo sopra il bacino di San Marco.<\/p>\n\n\n\n<ul class=\"wp-block-list\">\n<li><strong>Dove: <\/strong>Isola della Giudecca e Bacino di San Marco.<\/li>\n\n\n\n<li><strong>Quando:<\/strong> <em>dal 18 al 20 luglio<\/em>.<\/li>\n<\/ul>\n\n\n\n<p><strong><a href=\"\/blog\/festa-del-redentore-venezia\/\" target=\"_blank\" rel=\"noreferrer noopener\">Ultima edizione<\/a><\/strong>.<\/p>\n\n\n\n<div style=\"height:30px\" aria-hidden=\"true\" class=\"wp-block-spacer\"><\/div>\n\n\n\n<h2 class=\"wp-block-heading\" id=\"6-il-festival-del-cinema-di-venezia\"><strong>6) Il Festival del Cinema di Venezia<\/strong>&nbsp;<\/h2>\n\n\n\n<div style=\"height:10px\" aria-hidden=\"true\" class=\"wp-block-spacer\"><\/div>\n\n\n\n<p>L\u2019appuntamento con l\u201982. Mostra Internazionale d\u2019Arte Cinematografica a Venezia \u00e8 in calendario per fine agosto \u2013 inizio settembre 2025 e si svolger\u00e0 nella consueta cornice del Lido di Venezia. Un appuntamento imperdibile per appassionati cinefili e addetti ai lavori. Ad alternarsi sul palco del Festival film d\u2019autore, anteprime internazionali, assegnazione di premi, incontri con registi e l\u2019immancabile <em>Red Carpet<\/em>, che vedr\u00e0 sfilare attori, stilisti, celebrit\u00e0 e altre star.&nbsp;<\/p>\n\n\n\n<ul class=\"wp-block-list\">\n<li><strong>Dove:<\/strong> Lido di Venezia.<\/li>\n\n\n\n<li><strong>Quando:<\/strong> <em>dal 27 agosto al 6 settembre<\/em>.<\/li>\n<\/ul>\n\n\n\n<p><strong><a href=\"\/blog\/festival-cinematografico-venezia\/\" target=\"_blank\" rel=\"noreferrer noopener\">Ultima edizione<\/a><\/strong>.<\/p>\n\n\n\n<div style=\"height:30px\" aria-hidden=\"true\" class=\"wp-block-spacer\"><\/div>\n\n\n\n<h2 class=\"wp-block-heading\" id=\"7-regata-storica-di-venezia-e-veleziana-2025\"><strong>7) Regata storica di Venezia e Veleziana 2025<\/strong><\/h2>\n\n\n\n<div style=\"height:10px\" aria-hidden=\"true\" class=\"wp-block-spacer\"><\/div>\n\n\n\n<p>Ogni anno, la prima domenica di settembre, si svolge la <strong>Regata Storica<\/strong>: un appuntamento pittoresco e coinvolgente, che ripercorre, tra le vie d\u2019acqua, storia e tradizione della citt\u00e0.<\/p>\n\n\n\n<p>Ti appassionano le regate? Non perderti allora, a ottobre 2025, la <strong>Veleziana<\/strong>, un evento che regala a chi partecipa la straordinaria opportunit\u00e0 di raggiungere Piazza San Marco e il Palazzo Ducale a <em>vele spiegate<\/em>; quest&#8217;anno la regata giunge alla edizione n\u00b0 18!<\/p>\n\n\n\n<ul class=\"wp-block-list\">\n<li><strong>Dove:<\/strong> la Regata Storica ha luogo lungo il Canal Grande, mentre la Veleziana parte dal mare dinnanzi al Lido di Venezia e si conclude in laguna, nei pressi di piazza San Marco.<\/li>\n\n\n\n<li><strong>Quando:<\/strong> <em>7 settembre (Regata Storica), 19 ottobre (Veleziana)<\/em>.<\/li>\n<\/ul>\n\n\n\n<p><strong><a href=\"\/blog\/regata-storica-veneziana\/\" target=\"_blank\" rel=\"noreferrer noopener\">Ultima edizione<\/a><\/strong>.<\/p>\n\n\n\n<div style=\"height:30px\" aria-hidden=\"true\" class=\"wp-block-spacer\"><\/div>\n\n\n\n<h2 class=\"wp-block-heading\" id=\"8-venice-marathon-la-super-maratona\"><strong>8) Venice Marathon: la super \u2013 maratona<\/strong>&nbsp;<\/h2>\n\n\n\n<div style=\"height:10px\" aria-hidden=\"true\" class=\"wp-block-spacer\"><\/div>\n\n\n\n<p>Ti piace correre? Allora non puoi perdere la Venice Marathon, una corsa internazionale che ogni anno attira atleti da tutto il mondo, che si recano a Venezia per attraversare in scarpe da running alcuni tra i luoghi pi\u00f9 caratteristici della citt\u00e0.&nbsp;<\/p>\n\n\n\n<ul class=\"wp-block-list\">\n<li><strong>Dove:<\/strong> si parte da Villa Pisani a Stra e si arriva alla Riva Sette Martiri a Venezia, con un percorso complessivo di 41,195 chilometri.<\/li>\n\n\n\n<li><strong>Quando:<\/strong> <em>26 ottobre.<\/em><\/li>\n<\/ul>\n\n\n\n<div style=\"height:30px\" aria-hidden=\"true\" class=\"wp-block-spacer\"><\/div>\n\n\n\n<h2 class=\"wp-block-heading\" id=\"9-la-spirituale-madonna-della-salute\"><strong>9) La spirituale Madonna della Salute<\/strong><\/h2>\n\n\n\n<div style=\"height:10px\" aria-hidden=\"true\" class=\"wp-block-spacer\"><\/div>\n\n\n<div class=\"wp-block-image\">\n<figure class=\"alignright size-full\"><img decoding=\"async\" width=\"600\" height=\"441\" src=\"https:\/\/www.parkingmycar.it\/blog\/wp-content\/uploads\/2025\/01\/eventi-venezia-3.jpg\" alt=\"Piazza San Marco Venezia\" class=\"wp-image-5702\" srcset=\"https:\/\/www.parkingmycar.it\/blog\/wp-content\/uploads\/2025\/01\/eventi-venezia-3.jpg 600w, https:\/\/www.parkingmycar.it\/blog\/wp-content\/uploads\/2025\/01\/eventi-venezia-3-300x221.jpg 300w\" sizes=\"(max-width: 600px) 100vw, 600px\" \/><\/figure>\n<\/div>\n\n\n<p>Il ventun novembre, a Venezia, si svolge la Festa della Madonna della Salute, una celebrazione religiosa molto sentita. Si tratta di un\u2019occasione di raccoglimento, ma anche di festeggiamento, tra bancarelle, luminarie e tradizioni culinarie locali.<\/p>\n\n\n\n<ul class=\"wp-block-list\">\n<li><strong>Dove:<\/strong> Basilica di Santa Maria della Salute nell&#8217;area di Punta della Dogana e altre zone di Venezia.<\/li>\n\n\n\n<li><strong>Quando:<\/strong> <em>21 novembre<\/em>.<\/li>\n<\/ul>\n\n\n\n<div style=\"height:30px\" aria-hidden=\"true\" class=\"wp-block-spacer\"><\/div>\n\n\n\n<h2 class=\"wp-block-heading\" id=\"10-mercatini-di-natale-a-venezia-e-dintorni\"><strong>10) Mercatini di Natale a Venezia e dintorni<\/strong><\/h2>\n\n\n\n<div style=\"height:10px\" aria-hidden=\"true\" class=\"wp-block-spacer\"><\/div>\n\n\n\n<p>A dicembre, Venezia e i suoi dintorni, isole della laguna inclusa, si prepara ad ospitare le calde atmosfere natalizie, con luci e addobbi che sfavillano per le strade della citt\u00e0. Oltre alle luminarie, saranno allestiti anche i colorati mercatini di Natale, il tradizionale albero e la pista di pattinaggio&#8230; per la gioia e il divertimento di grandi e piccini.<\/p>\n\n\n\n<ul class=\"wp-block-list\">\n<li><strong>Dove:<\/strong> A Venezia, l&#8217;accensione delle luminarie, avverr\u00e0 a partire da strada Nuova, per proseguire in Piazza San Marco e in altre vie del centro. A Mestre i festeggiamenti si avviano nel centro storico, in Piazza Ferretto e via Poerio.<\/li>\n\n\n\n<li><strong>Quando:<\/strong> <em>dal 23 novembre al 6 gennaio<\/em>.<\/li>\n<\/ul>\n\n\n\n<div style=\"height:30px\" aria-hidden=\"true\" class=\"wp-block-spacer\"><\/div>\n\n\n\n<h2 class=\"wp-block-heading\" id=\"consigli-utili-per-un-2025-di-eventi-e-divertimento\"><strong>Consigli utili per un 2025 di eventi e divertimento<\/strong>&nbsp;<\/h2>\n\n\n\n<div style=\"height:10px\" aria-hidden=\"true\" class=\"wp-block-spacer\"><\/div>\n\n\n\n<p>Questi sono solo i principali eventi previsti in laguna di Venezia per il 2025; come puoi vedere, qualsiasi siano le tue passioni e preferenze, per i prossimi dodici mesi non mancheranno certo le cose da fare! Quando ti capiter\u00e0 di chiederti: <em>quali sono gli eventi a Venezia oggi?<\/em> o vorrai esplorare i pi\u00f9 recenti aggiornamenti, potrai tornare a farci visita e visionare altri contenuti sul nostro blog.<\/p>\n\n\n\n<p>Ti ricordiamo che anche quest\u2019anno \u00e8 previsto il <a href=\"\/blog\/ticket-per-entrare-a-venezia\/\" target=\"_blank\" rel=\"noreferrer noopener\"><strong>ticket per entrare a Venezia<\/strong><\/a>, un contributo di accesso che si applicher\u00e0 in giornate specifiche tra aprile e luglio. Per evitare caos, ingolfamenti e perdite di tempo ti consigliamo di pianificare attentamente il tuo viaggio, prenotando in anticipo ingresso, eventuale pernotto presso le strutture ricettive del centro o limitrofe, e di riservare un comodo parcheggio o garage privato a Venezia, oppure a Venezia Mestre. Per gestire la sosta in modo smart, ti suggeriamo anche di scaricare la nostra <strong>app sui tuoi dispositivi&nbsp;<a href=\"https:\/\/apps.apple.com\/app\/apple-store\/id1613368206?pt=123732674&amp;ct=IT-IT_PMC_C_APP_iOS_Blog-post&amp;mt=8\" data-type=\"link\" data-id=\"https:\/\/apps.apple.com\/app\/apple-store\/id1613368206?pt=123732674&amp;ct=IT-IT_PMC_C_APP_iOS_Blog-post&amp;mt=8\" target=\"_blank\" rel=\"noopener\">iOS<\/a> &#8211;<\/strong> <strong><a href=\"https:\/\/play.google.com\/store\/apps\/details?id=it.parkingmycar.parkingmyapp&amp;referrer=utm_source%3Dpmc%26utm_medium%3Dblog%26utm_content%3Dpost%26utm_campaign%3DIT-IT_PMC_C_APP_Android_Blog-post\" data-type=\"link\" data-id=\"https:\/\/play.google.com\/store\/apps\/details?id=it.parkingmycar.parkingmyapp&amp;referrer=utm_source%3Dpmc%26utm_medium%3Dblog%26utm_content%3Dpost%26utm_campaign%3DIT-IT_PMC_C_APP_Android_Blog-post\" target=\"_blank\" rel=\"noopener\">Android<\/a><\/strong>).<\/p>\n\n\n\n<p><strong>&gt; <a href=\"https:\/\/www.parkingmycar.it\/parcheggio-venezia-centro\">Trova parcheggio a Venezia<\/a><\/strong><\/p>\n\n\n\n<p><strong>&gt; <a href=\"https:\/\/www.parkingmycar.it\/parcheggio-stazione-venezia-mestre\">Trova parcheggio a Venezia Mestre<\/a>&nbsp;<\/strong><\/p>\n\n\n\n<div style=\"height:50px\" aria-hidden=\"true\" class=\"wp-block-spacer\"><\/div>\n","protected":false},"excerpt":{"rendered":"<p>Scopri 10 eventi imperdibili di Venezia 2025: dal Carnevale alla Vogalonga, passando per la Biennale di Architettura e la Venice Marathon. Pianifica la tua esperienza e goditi il meglio della laguna.\u00a0<\/p>\n","protected":false},"author":4,"featured_media":5701,"comment_status":"closed","ping_status":"closed","sticky":false,"template":"","format":"standard","meta":{"footnotes":""},"categories":[6],"tags":[79,60,39],"class_list":["post-5671","post","type-post","status-publish","format-standard","has-post-thumbnail","hentry","category-eventi-esperienze","tag-feste-e-ricorrenze","tag-parcheggi-citta","tag-venezia","infinite-scroll-item","generate-columns","tablet-grid-50","mobile-grid-100","grid-parent","grid-50"],"_links":{"self":[{"href":"https:\/\/www.parkingmycar.it\/blog\/wp-json\/wp\/v2\/posts\/5671","targetHints":{"allow":["GET"]}}],"collection":[{"href":"https:\/\/www.parkingmycar.it\/blog\/wp-json\/wp\/v2\/posts"}],"about":[{"href":"https:\/\/www.parkingmycar.it\/blog\/wp-json\/wp\/v2\/types\/post"}],"author":[{"embeddable":true,"href":"https:\/\/www.parkingmycar.it\/blog\/wp-json\/wp\/v2\/users\/4"}],"replies":[{"embeddable":true,"href":"https:\/\/www.parkingmycar.it\/blog\/wp-json\/wp\/v2\/comments?post=5671"}],"version-history":[{"count":26,"href":"https:\/\/www.parkingmycar.it\/blog\/wp-json\/wp\/v2\/posts\/5671\/revisions"}],"predecessor-version":[{"id":13199,"href":"https:\/\/www.parkingmycar.it\/blog\/wp-json\/wp\/v2\/posts\/5671\/revisions\/13199"}],"wp:featuredmedia":[{"embeddable":true,"href":"https:\/\/www.parkingmycar.it\/blog\/wp-json\/wp\/v2\/media\/5701"}],"wp:attachment":[{"href":"https:\/\/www.parkingmycar.it\/blog\/wp-json\/wp\/v2\/media?parent=5671"}],"wp:term":[{"taxonomy":"category","embeddable":true,"href":"https:\/\/www.parkingmycar.it\/blog\/wp-json\/wp\/v2\/categories?post=5671"},{"taxonomy":"post_tag","embeddable":true,"href":"https:\/\/www.parkingmycar.it\/blog\/wp-json\/wp\/v2\/tags?post=5671"}],"curies":[{"name":"wp","href":"https:\/\/api.w.org\/{rel}","templated":true}]}}