{"id":7035,"date":"2026-08-27T16:00:00","date_gmt":"2026-08-27T14:00:00","guid":{"rendered":"https:\/\/www.parkingmycar.it\/blog\/?p=7035"},"modified":"2026-08-27T16:00:05","modified_gmt":"2026-08-27T14:00:05","slug":"radio-zeta-future-hits","status":"publish","type":"post","link":"https:\/\/www.parkingmycar.it\/blog\/radio-zeta-future-hits\/","title":{"rendered":"Radio Zeta Future Hits Live all&#8217;Arena di Verona: info e parcheggi"},"content":{"rendered":"\n<div class=\"wp-block-rank-math-toc-block\" id=\"rank-math-toc\"><p><strong>In questo articolo:<\/strong><\/p><nav><ul><li class=\"\"><a href=\"#radio-zeta-future-hits-live-2026-data-orario-e-diretta\">Radio Zeta Future Hits Live 2026: data, orario e diretta<\/a><\/li><li class=\"\"><a href=\"#chi-sale-sul-palco-dell-arena\">Chi sale sul palco dell&#8217;Arena<\/a><\/li><li class=\"\"><a href=\"#dove-parcheggiare-per-il-future-hits-live-all-arena-di-verona\">Dove parcheggiare per il Future Hits Live all&#8217;Arena di Verona<\/a><\/li><li class=\"\"><a href=\"#due-sere-all-arena-come-gestire-la-sosta-tra-1-e-2-settembre\">Due sere all&#8217;Arena: come gestire la sosta tra 1 e 2 settembre<\/a><\/li><li class=\"\"><a href=\"#consigli-utili-per-la-serata\">Consigli utili per la serata<\/a><\/li><li class=\"\"><a href=\"#domande-frequenti\">Domande frequenti<\/a><ul><li class=\"\"><a href=\"#faq-question-1787836788530\">Dove posso parcheggiare per il Radio Zeta Future Hits Live all&#8217;Arena di Verona?<\/a><\/li><li class=\"\"><a href=\"#faq-question-1787836791981\">A che ora inizia il Radio Zeta Future Hits Live 2026?<\/a><\/li><li class=\"\"><a href=\"#faq-question-1787836793505\">Ci sono ancora biglietti per il Future Hits Live 2026 all&#8217;Arena di Verona?<\/a><\/li><li class=\"\"><a href=\"#faq-question-1787836794844\">Chi si esibisce al Radio Zeta Future Hits Live 2026?<\/a><\/li><li class=\"\"><a href=\"#faq-question-1787836859913\">Dove vedere il Radio Zeta Future Hits Live 2026 in diretta?<\/a><\/li><\/ul><\/li><li class=\"\"><a href=\"#future-hits-live-all-arena-pronti-alla-seconda-serata\">Future Hits Live all&#8217;Arena: pronti alla seconda serata<\/a><\/li><\/ul><\/nav><\/div>\n\n\n\n<div style=\"height:50px\" aria-hidden=\"true\" class=\"wp-block-spacer\"><\/div>\n\n\n\n<p class=\"wp-block-paragraph\">L&#8217;Arena di Verona chiude l&#8217;estate con due serate di fila. Dopo il <strong>Power Hits Estate<\/strong> del 1\u00b0 settembre, <strong>mercoled\u00ec 2 settembre 2026<\/strong> tocca al <strong>Radio Zeta Future Hits Live<\/strong>, arrivato alla quinta edizione: quasi quaranta artisti della nuova scena italiana sul palco di Piazza Bra e una diretta radiovisione che parte insieme allo show.<\/p>\n\n\n\n<p class=\"wp-block-paragraph\">C&#8217;\u00e8 una differenza importante rispetto alla sera precedente: qui <strong>i biglietti sono ancora in vendita<\/strong>, anche se la disponibilit\u00e0 \u00e8 limitata. E c&#8217;\u00e8 una cosa che conviene sistemare subito: l&#8217;Arena \u00e8 in piena ZTL e il 2 settembre il centro storico arriva alla serata gi\u00e0 provato da ventiquattro ore di grande evento. Il posto auto \u00e8 la prima voce da chiudere.<\/p>\n\n\n\n<div style=\"height:30px\" aria-hidden=\"true\" class=\"wp-block-spacer\"><\/div>\n\n\n\n<style>\n.pmc-fhl-01-wrap{max-width:780px;font-family:inherit;color:#2e2e2e;margin:24px 0 32px;}\n.pmc-fhl-01-box{background:#f8fafc;border:1px solid #cbd5e1;border-left:4px solid #fc8031;border-radius:12px;padding:22px 24px;}\n.pmc-fhl-01-label{font-size:11px;font-weight:600;letter-spacing:0.8px;text-transform:uppercase;color:#fc8031;margin:0 0 12px;}\n.pmc-fhl-01-grid{display:grid;grid-template-columns:repeat(2,1fr);gap:16px 24px;margin-bottom:16px;}\n.pmc-fhl-01-item-label{font-size:12px;color:#64748b;margin-bottom:3px;display:flex;align-items:center;gap:6px;}\n.pmc-fhl-01-item-value{font-size:15px;font-weight:500;color:#2e2e2e;}\n.pmc-fhl-01-avail{display:inline-block;background:#dcfce7;color:#15803d;font-size:12px;font-weight:700;text-transform:uppercase;letter-spacing:0.5px;padding:2px 8px;border-radius:4px;}\n.pmc-fhl-01-cta{display:inline-flex !important;align-items:center;gap:6px;font-size:14px;color:#fc8031 !important;font-weight:500;text-decoration:none !important;border-bottom:1px solid #fc8031;padding-bottom:1px;}\n.pmc-fhl-01-cta:hover,.pmc-fhl-01-cta:focus,.pmc-fhl-01-cta:visited{color:#fc8031 !important;text-decoration:none !important;}\n.pmc-fhl-01-ico{width:14px;height:14px;flex-shrink:0;}\n@media (max-width:600px){.pmc-fhl-01-box{padding:18px;}.pmc-fhl-01-grid{grid-template-columns:1fr;gap:14px;}}\n<\/style>\n<div class=\"pmc-fhl-01-wrap\">\n  <div class=\"pmc-fhl-01-box\">\n    <p class=\"pmc-fhl-01-label\">In breve<\/p>\n    <div class=\"pmc-fhl-01-grid\">\n      <div>\n        <div class=\"pmc-fhl-01-item-label\">\n<svg class=\"pmc-fhl-01-ico\" viewBox=\"0 0 24 24\" fill=\"none\" stroke=\"currentColor\" stroke-width=\"2\" stroke-linecap=\"round\" stroke-linejoin=\"round\"><path d=\"M9 18V5l12-2v13\"><\/path><circle cx=\"6\" cy=\"18\" r=\"3\"><\/circle><circle cx=\"18\" cy=\"16\" r=\"3\"><\/circle><\/svg>Evento<\/div>\n        <div class=\"pmc-fhl-01-item-value\">Radio Zeta Future Hits Live 2026<\/div>\n      <\/div>\n      <div>\n        <div class=\"pmc-fhl-01-item-label\">\n<svg class=\"pmc-fhl-01-ico\" viewBox=\"0 0 24 24\" fill=\"none\" stroke=\"currentColor\" stroke-width=\"2\" stroke-linecap=\"round\" stroke-linejoin=\"round\"><path d=\"M21 10c0 7-9 13-9 13s-9-6-9-13a9 9 0 0 1 18 0z\"><\/path><circle cx=\"12\" cy=\"10\" r=\"3\"><\/circle><\/svg>Location<\/div>\n        <div class=\"pmc-fhl-01-item-value\">Arena di Verona, Piazza Bra<\/div>\n      <\/div>\n      <div>\n        <div class=\"pmc-fhl-01-item-label\">\n<svg class=\"pmc-fhl-01-ico\" viewBox=\"0 0 24 24\" fill=\"none\" stroke=\"currentColor\" stroke-width=\"2\" stroke-linecap=\"round\" stroke-linejoin=\"round\"><rect x=\"3\" y=\"4\" width=\"18\" height=\"18\" rx=\"2\"><\/rect><line x1=\"16\" y1=\"2\" x2=\"16\" y2=\"6\"><\/line><line x1=\"8\" y1=\"2\" x2=\"8\" y2=\"6\"><\/line><line x1=\"3\" y1=\"10\" x2=\"21\" y2=\"10\"><\/line><\/svg>Data<\/div>\n        <div class=\"pmc-fhl-01-item-value\">Mercoled&igrave; 2 settembre 2026<\/div>\n      <\/div>\n      <div>\n        <div class=\"pmc-fhl-01-item-label\">\n<svg class=\"pmc-fhl-01-ico\" viewBox=\"0 0 24 24\" fill=\"none\" stroke=\"currentColor\" stroke-width=\"2\" stroke-linecap=\"round\" stroke-linejoin=\"round\"><circle cx=\"12\" cy=\"12\" r=\"10\"><\/circle><polyline points=\"12 6 12 12 16 14\"><\/polyline><\/svg>Orario<\/div>\n        <div class=\"pmc-fhl-01-item-value\">20:30 &middot; show e diretta<\/div>\n      <\/div>\n      <div>\n        <div class=\"pmc-fhl-01-item-label\">\n<svg class=\"pmc-fhl-01-ico\" viewBox=\"0 0 24 24\" fill=\"none\" stroke=\"currentColor\" stroke-width=\"2\" stroke-linecap=\"round\" stroke-linejoin=\"round\"><path d=\"M4 5h16a2 2 0 0 1 2 2v3a2 2 0 0 0 0 4v3a2 2 0 0 1-2 2H4a2 2 0 0 1-2-2v-3a2 2 0 0 0 0-4V7a2 2 0 0 1 2-2z\"><\/path><\/svg>Biglietti<\/div>\n        <div class=\"pmc-fhl-01-item-value\"><span class=\"pmc-fhl-01-avail\">Disponibili<\/span> da 57,70 &euro;<\/div>\n      <\/div>\n      <div>\n        <div class=\"pmc-fhl-01-item-label\">\n<svg class=\"pmc-fhl-01-ico\" viewBox=\"0 0 24 24\" fill=\"none\" stroke=\"currentColor\" stroke-width=\"2\" stroke-linecap=\"round\" stroke-linejoin=\"round\"><rect x=\"2\" y=\"7\" width=\"20\" height=\"15\" rx=\"2\"><\/rect><polyline points=\"17 2 12 7 7 2\"><\/polyline><\/svg>Diretta<\/div>\n        <div class=\"pmc-fhl-01-item-value\">RTL 102.5 (36), Radio Zeta (266), RTL 102.5 Play<\/div>\n      <\/div>\n    <\/div>\n    <a href=\"#parcheggi\" class=\"pmc-fhl-01-cta\">Hai il biglietto? Blocca il parcheggio <svg class=\"pmc-fhl-01-ico\" viewBox=\"0 0 24 24\" fill=\"none\" stroke=\"currentColor\" stroke-width=\"2\" stroke-linecap=\"round\" stroke-linejoin=\"round\"><line x1=\"5\" y1=\"12\" x2=\"19\" y2=\"12\"><\/line><polyline points=\"12 5 19 12 12 19\"><\/polyline><\/svg><\/a>\n  <\/div>\n<\/div>\n\n\n\n<div style=\"height:50px\" aria-hidden=\"true\" class=\"wp-block-spacer\"><\/div>\n\n\n\n<h2 id=\"radio-zeta-future-hits-live-2026-data-orario-e-diretta\" class=\"wp-block-heading\"><strong>Radio Zeta Future Hits Live 2026: data, orario e diretta<\/strong><\/h2>\n\n\n\n<p class=\"wp-block-paragraph\">L&#8217;appuntamento all&#8217;Arena di Verona \u00e8 fissato per:<\/p>\n\n\n\n<div style=\"height:10px\" aria-hidden=\"true\" class=\"wp-block-spacer\"><\/div>\n\n\n\n<style>\n.pmc-fhl-02-wrap{max-width:780px;font-family:inherit;color:#2e2e2e;margin:20px 0 28px;}\n.pmc-fhl-02-grid{display:grid;grid-template-columns:1fr;gap:16px;max-width:360px;}\n.pmc-fhl-02-card{background:#ffffff;border:1px solid #cbd5e1;border-radius:12px;padding:20px;}\n.pmc-fhl-02-day{font-size:12px;color:#64748b;text-transform:uppercase;letter-spacing:0.5px;margin-bottom:4px;}\n.pmc-fhl-02-date{font-size:26px;font-weight:600;line-height:1.1;margin-bottom:5px;color:#2e2e2e;}\n.pmc-fhl-02-time{font-size:13px;color:#64748b;}\n@media (max-width:600px){.pmc-fhl-02-date{font-size:24px;}}\n<\/style>\n<div class=\"pmc-fhl-02-wrap\">\n  <div class=\"pmc-fhl-02-grid\">\n    <div class=\"pmc-fhl-02-card\">\n      <div class=\"pmc-fhl-02-day\">Mercoled&igrave;<\/div>\n      <div class=\"pmc-fhl-02-date\">2 set 2026<\/div>\n      <div class=\"pmc-fhl-02-time\">ore 20:30 &middot; Arena di Verona<\/div>\n    <\/div>\n  <\/div>\n<\/div>\n\n\n\n<div style=\"height:30px\" aria-hidden=\"true\" class=\"wp-block-spacer\"><\/div>\n\n\n\n<p class=\"wp-block-paragraph\">Sia il canale ufficiale di vendita sia l&#8217;organizzatore indicano le <strong>20:30<\/strong>: a quell&#8217;ora parte lo show e con lui la <strong>diretta radiovisione<\/strong>, su RTL 102.5 (canale 36), su Radio Zeta (canale 266) e in streaming su <a href=\"https:\/\/www.rtl.it\/notizie\/spettacoli\/musica\/radio-zeta-future-hits-live-2026-il-cast-e-la-diretta-dell-evento\/\" target=\"_blank\" rel=\"noopener\">RTL 102.5 Play<\/a>. Rispetto a un concerto normale cambia poco per il pubblico, ma cambia tutto per i tempi: <strong>l&#8217;ingresso in Arena si concentra tutto nelle ore precedenti<\/strong>, perch\u00e9 alle 20:30 si \u00e8 gi\u00e0 in onda.<\/p>\n\n\n\n<p class=\"wp-block-paragraph\">I biglietti sono <strong>ancora disponibili<\/strong> sul <a href=\"https:\/\/www.ticketone.it\/event\/radio-zeta-future-hits-live-arena-di-verona-21333620\/\" target=\"_blank\" rel=\"noopener\">canale ufficiale di vendita<\/a>, a partire da <strong>57,70 \u20ac<\/strong>, ma la disponibilit\u00e0 dei posti \u00e8 limitata. Due dettagli utili prima di acquistare: <strong>il biglietto \u00e8 nominativo<\/strong> e il cambio nominativo \u00e8 ammesso fino al giorno dell&#8217;evento, con un massimo di due cambi; l&#8217;acquisto \u00e8 limitato a quattro biglietti per cliente. Diffida dei canali non ufficiali.<\/p>\n\n\n\n<p class=\"wp-block-paragraph\">Scopri anche gli altri <a href=\"https:\/\/www.parkingmycar.it\/blog\/concerti-arena-di-verona-programma\/\">concerti all&#8217;Arena di Verona<\/a> in calendario.<\/p>\n\n\n\n<div style=\"height:30px\" aria-hidden=\"true\" class=\"wp-block-spacer\"><\/div>\n\n\n\n<h2 id=\"chi-sale-sul-palco-dell-arena\" class=\"wp-block-heading\"><strong>Chi sale sul palco dell&#8217;Arena<\/strong><\/h2>\n\n\n\n<style>\n.pmc-fhl-03-wrap{max-width:100%;font-family:inherit;color:#2e2e2e;margin:24px 0 28px;}\n.pmc-fhl-03-box{background:#f8fafc;border:1px solid #cbd5e1;border-radius:12px;padding:22px 24px;}\n.pmc-fhl-03-label{font-size:11px;font-weight:600;letter-spacing:0.8px;text-transform:uppercase;color:#fc8031;margin:0 0 14px;}\n.pmc-fhl-03-list{display:flex;flex-wrap:wrap;gap:8px;margin:0 0 16px;padding:0;list-style:none;}\n.pmc-fhl-03-item{background:#ffffff;border:1px solid #cbd5e1;border-radius:999px;padding:6px 14px;font-size:0.95rem;line-height:1.3;color:#2e2e2e;}\n.pmc-fhl-03-note{font-size:13px;line-height:1.6;color:#475569;margin:0;}\n@media (max-width:600px){.pmc-fhl-03-box{padding:18px;}}\n<\/style>\n<div class=\"pmc-fhl-03-wrap\">\n  <div class=\"pmc-fhl-03-box\">\n    <p class=\"pmc-fhl-03-label\">Line-up ufficiale<\/p>\n    <ul class=\"pmc-fhl-03-list\">\n      <li class=\"pmc-fhl-03-item\">AKA 7even<\/li>\n      <li class=\"pmc-fhl-03-item\">Alfa<\/li>\n      <li class=\"pmc-fhl-03-item\">Angelina Mango<\/li>\n      <li class=\"pmc-fhl-03-item\">Anna<\/li>\n      <li class=\"pmc-fhl-03-item\">Artie 5ive<\/li>\n      <li class=\"pmc-fhl-03-item\">Baby K<\/li>\n      <li class=\"pmc-fhl-03-item\">Bresh<\/li>\n      <li class=\"pmc-fhl-03-item\">Clara<\/li>\n      <li class=\"pmc-fhl-03-item\">Delia<\/li>\n      <li class=\"pmc-fhl-03-item\">Ditonellapiaga<\/li>\n      <li class=\"pmc-fhl-03-item\">Faccianuvola<\/li>\n      <li class=\"pmc-fhl-03-item\">Fred De Palma<\/li>\n      <li class=\"pmc-fhl-03-item\">G.Mineiro<\/li>\n      <li class=\"pmc-fhl-03-item\">Gabry Ponte<\/li>\n      <li class=\"pmc-fhl-03-item\">Gaia<\/li>\n      <li class=\"pmc-fhl-03-item\">Irama<\/li>\n      <li class=\"pmc-fhl-03-item\">J-Ax<\/li>\n      <li class=\"pmc-fhl-03-item\">LDA<\/li>\n      <li class=\"pmc-fhl-03-item\">Leo Gassmann<\/li>\n      <li class=\"pmc-fhl-03-item\">Lorenzo Salvetti<\/li>\n      <li class=\"pmc-fhl-03-item\">Merk &amp; Kremont<\/li>\n      <li class=\"pmc-fhl-03-item\">Mr.Rain<\/li>\n      <li class=\"pmc-fhl-03-item\">Napoleone<\/li>\n      <li class=\"pmc-fhl-03-item\">Nayt<\/li>\n      <li class=\"pmc-fhl-03-item\">Nerissima Serpe<\/li>\n      <li class=\"pmc-fhl-03-item\">Prima stanza a destra<\/li>\n      <li class=\"pmc-fhl-03-item\">Promessa<\/li>\n      <li class=\"pmc-fhl-03-item\">Rrari Dal Tacco<\/li>\n      <li class=\"pmc-fhl-03-item\">Samurai Jay<\/li>\n      <li class=\"pmc-fhl-03-item\">Sangiovanni<\/li>\n      <li class=\"pmc-fhl-03-item\">Sayf<\/li>\n      <li class=\"pmc-fhl-03-item\">Serena Brancale<\/li>\n      <li class=\"pmc-fhl-03-item\">Settembre<\/li>\n      <li class=\"pmc-fhl-03-item\">Tedua<\/li>\n      <li class=\"pmc-fhl-03-item\">The Kolors<\/li>\n      <li class=\"pmc-fhl-03-item\">Tommaso Paradiso<\/li>\n      <li class=\"pmc-fhl-03-item\">TonyPitony<\/li>\n      <li class=\"pmc-fhl-03-item\">Tredici Pietro<\/li>\n      <li class=\"pmc-fhl-03-item\">22Simba<\/li>\n    <\/ul>\n    <p class=\"pmc-fhl-03-note\">L&rsquo;organizzatore ha annunciato altre sorprese non ancora rese note. L&rsquo;edizione 2026 &egrave; la prima con una conduzione a quattro: Paola Di Benedetto, Matteo Campese, Giulia Laura Abbiati e Jessica Brugali.<\/p>\n  <\/div>\n<\/div>\n\n\n\n<div style=\"height:50px\" aria-hidden=\"true\" class=\"wp-block-spacer\"><\/div>\n\n\n\n<h2 id=\"dove-parcheggiare-per-il-future-hits-live-all-arena-di-verona\" class=\"wp-block-heading\"><strong>Dove parcheggiare per il Future Hits Live all&#8217;Arena di Verona<\/strong><\/h2>\n\n\n\n<div class=\"wp-block-columns are-vertically-aligned-center is-layout-flex wp-container-core-columns-is-layout-8f761849 wp-block-columns-is-layout-flex\">\n<div class=\"wp-block-column is-vertically-aligned-center is-layout-flow wp-block-column-is-layout-flow\">\n<figure class=\"wp-block-image size-full\"><img decoding=\"async\" width=\"600\" height=\"337\" src=\"https:\/\/www.parkingmycar.it\/blog\/wp-content\/uploads\/2026\/08\/Radio-Zeta-Future-Hits-Live-2026-2.jpg\" alt=\"Fan di Radio Zeta\" class=\"wp-image-14926\" srcset=\"https:\/\/www.parkingmycar.it\/blog\/wp-content\/uploads\/2026\/08\/Radio-Zeta-Future-Hits-Live-2026-2.jpg 600w, https:\/\/www.parkingmycar.it\/blog\/wp-content\/uploads\/2026\/08\/Radio-Zeta-Future-Hits-Live-2026-2-300x169.jpg 300w\" sizes=\"(max-width: 600px) 100vw, 600px\" \/><\/figure>\n<\/div>\n\n\n\n<div class=\"wp-block-column is-vertically-aligned-center is-layout-flow wp-block-column-is-layout-flow\">\n<p class=\"wp-block-paragraph\">Il 2 settembre l&#8217;Arena si riempie per la seconda sera consecutiva, e il centro storico non riparte da zero: la pressione sulla sosta \u00e8 gi\u00e0 in corso dal giorno prima. Con <strong>ParkingMyCar<\/strong> prenoti il posto auto prima di partire e cos\u00ec:<\/p>\n\n\n\n<ul style=\"font-size:14px\" class=\"wp-block-list\">\n<li><em>sai gi\u00e0 dove lasci l&#8217;auto, anche se le strutture vicine sono sotto richiesta;<\/em><\/li>\n\n\n\n<li><em>eviti il giro a vuoto tra varchi ZTL e strade chiuse;<\/em><\/li>\n\n\n\n<li><em>lasci il mezzo in una struttura coperta e videosorvegliata;<\/em><\/li>\n\n\n\n<li><em>esci pi\u00f9 in fretta quando lo show finisce e Piazza Bra si svuota tutta insieme;<\/em><\/li>\n\n\n\n<li><em>pensi alla musica e basta.<\/em><\/li>\n<\/ul>\n<\/div>\n<\/div>\n\n\n\n<p class=\"wp-block-paragraph\">Su ParkingMyCar puoi confrontare disponibilit\u00e0, prezzi e servizi dei parcheggi di Verona. Per farti risparmiare tempo, abbiamo selezionato <strong>tre strutture aperte h24<\/strong>: il dettaglio che conta di pi\u00f9 quando lo spettacolo si chiude a notte fonda.<\/p>\n\n\n\n<div style=\"height:30px\" aria-hidden=\"true\" class=\"wp-block-spacer\"><\/div>\n\n\n\n<style>\n.pmc-fhl-04-wrap{max-width:100%;font-family:inherit;color:#2e2e2e;margin:24px 0 28px;scroll-margin-top:80px;}\n.pmc-fhl-04-grid{display:grid;grid-template-columns:repeat(3,1fr);gap:12px;margin-bottom:16px;}\n.pmc-fhl-04-card{background:#ffffff;border:1px solid #cbd5e1;border-radius:12px;padding:18px;display:flex;flex-direction:column;}\n.pmc-fhl-04-name{font-size:16px;font-weight:600;margin:0 0 4px;color:#2e2e2e;}\n.pmc-fhl-04-name a{color:#2e2e2e !important;text-decoration:none !important;}\n.pmc-fhl-04-name a:hover,.pmc-fhl-04-name a:focus,.pmc-fhl-04-name a:visited{color:#2e2e2e !important;text-decoration:none !important;}\n.pmc-fhl-04-type{font-size:11px;color:#fc8031;font-weight:600;text-transform:uppercase;letter-spacing:0.5px;margin-bottom:12px;}\n.pmc-fhl-04-feat{list-style:none;padding:0;margin:0 0 14px;}\n.pmc-fhl-04-feat li{font-size:13px;color:#475569;line-height:1.5;padding-left:18px;position:relative;margin-bottom:6px;}\n.pmc-fhl-04-feat li::before{content:'\\2713';position:absolute;left:0;top:0;color:#fc8031;font-weight:700;}\n.pmc-fhl-04-btn{display:block !important;font-size:13px !important;color:#ffffff !important;background:#fc8031 !important;padding:10px !important;border-radius:6px !important;text-decoration:none !important;font-weight:600 !important;text-align:center !important;margin-top:auto;}\n.pmc-fhl-04-btn:hover,.pmc-fhl-04-btn:focus,.pmc-fhl-04-btn:visited{color:#ffffff !important;background:#e36e1f !important;text-decoration:none !important;}\n.pmc-fhl-04-info{background:#f8fafc;border:1px solid #cbd5e1;border-radius:12px;padding:18px;}\n.pmc-fhl-04-info-head{display:flex;align-items:center;gap:8px;margin-bottom:10px;}\n.pmc-fhl-04-info-head svg{width:18px;height:18px;color:#fc8031;flex-shrink:0;}\n.pmc-fhl-04-info-title{font-size:14px;font-weight:600;color:#2e2e2e;}\n.pmc-fhl-04-info-text{font-size:13px;line-height:1.6;color:#2e2e2e;margin:0;}\n.pmc-fhl-04-info-text a{color:#fc8031;}\n@media (max-width:600px){.pmc-fhl-04-grid{grid-template-columns:1fr;}}\n<\/style>\n<div class=\"pmc-fhl-04-wrap\" id=\"parcheggi\">\n  <div class=\"pmc-fhl-04-grid\">\n\n    <div class=\"pmc-fhl-04-card\">\n      <h3 class=\"pmc-fhl-04-name\"><a href=\"https:\/\/www.parkingmycar.it\/parcheggio-verona-centro\/saba-arena-verona\" rel=\"noopener\">SABA Arena di Verona<\/a><\/h3>\n      <div class=\"pmc-fhl-04-type\">Coperto &middot; h24 &middot; 6 min a piedi da Piazza Bra<\/div>\n      <ul class=\"pmc-fhl-04-feat\">\n        <li>Videosorvegliato &middot; ricarica elettrica<\/li>\n        <li>Entra ed esci durante la sosta<\/li>\n        <li>No GPL &middot; schermare il Telepass<\/li>\n      <\/ul>\n      <a href=\"https:\/\/www.parkingmycar.it\/parcheggio-verona-centro\/saba-arena-verona\" rel=\"noopener\" class=\"pmc-fhl-04-btn\">Verifica disponibilit&agrave;<\/a>\n    <\/div>\n\n    <div class=\"pmc-fhl-04-card\">\n      <h3 class=\"pmc-fhl-04-name\"><a href=\"https:\/\/www.parkingmycar.it\/parcheggio-verona-centro\/saba-isolo\" rel=\"noopener\">SABA Isolo<\/a><\/h3>\n      <div class=\"pmc-fhl-04-type\">Sotterraneo &middot; h24 &middot; quartiere Veronetta<\/div>\n      <ul class=\"pmc-fhl-04-feat\">\n        <li>Videosorvegliato &middot; accesso disabili<\/li>\n        <li>Entra ed esci durante la sosta<\/li>\n        <li>No GPL &middot; schermare il Telepass<\/li>\n      <\/ul>\n      <a href=\"https:\/\/www.parkingmycar.it\/parcheggio-verona-centro\/saba-isolo\" rel=\"noopener\" class=\"pmc-fhl-04-btn\">Verifica disponibilit&agrave;<\/a>\n    <\/div>\n\n    <div class=\"pmc-fhl-04-card\">\n      <h3 class=\"pmc-fhl-04-name\"><a href=\"https:\/\/www.parkingmycar.it\/parcheggio-verona-centro\/saba-ex-arsenale\" rel=\"noopener\">SABA Ex Arsenale<\/a><\/h3>\n      <div class=\"pmc-fhl-04-type\">Sotterraneo &middot; h24 &middot; sponda nord dell&rsquo;Adige<\/div>\n      <ul class=\"pmc-fhl-04-feat\">\n        <li>Videosorvegliato 24h &middot; ricarica elettrica<\/li>\n        <li>Comodo dal Lungadige e da Castelvecchio<\/li>\n        <li>Solo auto, no moto &middot; schermare il Telepass<\/li>\n      <\/ul>\n      <a href=\"https:\/\/www.parkingmycar.it\/parcheggio-verona-centro\/saba-ex-arsenale\" rel=\"noopener\" class=\"pmc-fhl-04-btn\">Verifica disponibilit&agrave;<\/a>\n    <\/div>\n\n  <\/div>\n  <div class=\"pmc-fhl-04-info\">\n    <div class=\"pmc-fhl-04-info-head\">\n      <svg viewBox=\"0 0 24 24\" fill=\"none\" stroke=\"currentColor\" stroke-width=\"2\" stroke-linecap=\"round\" stroke-linejoin=\"round\"><circle cx=\"12\" cy=\"12\" r=\"10\"><\/circle><line x1=\"12\" y1=\"16\" x2=\"12\" y2=\"12\"><\/line><line x1=\"12\" y1=\"8\" x2=\"12.01\" y2=\"8\"><\/line><\/svg>\n      <div class=\"pmc-fhl-04-info-title\">Buono a sapersi<\/div>\n    <\/div>\n    <p class=\"pmc-fhl-04-info-text\">Piazza Bra e buona parte del centro storico rientrano nella <a href=\"https:\/\/www.parkingmycar.it\/blog\/ztl-verona-orari\/\" rel=\"noopener\">Zona a Traffico Limitato<\/a> di Verona: lasciare l&rsquo;auto in struttura resta la scelta pi&ugrave; comoda per evitare varchi e sanzioni. Le strutture segnalano che nelle serate di evento entrata e uscita possono rallentare, e consigliano di presentarsi in parcheggio con congruo anticipo rispetto all&rsquo;inizio dello spettacolo.<\/p>\n  <\/div>\n<\/div>\n\n\n\n<div style=\"height:30px\" aria-hidden=\"true\" class=\"wp-block-spacer\"><\/div>\n\n\n\n<p class=\"wp-block-paragraph\"><strong>Preferisci confrontare pi\u00f9 opzioni?<\/strong> Su ParkingMyCar trovi numerose soluzioni di sosta a Verona con servizi e tariffe differenti. Ti ricordiamo inoltre che dalla nostra app puoi pagare anche la <a href=\"https:\/\/www.parkingmycar.it\/app\/strisce-blu-verona\">striscia blu<\/a>.<\/p>\n\n\n\n<div style=\"height:30px\" aria-hidden=\"true\" class=\"wp-block-spacer\"><\/div>\n\n\n\n<h2 id=\"due-sere-all-arena-come-gestire-la-sosta-tra-1-e-2-settembre\" class=\"wp-block-heading\"><strong>Due sere all&#8217;Arena: come gestire la sosta tra 1 e 2 settembre<\/strong><\/h2>\n\n\n\n<p class=\"wp-block-paragraph\">Il Future Hits Live non \u00e8 una serata isolata. La sera prima, <strong>marted\u00ec 1 settembre<\/strong>, l&#8217;Arena ospita l&#8217;<strong>RTL 102.5 Power Hits Estate<\/strong>, gi\u00e0 sold out. Due eventi da tutto esaurito in quarantotto ore significano posti auto sotto richiesta non per una notte, ma per due \u2014 e chi prenota per la seconda serata trova un centro storico che ha gi\u00e0 assorbito un pienone.<\/p>\n\n\n\n<p class=\"wp-block-paragraph\">Se sei a Verona per entrambe le date, o se ti fermi in citt\u00e0 tra il 1 e il 2 settembre, conviene <strong>prenotare un&#8217;unica sosta che copra l&#8217;intero periodo<\/strong> invece di ripetere la ricerca la sera dopo: SABA Arena di Verona e SABA Isolo consentono di entrare e uscire dalla struttura durante la sosta, quindi l&#8217;auto resta a disposizione anche di giorno. I dettagli della prima serata sono nell&#8217;articolo dedicato a <a href=\"https:\/\/www.parkingmycar.it\/blog\/parcheggi-rtl-power-hits-estate\/\">RTL 102.5 Power Hits Estate<\/a>.<\/p>\n\n\n\n<div style=\"height:30px\" aria-hidden=\"true\" class=\"wp-block-spacer\"><\/div>\n\n\n\n<h2 id=\"consigli-utili-per-la-serata\" class=\"wp-block-heading\"><strong>Consigli utili per la serata<\/strong><\/h2>\n\n\n\n<p class=\"wp-block-paragraph\">Per vivere al meglio la serata ti consigliamo di:<\/p>\n\n\n\n<div style=\"height:10px\" aria-hidden=\"true\" class=\"wp-block-spacer\"><\/div>\n\n\n\n<style>\n.pmc-fhl-05-wrap{max-width:100%;font-family:inherit;color:#2e2e2e;margin:20px 0 32px;}\n.pmc-fhl-05-box{background:#f8fafc;border:1px solid #cbd5e1;border-radius:12px;padding:22px 24px;}\n.pmc-fhl-05-list{list-style:none;padding:0;margin:0;display:flex;flex-direction:column;gap:12px;}\n.pmc-fhl-05-item{display:flex;align-items:flex-start;gap:12px;font-size:14px;line-height:1.55;color:#2e2e2e;}\n.pmc-fhl-05-check{width:24px;height:24px;background:#fc8031;border-radius:50%;display:flex;align-items:center;justify-content:center;color:#ffffff;flex-shrink:0;font-weight:700;font-size:14px;margin-top:1px;}\n.pmc-fhl-05-item a{color:#fc8031;}\n.pmc-fhl-05-alert{display:flex;align-items:flex-start;gap:10px;background:#fef3c7;border-radius:8px;padding:12px 14px;margin-top:16px;font-size:13px;line-height:1.55;color:#854d0e;}\n.pmc-fhl-05-alert svg{width:16px;height:16px;flex-shrink:0;margin-top:2px;}\n.pmc-fhl-05-alert strong{font-weight:700;}\n@media (max-width:600px){.pmc-fhl-05-box{padding:18px;}}\n<\/style>\n<div class=\"pmc-fhl-05-wrap\">\n  <div class=\"pmc-fhl-05-box\">\n    <ul class=\"pmc-fhl-05-list\">\n      <li class=\"pmc-fhl-05-item\">\n<span class=\"pmc-fhl-05-check\">&#10003;<\/span><span>Prenotare il <strong>parcheggio prima di partire<\/strong>: due serate consecutive in Arena riducono in fretta i posti nelle strutture vicine<\/span>\n<\/li>\n      <li class=\"pmc-fhl-05-item\">\n<span class=\"pmc-fhl-05-check\">&#10003;<\/span><span>Essere in zona Piazza Bra con <strong>ampio anticipo<\/strong>: alle 20:30 si &egrave; gi&agrave; in diretta e l&rsquo;ingresso si concentra prima<\/span>\n<\/li>\n      <li class=\"pmc-fhl-05-item\">\n<span class=\"pmc-fhl-05-check\">&#10003;<\/span><span>Controllare che il <strong>nome sul biglietto<\/strong> sia corretto: l&rsquo;ingresso &egrave; nominativo<\/span>\n<\/li>\n      <li class=\"pmc-fhl-05-item\">\n<span class=\"pmc-fhl-05-check\">&#10003;<\/span><span>Scegliere una struttura <strong>aperta h24<\/strong>: lo show finisce tardi e il deflusso da Piazza Bra &egrave; lento<\/span>\n<\/li>\n      <li class=\"pmc-fhl-05-item\">\n<span class=\"pmc-fhl-05-check\">&#10003;<\/span><span>Se accompagni qualcuno, mettere in conto l&rsquo;attesa: in <a href=\"https:\/\/www.parkingmycar.it\/blog\/ztl-verona-orari\/\" rel=\"noopener\">ZTL<\/a> il &ldquo;ti lascio e torno&rdquo; non &egrave; una soluzione praticabile<\/span>\n<\/li>\n    <\/ul>\n    <div class=\"pmc-fhl-05-alert\">\n      <svg viewBox=\"0 0 24 24\" fill=\"none\" stroke=\"currentColor\" stroke-width=\"2\" stroke-linecap=\"round\" stroke-linejoin=\"round\"><path d=\"M10.29 3.86L1.82 18a2 2 0 001.71 3h16.94a2 2 0 001.71-3L13.71 3.86a2 2 0 00-3.42 0z\"><\/path><line x1=\"12\" y1=\"9\" x2=\"12\" y2=\"13\"><\/line><line x1=\"12\" y1=\"17\" x2=\"12.01\" y2=\"17\"><\/line><\/svg>\n      <span>La disponibilit&agrave; dei posti in Arena &egrave; limitata e le strutture vicine si riempiono presto: <strong>prenota subito<\/strong> per assicurarti la sosta.<\/span>\n    <\/div>\n  <\/div>\n<\/div>\n\n\n\n<div style=\"height:50px\" aria-hidden=\"true\" class=\"wp-block-spacer\"><\/div>\n\n\n\n<h2 id=\"domande-frequenti\" class=\"wp-block-heading\"><strong>Domande frequenti<\/strong><\/h2>\n\n\n<div id=\"rank-math-faq\" class=\"rank-math-block\">\n<div class=\"rank-math-list \">\n<div id=\"faq-question-1787836788530\" class=\"rank-math-list-item\">\n<h3 class=\"rank-math-question \"><strong>Dove posso parcheggiare per il Radio Zeta Future Hits Live all&#8217;Arena di Verona?<\/strong><\/h3>\n<div class=\"rank-math-answer \">\n\n<p>L&#8217;Arena si trova in Piazza Bra, in piena ZTL, e non ha un parcheggio dedicato. Su ParkingMyCar puoi prenotare online un posto in struttura a pochi minuti a piedi: SABA Arena di Verona (coperto), SABA Isolo (sotterraneo, quartiere Veronetta) e SABA Ex Arsenale (sotterraneo, sponda nord dell&#8217;Adige) sono tutte aperte h24, condizione utile perch\u00e9 lo show finisce a notte fonda.<\/p>\n\n<\/div>\n<\/div>\n<div id=\"faq-question-1787836791981\" class=\"rank-math-list-item\">\n<h3 class=\"rank-math-question \"><strong>A che ora inizia il Radio Zeta Future Hits Live 2026?<\/strong><\/h3>\n<div class=\"rank-math-answer \">\n\n<p>Lo show all&#8217;Arena di Verona inizia alle 20:30 di mercoled\u00ec 2 settembre 2026. Alla stessa ora parte la diretta radiovisione, quindi l&#8217;ingresso del pubblico si concentra nelle ore precedenti.<\/p>\n\n<\/div>\n<\/div>\n<div id=\"faq-question-1787836793505\" class=\"rank-math-list-item\">\n<h3 class=\"rank-math-question \"><strong>Ci sono ancora biglietti per il Future Hits Live 2026 all&#8217;Arena di Verona?<\/strong><\/h3>\n<div class=\"rank-math-answer \">\n\n<p>S\u00ec, i biglietti sono in vendita sul canale ufficiale a partire da 57,70 \u20ac, ma la disponibilit\u00e0 dei posti \u00e8 limitata. Il biglietto \u00e8 nominativo: sono ammessi fino a due cambi nominativo entro il giorno dell&#8217;evento e ogni cliente pu\u00f2 acquistare al massimo quattro biglietti.<\/p>\n\n<\/div>\n<\/div>\n<div id=\"faq-question-1787836794844\" class=\"rank-math-list-item\">\n<h3 class=\"rank-math-question \"><strong>Chi si esibisce al Radio Zeta Future Hits Live 2026?<\/strong><\/h3>\n<div class=\"rank-math-answer \">\n\n<p>La quinta edizione porta sul palco quasi quaranta artisti, tra cui Angelina Mango, Alfa, Irama, Tedua, Tommaso Paradiso, J-Ax, Gabry Ponte, The Kolors, Sangiovanni, Gaia e Serena Brancale. La conduzione \u00e8 affidata per la prima volta a quattro presentatori: Paola Di Benedetto, Matteo Campese, Giulia Laura Abbiati e Jessica Brugali. L&#8217;organizzatore ha annunciato altre sorprese.<\/p>\n\n<\/div>\n<\/div>\n<div id=\"faq-question-1787836859913\" class=\"rank-math-list-item\">\n<h3 class=\"rank-math-question \"><strong>Dove vedere il Radio Zeta Future Hits Live 2026 in diretta?<\/strong><\/h3>\n<div class=\"rank-math-answer \">\n\n<p>La diretta parte alle 20:30 su RTL 102.5 (canale 36) e su Radio Zeta (canale 266), in radio e in televisione, oltre che in streaming su RTL 102.5 Play.<\/p>\n\n<\/div>\n<\/div>\n<\/div>\n<\/div>\n\n\n<div style=\"height:30px\" aria-hidden=\"true\" class=\"wp-block-spacer\"><\/div>\n\n\n\n<h2 id=\"future-hits-live-all-arena-pronti-alla-seconda-serata\" class=\"wp-block-heading\"><strong>Future Hits Live all&#8217;Arena: pronti alla seconda serata<\/strong><\/h2>\n\n\n\n<p class=\"wp-block-paragraph\">In cinque edizioni il Future Hits Live \u00e8 diventato l&#8217;appuntamento che racconta la musica italiana che verr\u00e0, e l&#8217;Arena di Verona gli d\u00e0 la cornice pi\u00f9 grande possibile. Il biglietto lo trovi ancora: quello che conviene bloccare prima \u00e8 il posto auto. Prenota il parcheggio, lascia l&#8217;auto in struttura e raggiungi Piazza Bra a piedi, senza pensare a varchi e code.<\/p>\n\n\n\n<div style=\"height:30px\" aria-hidden=\"true\" class=\"wp-block-spacer\"><\/div>\n\n\n\n<style>\n.pmc-fhl-06-wrap{max-width:780px;font-family:inherit;color:#2e2e2e;margin:28px 0 24px;}\n.pmc-fhl-06-box{background:#f8fafc;border:1px solid #cbd5e1;border-radius:12px;padding:22px 24px;display:flex;align-items:center;gap:20px;}\n.pmc-fhl-06-icon{width:52px;height:52px;background:#fc8031;border-radius:50%;display:flex;align-items:center;justify-content:center;color:#ffffff;flex-shrink:0;}\n.pmc-fhl-06-icon svg{width:26px;height:26px;}\n.pmc-fhl-06-content{flex:1;min-width:0;}\n.pmc-fhl-06-title{font-size:17px;font-weight:600;margin:0 0 4px;color:#2e2e2e;}\n.pmc-fhl-06-text{font-size:14px;line-height:1.55;color:#475569;margin:0;}\n.pmc-fhl-06-btn{display:inline-block !important;font-size:14px !important;color:#ffffff !important;background:#fc8031 !important;padding:11px 20px !important;border-radius:6px !important;text-decoration:none !important;font-weight:600 !important;white-space:nowrap;flex-shrink:0;}\n.pmc-fhl-06-btn:hover,.pmc-fhl-06-btn:focus,.pmc-fhl-06-btn:visited{color:#ffffff !important;background:#e36e1f !important;text-decoration:none !important;}\n@media (max-width:600px){.pmc-fhl-06-box{flex-direction:column;align-items:flex-start;padding:20px;gap:14px;}.pmc-fhl-06-btn{width:100%;text-align:center;}}\n<\/style>\n<div class=\"pmc-fhl-06-wrap\">\n  <div class=\"pmc-fhl-06-box\">\n    <div class=\"pmc-fhl-06-icon\">\n      <svg viewBox=\"0 0 24 24\" fill=\"none\" stroke=\"currentColor\" stroke-width=\"2\" stroke-linecap=\"round\" stroke-linejoin=\"round\"><rect x=\"3\" y=\"3\" width=\"18\" height=\"18\" rx=\"2\"><\/rect><path d=\"M9 17V7h4a3 3 0 010 6H9\"><\/path><\/svg>\n    <\/div>\n    <div class=\"pmc-fhl-06-content\">\n      <p class=\"pmc-fhl-06-title\">Goditi lo show, al parcheggio pensiamo noi<\/p>\n      <p class=\"pmc-fhl-06-text\">Prenota in anticipo il tuo posto auto vicino all&rsquo;Arena e arriva a Verona senza stress da traffico.<\/p>\n    <\/div>\n    <a href=\"https:\/\/www.parkingmycar.it\/parcheggio-arena-verona\" class=\"pmc-fhl-06-btn\">Prenota il parcheggio<\/a>\n  <\/div>\n<\/div>\n\n\n\n<div style=\"height:50px\" aria-hidden=\"true\" class=\"wp-block-spacer\"><\/div>\n","protected":false},"excerpt":{"rendered":"<p>Il Radio Zeta Future Hits Live sta per tornare! Scopri tutti i dettagli dell\u2019imperdibile concerto-evento all&#8217;Arena di Verona.<\/p>\n","protected":false},"author":4,"featured_media":7038,"comment_status":"closed","ping_status":"closed","sticky":false,"template":"","format":"standard","meta":{"footnotes":""},"categories":[6],"tags":[42,41,60,75],"class_list":["post-7035","post","type-post","status-publish","format-standard","has-post-thumbnail","hentry","category-eventi-esperienze","tag-festival","tag-musica-live","tag-parcheggi-citta","tag-verona","infinite-scroll-item","generate-columns","tablet-grid-50","mobile-grid-100","grid-parent","grid-50"],"_links":{"self":[{"href":"https:\/\/www.parkingmycar.it\/blog\/wp-json\/wp\/v2\/posts\/7035","targetHints":{"allow":["GET"]}}],"collection":[{"href":"https:\/\/www.parkingmycar.it\/blog\/wp-json\/wp\/v2\/posts"}],"about":[{"href":"https:\/\/www.parkingmycar.it\/blog\/wp-json\/wp\/v2\/types\/post"}],"author":[{"embeddable":true,"href":"https:\/\/www.parkingmycar.it\/blog\/wp-json\/wp\/v2\/users\/4"}],"replies":[{"embeddable":true,"href":"https:\/\/www.parkingmycar.it\/blog\/wp-json\/wp\/v2\/comments?post=7035"}],"version-history":[{"count":33,"href":"https:\/\/www.parkingmycar.it\/blog\/wp-json\/wp\/v2\/posts\/7035\/revisions"}],"predecessor-version":[{"id":14931,"href":"https:\/\/www.parkingmycar.it\/blog\/wp-json\/wp\/v2\/posts\/7035\/revisions\/14931"}],"wp:featuredmedia":[{"embeddable":true,"href":"https:\/\/www.parkingmycar.it\/blog\/wp-json\/wp\/v2\/media\/7038"}],"wp:attachment":[{"href":"https:\/\/www.parkingmycar.it\/blog\/wp-json\/wp\/v2\/media?parent=7035"}],"wp:term":[{"taxonomy":"category","embeddable":true,"href":"https:\/\/www.parkingmycar.it\/blog\/wp-json\/wp\/v2\/categories?post=7035"},{"taxonomy":"post_tag","embeddable":true,"href":"https:\/\/www.parkingmycar.it\/blog\/wp-json\/wp\/v2\/tags?post=7035"}],"curies":[{"name":"wp","href":"https:\/\/api.w.org\/{rel}","templated":true}]}}