{"id":9122,"date":"2026-02-27T12:48:06","date_gmt":"2026-02-27T11:48:06","guid":{"rendered":"https:\/\/www.parkingmycar.it\/blog\/?p=9122"},"modified":"2026-02-27T15:20:41","modified_gmt":"2026-02-27T14:20:41","slug":"tour-ligabue-2026","status":"publish","type":"post","link":"https:\/\/www.parkingmycar.it\/blog\/tour-ligabue-2026\/","title":{"rendered":"Tour concerti Ligabue 2026: info e parcheggi\u00a0"},"content":{"rendered":"\n<div class=\"wp-block-rank-math-toc-block\" id=\"rank-math-toc\"><p><strong>In questo articolo:<\/strong><\/p><nav><ul><li class=\"\"><a href=\"#date-tour-ligabue-2026\">Date Tour Ligabue 2026<\/a><ul><li class=\"\"><a href=\"#date-concerti-ligabue-in-italia\">Date concerti Ligabue in Italia<\/a><\/li><li class=\"\"><a href=\"#concerto-ligabue-all-olimpico\">Concerto Ligabue all&#8217;Olimpico<\/a><\/li><li class=\"\"><a href=\"#concerto-ligabue-a-san-siro\">Concerto Ligabue all&#8217;Allianz Stadium<\/a><\/li><li class=\"\"><a href=\"#concerto-ligabue-a-san-siro-1\">Concerto Ligabue a San Siro<\/a><\/li><li class=\"\"><a href=\"#tour-del-liga-in-europa\">Tour del Liga in Europa<\/a><ul><\/ul><\/li><\/ul><\/li><\/ul><\/nav><\/div>\n\n\n\n<div style=\"height:50px\" aria-hidden=\"true\" class=\"wp-block-spacer\"><\/div>\n\n\n\n<p><em>Certe notti la macchina \u00e8 calda e<\/em>\u2026 ti porta a un concerto del Liga. A circa un anno di distanza dal maxi-evento di Campovolo, il rocker di Correggio inizia un altro <strong>incredibile giro di concerti<\/strong>.<\/p>\n\n\n\n<div style=\"height:30px\" aria-hidden=\"true\" class=\"wp-block-spacer\"><\/div>\n\n\n\n<h2 class=\"wp-block-heading\" id=\"date-tour-ligabue-2026\"><strong>Date Tour Ligabue 2026<\/strong><\/h2>\n\n\n\n<p>Le date del 2026 proseguono il viaggio iniziato nel 2025 per festeggiare i 30 anni di \u201cBuon Compleanno Elvis\u201d e i 20 anni dal primo Campovolo. Un tour, il prossimo, che toccher\u00e0 palchi internazionali e arriver\u00e0 fino all&#8217;Olimpico e a San Siro. Scopriamo insieme maggiori dettagli.<\/p>\n\n\n\n<div style=\"height:30px\" aria-hidden=\"true\" class=\"wp-block-spacer\"><\/div>\n\n\n\n<h3 class=\"wp-block-heading\" id=\"date-concerti-ligabue-in-italia\"><strong>Date concerti Ligabue in Italia<\/strong><\/h3>\n\n\n\n<ul class=\"wp-block-list\">\n<li>6 maggio \u2013 Milano \u2013 <em>Arena<\/em>&nbsp;(<em>LA PRIMA NOTTE &#8211; Music Opening Ceremony<\/em>)<\/li>\n\n\n\n<li>5 giugno \u2013 Bibione \u2013 <em>Stadio Comunale <\/em>&nbsp;<\/li>\n\n\n\n<li>12 giugno \u2013 Roma \u2013 <em>Stadio Olimpico<\/em>&nbsp;<\/li>\n\n\n\n<li>17 giugno \u2013 Torino \u2013 <em>Allianz Stadium<\/em>&nbsp;<\/li>\n\n\n\n<li>20 giugno \u2013 Milano \u2013 <em>San Siro<\/em>&nbsp;<\/li>\n\n\n\n<li>22 settembre &#8211; Verona &#8211; Arena<\/li>\n\n\n\n<li>25 settembre &#8211; Padova &#8211; Kioene Arena<\/li>\n\n\n\n<li>27 settembre &#8211; Bergamo &#8211; ChorusLife Arena<\/li>\n\n\n\n<li>29 settembre &#8211; Genova &#8211; Palateknoship<\/li>\n\n\n\n<li>1 ottobre &#8211; Livorno &#8211; Modigliani Forum<\/li>\n\n\n\n<li>3 ottobre &#8211; Pesaro &#8211; Vitrifrigo Arena<\/li>\n\n\n\n<li>6 ottobre &#8211; Firenze &#8211; Mandela Forum<\/li>\n\n\n\n<li>8 ottobre &#8211; Mantova &#8211; PalaUnical<\/li>\n\n\n\n<li>10 ottobre &#8211; Casalecchio di Reno &#8211; Unipol Arena<\/li>\n\n\n\n<li>14 ottobre &#8211; Messina &#8211; Pala Riscifina<\/li>\n\n\n\n<li>16 ottobre &#8211; Eboli &#8211; Palasele<\/li>\n\n\n\n<li>18 ottobre &#8211; Bari &#8211; Palaflorio<\/li>\n\n\n\n<li>20 ottobre &#8211; Ancona &#8211; PalaPrometeo<\/li>\n\n\n\n<li>24 ottobre &#8211; Milano &#8211; Unipol Dome<br><\/li>\n<\/ul>\n\n\n\n<div style=\"height:30px\" aria-hidden=\"true\" class=\"wp-block-spacer\"><\/div>\n\n\n\n<h3 class=\"wp-block-heading\" id=\"concerto-ligabue-all-olimpico\"><strong>Concerto Ligabue all&#8217;Olimpico<\/strong><\/h3>\n\n\n\n<div class=\"wp-block-group\"><div class=\"wp-block-group__inner-container is-layout-constrained wp-block-group-is-layout-constrained\">\n<div class=\"wp-block-columns is-layout-flex wp-container-core-columns-is-layout-9d6595d7 wp-block-columns-is-layout-flex\">\n<div class=\"wp-block-column is-vertically-aligned-center is-layout-flow wp-block-column-is-layout-flow\">\n<figure class=\"wp-block-image size-full\"><img decoding=\"async\" width=\"600\" height=\"338\" src=\"https:\/\/www.parkingmycar.it\/blog\/wp-content\/uploads\/2026\/02\/PMC-Immagini-Blog-Concerto-Ligabue-Olimpico-Roma.jpg\" alt=\"\" class=\"wp-image-12804\" srcset=\"https:\/\/www.parkingmycar.it\/blog\/wp-content\/uploads\/2026\/02\/PMC-Immagini-Blog-Concerto-Ligabue-Olimpico-Roma.jpg 600w, https:\/\/www.parkingmycar.it\/blog\/wp-content\/uploads\/2026\/02\/PMC-Immagini-Blog-Concerto-Ligabue-Olimpico-Roma-300x169.jpg 300w\" sizes=\"(max-width: 600px) 100vw, 600px\" \/><\/figure>\n<\/div>\n\n\n\n<div class=\"wp-block-column is-vertically-aligned-center is-layout-flow wp-block-column-is-layout-flow\">\n<p>Attesissima data del tour <strong>&#8220;Certe Notti 2026&#8221;<\/strong>, il concerto del Liga allo Stadio Olimpico di Roma si annuncia come una data imperdibile per tutti i fan romani (e non solo) del rocker di Correggio.<\/p>\n\n\n\n<p><strong>Data<\/strong>: Venerd\u00ec 12 giugno 2026 &nbsp;<\/p>\n\n\n\n<p><strong>Biglietti<\/strong>: <a href=\"https:\/\/www.ticketone.it\/artist\/ligabue\/ligabue-certe-notti-2026-3969584\/\" data-type=\"link\" data-id=\"https:\/\/www.ticketone.it\/event\/ligabue-certe-notti-a-roma-2026-stadio-olimpico-20616554\/\" target=\"_blank\" rel=\"noreferrer noopener\">Ticketone<\/a> \u2013 la prevendita dei biglietti per <strong>&#8220;Certe Notti a Roma&#8221;<\/strong> inizia alle <strong>ore 14:00 di mercoled\u00ec 10 settembre<\/strong> <strong>2025<\/strong>.<\/p>\n<\/div>\n<\/div>\n\n\n\n<p><strong>Come arrivare<\/strong>: Lo Stadio Olimpico \u00e8 ben servito dai mezzi pubblici, ma se preferisci la comodit\u00e0 di arrivare in auto, c&#8217;\u00e8 una cosa da fare subito: prenotare il tuo posto auto in un  <strong><a href=\"\/parcheggio-stadio-olimpico-roma\" data-type=\"link\" data-id=\"https:\/\/www.parkingmycar.it\/parcheggio-stadio-olimpico-roma\" target=\"_blank\" rel=\"noreferrer noopener\">garage vicino allo stadio Olimpico<\/a><\/strong>. Durante i grandi eventi, Roma pu\u00f2 diventare estremamente caotica e i parcheggi nelle vicinanze si esauriscono rapidamente, anche con settimane o mesi di anticipo. Sei in tempo per assicurarti sia il biglietto che il miglior parcheggio per il concerto di Liga all&#8217;Olimpico!<\/p>\n<\/div><\/div>\n\n\n\n<div style=\"height:30px\" aria-hidden=\"true\" class=\"wp-block-spacer\"><\/div>\n\n\n\n<h3 class=\"wp-block-heading\" id=\"concerto-ligabue-a-san-siro\"><strong>Concerto Ligabue all&#8217;Allianz Stadium<\/strong><\/h3>\n\n\n\n<div class=\"wp-block-group\"><div class=\"wp-block-group__inner-container is-layout-constrained wp-block-group-is-layout-constrained\">\n<p>Il <strong>Tour Ligabue 2026 &#8220;Certe Notti&#8221;<\/strong> fa tappa anche a <strong>Torino<\/strong>. A quasi 3 anni di distanza dall&#8217;ultimo concerto nel capoluogo piemontese, il Liga torna a scuotere il pubblico torinese con il suo rock sanguigno. Un live da non perdere, in cui il cantautore emiliano ripercorrer\u00e0 tutti i grandi successi della sua incredibile carriera.<\/p>\n\n\n\n<p><strong>Data<\/strong>: Mercoled\u00ec 17 giugno 2026 &nbsp;<\/p>\n\n\n\n<p><strong>Biglietti<\/strong>: <a href=\"https:\/\/www.ticketone.it\/event\/ligabue-certe-notti-2026-allianz-stadium-20691186\/\" target=\"_blank\" rel=\"noreferrer noopener\">Ticketone<\/a><\/p>\n\n\n\n<p><strong>Come arrivare<\/strong>: L&#8217;Allianz Stadium \u00e8 raggiungibile dal centro citt\u00e0 con mezzi pubblici, taxi o auto.<\/p>\n<\/div><\/div>\n\n\n\n<div style=\"height:50px\" aria-hidden=\"true\" class=\"wp-block-spacer\"><\/div>\n\n\n\n<div class=\"wp-block-media-text is-stacked-on-mobile\" style=\"grid-template-columns:40% auto\"><figure class=\"wp-block-media-text__media\"><img decoding=\"async\" width=\"650\" height=\"400\" src=\"https:\/\/www.parkingmycar.it\/blog\/wp-content\/uploads\/2024\/06\/PMC-Banner-App-Install-Blog-1.jpg\" alt=\"Qr code app ParkingMyCar\" class=\"wp-image-6901 size-full\" srcset=\"https:\/\/www.parkingmycar.it\/blog\/wp-content\/uploads\/2024\/06\/PMC-Banner-App-Install-Blog-1.jpg 650w, https:\/\/www.parkingmycar.it\/blog\/wp-content\/uploads\/2024\/06\/PMC-Banner-App-Install-Blog-1-300x185.jpg 300w\" sizes=\"(max-width: 650px) 100vw, 650px\" \/><\/figure><div class=\"wp-block-media-text__content\">\n<div style=\"height:30px\" aria-hidden=\"true\" class=\"wp-block-spacer\"><\/div>\n\n\n\n<p class=\"has-text-align-left\"><strong>Il giorno del concerto, pensa solo al concerto, non al parcheggio.<\/strong><\/p>\n\n\n\n<p class=\"has-text-align-left\" style=\"font-size:26px\"><strong><a href=\"\/app\" target=\"_blank\" rel=\"noreferrer noopener\">Scarica l&#8217;app di ParkingMyCar!<\/a><\/strong><\/p>\n\n\n\n<div class=\"wp-block-columns is-not-stacked-on-mobile is-layout-flex wp-container-core-columns-is-layout-9d6595d7 wp-block-columns-is-layout-flex\">\n<div class=\"wp-block-column is-layout-flow wp-block-column-is-layout-flow\" style=\"flex-basis:150px\"><div class=\"wp-block-image\">\n<figure class=\"aligncenter size-full is-resized\"><a href=\"https:\/\/apps.apple.com\/app\/apple-store\/id1613368206?pt=123732674&amp;ct=IT-IT_PMC_C_APP_iOS_Blog-bann&amp;mt=8\" target=\"_blank\" rel=\" noreferrer noopener\"><img decoding=\"async\" width=\"180\" height=\"53\" src=\"https:\/\/www.parkingmycar.it\/blog\/wp-content\/uploads\/2024\/04\/downloadapp_appstore.png\" alt=\"banner ios app store\" class=\"wp-image-1641\" style=\"width:150px\"\/><\/a><\/figure>\n<\/div><\/div>\n\n\n\n<div class=\"wp-block-column is-layout-flow wp-block-column-is-layout-flow\" style=\"flex-basis:150px\"><div class=\"wp-block-image\">\n<figure class=\"aligncenter size-full is-resized\"><a href=\"https:\/\/play.google.com\/store\/apps\/details?id=it.parkingmycar.parkingmyapp&amp;referrer=utm_source%3Dpmc%26utm_medium%3Dblog%26utm_content%3Dbanner%26utm_campaign%3DIT-IT_PMC_C_APP_Android_Blog-bann\" target=\"_blank\" rel=\" noreferrer noopener\"><img decoding=\"async\" width=\"180\" height=\"53\" src=\"https:\/\/www.parkingmycar.it\/blog\/wp-content\/uploads\/2024\/04\/downloadapp_playstore.png\" alt=\"banner google play store\" class=\"wp-image-1643\" style=\"width:150px\"\/><\/a><\/figure>\n<\/div><\/div>\n<\/div>\n<\/div><\/div>\n\n\n\n<div style=\"height:70px\" aria-hidden=\"true\" class=\"wp-block-spacer\"><\/div>\n\n\n\n<h3 class=\"wp-block-heading\" id=\"concerto-ligabue-a-san-siro-1\"><strong>Concerto Ligabue a San Siro<\/strong><\/h3>\n\n\n\n<div class=\"wp-block-group\"><div class=\"wp-block-group__inner-container is-layout-constrained wp-block-group-is-layout-constrained\">\n<p>Ligabue torna a emozionare il suo pubblico nel tempio musicale pi\u00f9 iconico d\u2019Italia: lo stadio San Siro. <strong>\u201cCerte Notti a Milano\u201d<\/strong> \u00e8 il live imperdibile che trasforma musica, rock e i pi\u00f9 famosi brani del Liga in un\u2019irresistibile scarica di energia.&nbsp;<\/p>\n\n\n\n<p><strong>Data<\/strong>: Sabato 20 giugno 2026 &nbsp;<\/p>\n\n\n\n<p><strong>Biglietti<\/strong>: <a href=\"https:\/\/www.ticketone.it\/artist\/ligabue\/ligabue-certe-notti-2026-3969584\/\" target=\"_blank\" rel=\"noreferrer noopener\">Ticketone<\/a> \u2013 <em>quasi SOLD OUT!<\/em>&nbsp;<\/p>\n\n\n\n<p><strong>Come arrivare<\/strong>: Puoi raggiungere lo stadio San Siro, con mezzi pubblici, taxi o auto. Se scegli di guidare, ti consigliamo di prenotare un <a href=\"\/parcheggio-milano-centro\" data-type=\"link\" data-id=\"https:\/\/www.parkingmycar.it\/parcheggio-san-siro-milano\" target=\"_blank\" rel=\"noreferrer noopener\"><strong>parcheggio a Milano<\/strong><\/a> in anticipo per evitare lo stress il giorno del concerto.&nbsp;<\/p>\n<\/div><\/div>\n\n\n\n<div style=\"height:70px\" aria-hidden=\"true\" class=\"wp-block-spacer\"><\/div>\n\n\n\n<h3 class=\"wp-block-heading\" id=\"tour-del-liga-in-europa\"><strong>Tour del Liga in Europa<\/strong><\/h3>\n\n\n\n<p>Non \u00e8 la prima volta che Luciano Ligabue porta la sua musica all\u2019estero. Il tour internazionale 2026 <strong>\u201cCerte Notti in Europa\u201d<\/strong> toccher\u00e0 diverse citt\u00e0 europee: un\u2019occasione speciale per i fan che vivono fuori dall\u2019Italia ma anche per i fedelissimi che non vedono l\u2019ora di rivederlo dal vivo sul palco di una nuova e suggestiva location.&nbsp;<\/p>\n\n\n\n<div style=\"height:30px\" aria-hidden=\"true\" class=\"wp-block-spacer\"><\/div>\n\n\n\n<h4 class=\"wp-block-heading\" id=\"date-concerti-ligabue-2026-allestero\"><strong>Date concerti Ligabue 2026 all&#8217;estero<\/strong><\/h4>\n\n\n\n<ul class=\"wp-block-list\">\n<li>1\u00b0 maggio \u2013 Barcellona \u2013 <em>Razzmatazz<\/em>&nbsp;<\/li>\n\n\n\n<li>2 maggio \u2013 Madrid \u2013 <em>Sala La Riviera <\/em>&nbsp;<\/li>\n\n\n\n<li>8 maggio \u2013 Parigi \u2013 <em>Olympia<\/em>&nbsp;<\/li>\n\n\n\n<li>9 maggio \u2013 Londra \u2013 <em>02 Shepherd\u2019s Bush Empire<\/em>&nbsp;<\/li>\n\n\n\n<li>11 maggio \u2013 Utrecht \u2013 <em>TivoliVredenburg Ronda<\/em>&nbsp;<\/li>\n\n\n\n<li>12 maggio \u2013 Bruxelles \u2013<em> Cirque Royal<\/em>&nbsp;<\/li>\n\n\n\n<li>14 maggio \u2013 Lussemburgo&nbsp;\u2013&nbsp;<em>Rockhall<\/em>&nbsp;<\/li>\n\n\n\n<li>16 maggio \u2013 Zurigo \u2013 <em>The Hall<\/em>&nbsp;<\/li>\n<\/ul>\n\n\n\n<p><strong>Biglietti<\/strong>: Ticketone, Ticketmaster, Ticketmatic, Ticketcorner&nbsp;<\/p>\n\n\n\n<p><strong>Come arrivare<\/strong>: se parteciperai a un concerto all\u2019estero, la soluzione pi\u00f9 comoda \u00e8 volare verso la location dell\u2019evento. Puoi prenotare un <strong>parcheggio vicino al terminal<\/strong>, in modo da viaggiare senza pensieri e senza spendere follie per la sosta. &nbsp;<\/p>\n\n\n\n<div style=\"height:50px\" aria-hidden=\"true\" class=\"wp-block-spacer\"><\/div>\n\n\n\n<div class=\"wp-block-media-text is-stacked-on-mobile\"><figure class=\"wp-block-media-text__media\"><img decoding=\"async\" width=\"600\" height=\"400\" src=\"https:\/\/www.parkingmycar.it\/blog\/wp-content\/uploads\/2025\/08\/concerti-milano.jpg\" alt=\"Concerti Milano\" class=\"wp-image-8737 size-full\" srcset=\"https:\/\/www.parkingmycar.it\/blog\/wp-content\/uploads\/2025\/08\/concerti-milano.jpg 600w, https:\/\/www.parkingmycar.it\/blog\/wp-content\/uploads\/2025\/08\/concerti-milano-300x200.jpg 300w\" sizes=\"(max-width: 600px) 100vw, 600px\" \/><\/figure><div class=\"wp-block-media-text__content\">\n<p style=\"font-size:25px\"><strong><a href=\"\/aeroporti\" target=\"_blank\" data-type=\"link\" data-id=\"https:\/\/www.parkingmycar.it\/aeroporti\" rel=\"noreferrer noopener\">Parcheggia vicino all&#8217;aeroporto<\/a> con ParkingMyCar<\/strong><\/p>\n\n\n\n<p>Cos\u00ec parti senza pensieri per il prossimo concerto.<\/p>\n\n\n\n<a class=\"gb-button gb-button-5a682735\" href=\"\/aeroporti\" target=\"_blank\" rel=\"noopener noreferrer\"><span class=\"gb-icon\"><svg xmlns=\"http:\/\/www.w3.org\/2000\/svg\" viewBox=\"0 0 256 512\" width=\"1em\" height=\"1em\" aria-hidden=\"true\"><path d=\"M224.3 273l-136 136c-9.4 9.4-24.6 9.4-33.9 0l-22.6-22.6c-9.4-9.4-9.4-24.6 0-33.9l96.4-96.4-96.4-96.4c-9.4-9.4-9.4-24.6 0-33.9L54.3 103c9.4-9.4 24.6-9.4 33.9 0l136 136c9.5 9.4 9.5 24.6.1 34z\" fill=\"currentColor\"><\/path><\/svg><\/span><span class=\"gb-button-text\"><strong>TROVA PARCHEGGIO ALL&#8217;AEROPORTO<\/strong><\/span><\/a>\n<\/div><\/div>\n\n\n\n<div style=\"height:70px\" aria-hidden=\"true\" class=\"wp-block-spacer\"><\/div>\n\n\n\n<h2 class=\"wp-block-heading\" id=\"si-viene-e-si-va-al-prossimo-concerto-del-liga\"><strong><em>Si viene e si va<\/em>&#8230; al prossimo concerto del Liga<\/strong><\/h2>\n\n\n\n<p>Qualsiasi sia la data del tour o la serie di eventi ai quali parteciperai, organizza la tua esperienza tenendo d\u2019occhio i canali ufficiali, dalla <a href=\"https:\/\/www.facebook.com\/ligabueofficial\/?locale=it_IT\" target=\"_blank\" rel=\"noreferrer noopener\">pagina Facebook di Ligabue<\/a> al sito del <strong>BarMario<\/strong>, il fanclub ufficiale del rocker di Correggio.&nbsp;<\/p>\n\n\n\n<p>E ricorda, <strong>prenotare il parcheggio<\/strong> <strong>in<\/strong> <strong>anticipo<\/strong> con <strong>ParkingMyCar<\/strong> ti permetter\u00e0 di vivere la tua esperienza musicale al massimo, senza pensieri. Se riservi il tuo posto auto in anticipo potrai usufruire di tariffe convenienti e avere sempre inclusa nella prenotazione la cancellazione gratuita con rimborso fino a 24 ore prima dell\u2019ingresso in parcheggio. Cosa aspetti? <strong>Scarica l&#8217;app<\/strong> (<strong><a href=\"https:\/\/apps.apple.com\/app\/apple-store\/id1613368206?pt=123732674&amp;ct=IT-IT_PMC_C_APP_iOS_Blog-post&amp;mt=8\" data-type=\"link\" data-id=\"https:\/\/apps.apple.com\/app\/apple-store\/id1613368206?pt=123732674&amp;ct=IT-IT_PMC_C_APP_iOS_Blog-post&amp;mt=8\" target=\"_blank\" rel=\"noopener\">iOS<\/a><\/strong>, <a href=\"https:\/\/play.google.com\/store\/apps\/details?id=it.parkingmycar.parkingmyapp&amp;referrer=utm_source%3Dpmc%26utm_medium%3Dblog%26utm_content%3Dpost%26utm_campaign%3DIT-IT_PMC_C_APP_Android_Blog-post\" data-type=\"link\" data-id=\"https:\/\/play.google.com\/store\/apps\/details?id=it.parkingmycar.parkingmyapp&amp;referrer=utm_source%3Dpmc%26utm_medium%3Dblog%26utm_content%3Dpost%26utm_campaign%3DIT-IT_PMC_C_APP_Android_Blog-post\" target=\"_blank\" rel=\"noopener\"><strong>Android<\/strong><\/a>).<\/p>\n\n\n\n<p>Ti potrebbe interessare anche: <a href=\"https:\/\/www.parkingmycar.it\/blog\/calendario-concerti-italia\/\" target=\"_blank\" rel=\"noreferrer noopener\"><strong>Calendario concerti Italia 2026<\/strong><\/a><\/p>\n\n\n\n<div style=\"height:50px\" aria-hidden=\"true\" class=\"wp-block-spacer\"><\/div>\n","protected":false},"excerpt":{"rendered":"<p>Ligabue ti aspetta per un altro incredibile giro di concerti: da Barcellona a Madrid, fino all&#8217;Olimpico e a San Siro. A quale parteciperai? Prenota il tuo parcheggio.<\/p>\n","protected":false},"author":4,"featured_media":8071,"comment_status":"closed","ping_status":"closed","sticky":false,"template":"","format":"standard","meta":{"footnotes":""},"categories":[6],"tags":[28,41,60,25],"class_list":["post-9122","post","type-post","status-publish","format-standard","has-post-thumbnail","hentry","category-eventi-esperienze","tag-milano","tag-musica-live","tag-parcheggi-citta","tag-roma","infinite-scroll-item","generate-columns","tablet-grid-50","mobile-grid-100","grid-parent","grid-50"],"_links":{"self":[{"href":"https:\/\/www.parkingmycar.it\/blog\/wp-json\/wp\/v2\/posts\/9122","targetHints":{"allow":["GET"]}}],"collection":[{"href":"https:\/\/www.parkingmycar.it\/blog\/wp-json\/wp\/v2\/posts"}],"about":[{"href":"https:\/\/www.parkingmycar.it\/blog\/wp-json\/wp\/v2\/types\/post"}],"author":[{"embeddable":true,"href":"https:\/\/www.parkingmycar.it\/blog\/wp-json\/wp\/v2\/users\/4"}],"replies":[{"embeddable":true,"href":"https:\/\/www.parkingmycar.it\/blog\/wp-json\/wp\/v2\/comments?post=9122"}],"version-history":[{"count":26,"href":"https:\/\/www.parkingmycar.it\/blog\/wp-json\/wp\/v2\/posts\/9122\/revisions"}],"predecessor-version":[{"id":12806,"href":"https:\/\/www.parkingmycar.it\/blog\/wp-json\/wp\/v2\/posts\/9122\/revisions\/12806"}],"wp:featuredmedia":[{"embeddable":true,"href":"https:\/\/www.parkingmycar.it\/blog\/wp-json\/wp\/v2\/media\/8071"}],"wp:attachment":[{"href":"https:\/\/www.parkingmycar.it\/blog\/wp-json\/wp\/v2\/media?parent=9122"}],"wp:term":[{"taxonomy":"category","embeddable":true,"href":"https:\/\/www.parkingmycar.it\/blog\/wp-json\/wp\/v2\/categories?post=9122"},{"taxonomy":"post_tag","embeddable":true,"href":"https:\/\/www.parkingmycar.it\/blog\/wp-json\/wp\/v2\/tags?post=9122"}],"curies":[{"name":"wp","href":"https:\/\/api.w.org\/{rel}","templated":true}]}}